{"id":28312,"date":"2012-10-11T00:00:00","date_gmt":"2012-10-11T03:00:00","guid":{"rendered":"https:\/\/www.cnbb.org.br\/padre-conciliar-dom-jaime-luiz-coelho-fala-dos-50-anos-do-vaticano-ii-2\/"},"modified":"2012-10-11T00:00:00","modified_gmt":"2012-10-11T03:00:00","slug":"padre-conciliar-dom-jaime-luiz-coelho-fala-dos-50-anos-do-vaticano-ii-2","status":"publish","type":"post","link":"https:\/\/www.cnbb.org.br\/padre-conciliar-dom-jaime-luiz-coelho-fala-dos-50-anos-do-vaticano-ii-2\/","title":{"rendered":"Padre Conciliar, dom Jaime Luiz Coelho fala dos 50 anos do Vaticano II"},"content":{"rendered":"<div style=\"text-align: justify\">Por meio de um trabalho realizado dentro do projeto de inicia\u00e7\u00e3o cient\u00edfica no curso de teologia da Pontif\u00edcia Universidade Cat\u00f3lica do Paran\u00e1 (PUC\/PR) sobre a participa\u00e7\u00e3o do Padre Conciliar Dom Jaime Luiz Coelho no Conc\u00edlio Vaticano II, o professor padre Rafael Solano e o seminarista Eduardo Batista entrevistaram o primeiro Arcebispo de Maring\u00e1 no dia 05 de outubro de 2012.<\/div>\n<div style=\"text-align: justify\"><\/div>\n<p><!--more--><\/p>\n<div style=\"text-align: justify\">\nDom Jaime \u00e9 um dos 70 Padres Conciliares que est\u00e3o vivos, segundo a Ag\u00eancia Zenit. Aos 96 anos, ele foi convidado pela Secretaria de Estado do Vaticano para participar em Roma da abertura das comemora\u00e7\u00f5es do cinquenten\u00e1rio do Conc\u00edlio Vaticano II &#8211; cuja solenidade principal ser\u00e1 realizada nesse nessa quinta-feira (11) no Vaticano &#8211; mas, por causa da dificuldade de locomo\u00e7\u00e3o, n\u00e3o pode comparecer.<\/p>\n<p>Na entrevista, Dom Jaime fala sobre detalhes da participa\u00e7\u00e3o dele no Conc\u00edlio, analisa as mudan\u00e7as que a Igreja passou ap\u00f3s o Vaticano II e tamb\u00e9m relata casos emblem\u00e1ticos como o fim do jornal de publica\u00e7\u00e3o voltada para os bispos brasileiros, o Concili\u00e1bulo. Ap\u00f3s uma interven\u00e7\u00e3o de Dom Jaime o jornal deixou de ser publicado. \u201cAcabei com o jornalzinho\u201d diz Dom Jaime. Ao comentar a entrevista com Dom Jaime, um dos entrevistadores, Padre Rafael disse que o encontro com o Padre Conciliar foi um momento de gra\u00e7a. \u201cMe senti na sala conciliar, me senti no Conc\u00edlio\u201d.<\/p>\n<p>Para assistir a entrevista, <a href=\"http:\/\/www.youtube.com\/watch?v=0qkWP34t2K4\" data-rel=\"lightbox-video-0\" target=\"_blank\" rel=\"noopener\">clique aqui<\/a>.<\/div>\n","protected":false},"excerpt":{"rendered":"<p>Por meio de um trabalho realizado dentro do projeto de inicia\u00e7\u00e3o cient\u00edfica no curso de teologia da Pontif\u00edcia Universidade Cat\u00f3lica do Paran\u00e1 (PUC\/PR) sobre a participa\u00e7\u00e3o do Padre Conciliar Dom Jaime Luiz Coelho no Conc\u00edlio Vaticano II, o professor padre Rafael Solano e o seminarista Eduardo Batista entrevistaram o primeiro Arcebispo de Maring\u00e1 no dia &hellip;<\/p>\n<p class=\"read-more\"> <a class=\"\" href=\"https:\/\/www.cnbb.org.br\/padre-conciliar-dom-jaime-luiz-coelho-fala-dos-50-anos-do-vaticano-ii-2\/\"> <span class=\"screen-reader-text\">Padre Conciliar, dom Jaime Luiz Coelho fala dos 50 anos do Vaticano II<\/span> Leia mais &raquo;<\/a><\/p>\n","protected":false},"author":83,"featured_media":27297,"comment_status":"open","ping_status":"open","sticky":false,"template":"","format":"standard","meta":{"site-sidebar-layout":"default","site-content-layout":"default","ast-global-header-display":"","ast-banner-title-visibility":"","ast-main-header-display":"","ast-hfb-above-header-display":"","ast-hfb-below-header-display":"","ast-hfb-mobile-header-display":"","site-post-title":"","ast-breadcrumbs-content":"","ast-featured-img":"","footer-sml-layout":"","theme-transparent-header-meta":"","adv-header-id-meta":"","stick-header-meta":"","header-above-stick-meta":"","header-main-stick-meta":"","header-below-stick-meta":""},"categories":[784],"tags":[],"acf":[],"_links":{"self":[{"href":"https:\/\/www.cnbb.org.br\/cnbb-app\/wp\/v2\/posts\/28312"}],"collection":[{"href":"https:\/\/www.cnbb.org.br\/cnbb-app\/wp\/v2\/posts"}],"about":[{"href":"https:\/\/www.cnbb.org.br\/cnbb-app\/wp\/v2\/types\/post"}],"author":[{"embeddable":true,"href":"https:\/\/www.cnbb.org.br\/cnbb-app\/wp\/v2\/users\/83"}],"replies":[{"embeddable":true,"href":"https:\/\/www.cnbb.org.br\/cnbb-app\/wp\/v2\/comments?post=28312"}],"version-history":[{"count":0,"href":"https:\/\/www.cnbb.org.br\/cnbb-app\/wp\/v2\/posts\/28312\/revisions"}],"wp:featuredmedia":[{"embeddable":true,"href":"https:\/\/www.cnbb.org.br\/cnbb-app\/wp\/v2\/media\/27297"}],"wp:attachment":[{"href":"https:\/\/www.cnbb.org.br\/cnbb-app\/wp\/v2\/media?parent=28312"}],"wp:term":[{"taxonomy":"category","embeddable":true,"href":"https:\/\/www.cnbb.org.br\/cnbb-app\/wp\/v2\/categories?post=28312"},{"taxonomy":"post_tag","embeddable":true,"href":"https:\/\/www.cnbb.org.br\/cnbb-app\/wp\/v2\/tags?post=28312"}],"curies":[{"name":"wp","href":"https:\/\/api.w.org\/{rel}","templated":true}]}}