{"id":28325,"date":"2012-10-27T00:00:00","date_gmt":"2012-10-27T02:00:00","guid":{"rendered":"https:\/\/www.cnbb.org.br\/papa-agradece-aos-padres-sinodais-2\/"},"modified":"2012-10-27T00:00:00","modified_gmt":"2012-10-27T02:00:00","slug":"papa-agradece-aos-padres-sinodais-2","status":"publish","type":"post","link":"https:\/\/www.cnbb.org.br\/papa-agradece-aos-padres-sinodais-2\/","title":{"rendered":"Papa agradece aos padres sinodais"},"content":{"rendered":"<p style=\"text-align: justify\"><span id=\"content2\" style=\"color: #282828;text-align: justify;font-size: 12px;line-height: 150%\">No  final da sess\u00e3o de trabalhos da manh\u00e3 dese s\u00e1bado, 27 de outubro,\u00a0 Bento XVI proferiu um  discurso aos Padres sinodais, anunciando que decidiu, depois de muito  refletir e orar, transferir a compet\u00eancia sobre os Semin\u00e1rios da  Congrega\u00e7\u00e3o para a Educa\u00e7\u00e3o Cat\u00f3lica para a Congrega\u00e7\u00e3o para o Clero, e a  compet\u00eancia sobre a Catequese da Congrega\u00e7\u00e3o para o Clero ao Pontif\u00edcio  Conselho para a Promo\u00e7\u00e3o da Nova Evangeliza\u00e7\u00e3o. <\/span><\/p>\n<p style=\"text-align: justify\"><span style=\"color: #282828;text-align: justify;font-size: 12px;line-height: 150%\"> <\/span><\/p>\n<p>  <!--more-->  <\/p>\n<p style=\"text-align: justify\"><span id=\"content2\" style=\"color: #282828;text-align: justify;font-size: 12px;line-height: 150%\"> <\/span><\/p>\n<p style=\"text-align: justify\"><span id=\"content2\" style=\"color: #282828;text-align: justify;font-size: 12px;line-height: 150%\">&#8220;Seguir\u00e3o os  documentos relativos em forma de Carta Apost\u00f3lica Motu Proprio para  definir os \u00e2mbitos e suas respectivas faculdades. Pe\u00e7amos ao Senhor para  que acompanhe os tr\u00eas dicast\u00e9rios da C\u00faria Romana nesta importante  miss\u00e3o, com a colabora\u00e7\u00e3o de toda a Igreja&#8221; \u2013 frisou o pont\u00edfice.<\/span><\/p>\n<p style=\"text-align: justify\"><span id=\"content2\" style=\"color: #282828;text-align: justify;font-size: 12px;line-height: 150%\"> <\/span><\/p>\n<p style=\"text-align: justify\"><span id=\"content2\" style=\"color: #282828;text-align: justify;font-size: 12px;line-height: 150%\">O  Papa saudou os futuros novos cardeais. &#8220;Quis com este pequeno  Consist\u00f3rio completar o Consist\u00f3rio de fevereiro, no contexto da Nova  Evangeliza\u00e7\u00e3o, com um gesto da universalidade da Igreja, mostrando que a  Igreja \u00e9 Igreja de todos os povos, fala em todas as l\u00ednguas, \u00e9 sempre  Igreja em Pentecostes; e n\u00e3o Igreja num continente, mas Igreja  universal. Quis expressar este contexto, esta universalidade da Igreja  que \u00e9 tamb\u00e9m a express\u00e3o bonita desse S\u00ednodo&#8221; \u2013 destacou o Santo Padre.<\/span><\/p>\n<p style=\"text-align: justify\"><span id=\"content2\" style=\"color: #282828;text-align: justify;font-size: 12px;line-height: 150%\"> <\/span><\/p>\n<p style=\"text-align: justify\"><span id=\"content2\" style=\"color: #282828;text-align: justify;font-size: 12px;line-height: 150%\">&#8220;Para  mim foi realmente edificante, reconfortante e animador ver aqui uma  express\u00e3o da Igreja universal, com seus sofrimentos, amea\u00e7as, perigos e  alegrias, experi\u00eancias da presen\u00e7a do Senhor, tamb\u00e9m nas situa\u00e7\u00f5es  dif\u00edceis&#8221; \u2013 disse ainda.<\/span><\/p>\n<p style=\"text-align: justify\"><span id=\"content2\" style=\"color: #282828;text-align: justify;font-size: 12px;line-height: 150%\"> <\/span><\/p>\n<p style=\"text-align: justify\"><span id=\"content2\" style=\"color: #282828;text-align: justify;font-size: 12px;line-height: 150%\">&#8220;A Igreja sente os ventos contr\u00e1rios,  mas sente, sobretudo, o vento do Esp\u00edrito Santo que nos ajuda, nos  mostra o caminho certo, e assim, com renovado entusiasmo, caminhamos e  agradecemos a Deus por nos dar este encontro realmente cat\u00f3lico&#8221; \u2013  frisou Bento XVI.<\/span><\/p>\n<p style=\"text-align: justify\"><span id=\"content2\" style=\"color: #282828;text-align: justify;font-size: 12px;line-height: 150%\"> <\/span><\/p>\n<p style=\"text-align: justify\"><span id=\"content2\" style=\"color: #282828;text-align: justify;font-size: 12px;line-height: 150%\">O Santo Padre agradeceu aos Padres sinodais e a  todos aqueles que trabalharam na realiza\u00e7\u00e3o do S\u00ednodo. &#8220;Agora, essas  proposi\u00e7\u00f5es s\u00e3o um testamento, um dom ofertado a mim em benef\u00edcio de  todos, que ser\u00e1 elaborado num documento vindo da vida  e que deve gerar  vida&#8221; \u2013 concluiu o Papa.<\/span><\/p>\n","protected":false},"excerpt":{"rendered":"<p>No final da sess\u00e3o de trabalhos da manh\u00e3 dese s\u00e1bado, 27 de outubro,\u00a0 Bento XVI proferiu um discurso aos Padres sinodais, anunciando que decidiu, depois de muito refletir e orar, transferir a compet\u00eancia sobre os Semin\u00e1rios da Congrega\u00e7\u00e3o para a Educa\u00e7\u00e3o Cat\u00f3lica para a Congrega\u00e7\u00e3o para o Clero, e a compet\u00eancia sobre a Catequese da &hellip;<\/p>\n<p class=\"read-more\"> <a class=\"\" href=\"https:\/\/www.cnbb.org.br\/papa-agradece-aos-padres-sinodais-2\/\"> <span class=\"screen-reader-text\">Papa agradece aos padres sinodais<\/span> Leia mais &raquo;<\/a><\/p>\n","protected":false},"author":83,"featured_media":2749,"comment_status":"open","ping_status":"open","sticky":false,"template":"","format":"standard","meta":{"site-sidebar-layout":"default","site-content-layout":"default","ast-global-header-display":"","ast-banner-title-visibility":"","ast-main-header-display":"","ast-hfb-above-header-display":"","ast-hfb-below-header-display":"","ast-hfb-mobile-header-display":"","site-post-title":"","ast-breadcrumbs-content":"","ast-featured-img":"","footer-sml-layout":"","theme-transparent-header-meta":"","adv-header-id-meta":"","stick-header-meta":"","header-above-stick-meta":"","header-main-stick-meta":"","header-below-stick-meta":""},"categories":[784],"tags":[],"acf":[],"_links":{"self":[{"href":"https:\/\/www.cnbb.org.br\/cnbb-app\/wp\/v2\/posts\/28325"}],"collection":[{"href":"https:\/\/www.cnbb.org.br\/cnbb-app\/wp\/v2\/posts"}],"about":[{"href":"https:\/\/www.cnbb.org.br\/cnbb-app\/wp\/v2\/types\/post"}],"author":[{"embeddable":true,"href":"https:\/\/www.cnbb.org.br\/cnbb-app\/wp\/v2\/users\/83"}],"replies":[{"embeddable":true,"href":"https:\/\/www.cnbb.org.br\/cnbb-app\/wp\/v2\/comments?post=28325"}],"version-history":[{"count":0,"href":"https:\/\/www.cnbb.org.br\/cnbb-app\/wp\/v2\/posts\/28325\/revisions"}],"wp:featuredmedia":[{"embeddable":true,"href":"https:\/\/www.cnbb.org.br\/cnbb-app\/wp\/v2\/media\/2749"}],"wp:attachment":[{"href":"https:\/\/www.cnbb.org.br\/cnbb-app\/wp\/v2\/media?parent=28325"}],"wp:term":[{"taxonomy":"category","embeddable":true,"href":"https:\/\/www.cnbb.org.br\/cnbb-app\/wp\/v2\/categories?post=28325"},{"taxonomy":"post_tag","embeddable":true,"href":"https:\/\/www.cnbb.org.br\/cnbb-app\/wp\/v2\/tags?post=28325"}],"curies":[{"name":"wp","href":"https:\/\/api.w.org\/{rel}","templated":true}]}}