{"id":28338,"date":"2012-12-07T00:00:00","date_gmt":"2012-12-07T02:00:00","guid":{"rendered":"https:\/\/www.cnbb.org.br\/papa-e-as-pregacoes-do-advento-evangelizar-um-mundo-pos-cristao-2\/"},"modified":"2012-12-07T00:00:00","modified_gmt":"2012-12-07T02:00:00","slug":"papa-e-as-pregacoes-do-advento-evangelizar-um-mundo-pos-cristao-2","status":"publish","type":"post","link":"https:\/\/www.cnbb.org.br\/papa-e-as-pregacoes-do-advento-evangelizar-um-mundo-pos-cristao-2\/","title":{"rendered":"Papa e as prega\u00e7\u00f5es do Advento: evangelizar um mundo p\u00f3s-crist\u00e3o"},"content":{"rendered":"<p style=\"text-align: justify\">O Papa Bento XVI participou esta manh\u00e3, na Capela Redemptoris Mater, no Vaticano, da primeira prega\u00e7\u00e3o do Advento, feita pelo Pregador da Casa Pontif\u00edcia, frei Raniero Cantalamessa.<\/p>\n<p>  <!--more-->  <\/p>\n<p style=\"text-align: justify\">O tema desta primeira prega\u00e7\u00e3o foi dedicada ao tema \u201cO Ano da F\u00e9 e o Catecismo da Igreja Cat\u00f3lica\u201d.<\/p>\n<p style=\"text-align: justify\">A nossa situa\u00e7\u00e3o, afirma o frei Cantalamessa, voltou a ser a mesma que no tempo dos ap\u00f3stolos. \u201cEles tinham diante de si um mundo pr\u00e9-crist\u00e3o para evangelizar; n\u00f3s temos diante de n\u00f3s, pelo menos at\u00e9 certo ponto e em alguns ambientes, um mundo p\u00f3s-crist\u00e3o para evangelizar. Devemos voltar para o m\u00e9todo dos ap\u00f3stolos, trazer \u00e0 luz &#8220;a espada do Esp\u00edrito&#8221;, que \u00e9 o an\u00fancio, em Esp\u00edrito e poder, de Cristo morto pelos nossos pecados e ressuscitado para a nossa justifica\u00e7\u00e3o.\u201d<\/p>\n<p style=\"text-align: justify\">O querigma, explicou ainda o Pregador da Casa Pontif\u00edcia, n\u00e3o \u00e9 apenas o an\u00fancio de alguns fatos ou verdades de f\u00e9 claramente definidas; \u00e9 tamb\u00e9m uma certa atmosfera espiritual. \u00c9 responsabilidade do anunciador, por meio da sua f\u00e9, permitir ao Esp\u00edrito Santo criar esta atmosfera.<\/p>\n<p style=\"text-align: justify\">\u00c9 a un\u00e7\u00e3o do Esp\u00edrito que faz passar dos enunciados de f\u00e9 \u00e0 sua realidade. A un\u00e7\u00e3o do Esp\u00edrito Santo produz tamb\u00e9m um efeito, por assim dizer, &#8220;colateral&#8221; no anunciador: faz que ele experimente a alegria de proclamar Jesus e o seu Evangelho. Transforma a evangeliza\u00e7\u00e3o de tarefa e dever, numa honra e num motivo de orgulho. A \u201cboa not\u00edcia\u201d, antes mesmo de quem a recebe, faz feliz quem a traz.<\/p>\n<p style=\"text-align: justify\">\u201cPe\u00e7amos a Nossa Senhora a gra\u00e7a de experimentar, neste ano, muitos momentos de un\u00e7\u00e3o da f\u00e9\u201d, conclui o frei Cantalamessa.<\/p>\n","protected":false},"excerpt":{"rendered":"<p>O Papa Bento XVI participou esta manh\u00e3, na Capela Redemptoris Mater, no Vaticano, da primeira prega\u00e7\u00e3o do Advento, feita pelo Pregador da Casa Pontif\u00edcia, frei Raniero Cantalamessa.<\/p>\n","protected":false},"author":83,"featured_media":27336,"comment_status":"open","ping_status":"open","sticky":false,"template":"","format":"standard","meta":{"site-sidebar-layout":"default","site-content-layout":"default","ast-global-header-display":"","ast-banner-title-visibility":"","ast-main-header-display":"","ast-hfb-above-header-display":"","ast-hfb-below-header-display":"","ast-hfb-mobile-header-display":"","site-post-title":"","ast-breadcrumbs-content":"","ast-featured-img":"","footer-sml-layout":"","theme-transparent-header-meta":"","adv-header-id-meta":"","stick-header-meta":"","header-above-stick-meta":"","header-main-stick-meta":"","header-below-stick-meta":""},"categories":[784],"tags":[],"acf":[],"_links":{"self":[{"href":"https:\/\/www.cnbb.org.br\/cnbb-app\/wp\/v2\/posts\/28338"}],"collection":[{"href":"https:\/\/www.cnbb.org.br\/cnbb-app\/wp\/v2\/posts"}],"about":[{"href":"https:\/\/www.cnbb.org.br\/cnbb-app\/wp\/v2\/types\/post"}],"author":[{"embeddable":true,"href":"https:\/\/www.cnbb.org.br\/cnbb-app\/wp\/v2\/users\/83"}],"replies":[{"embeddable":true,"href":"https:\/\/www.cnbb.org.br\/cnbb-app\/wp\/v2\/comments?post=28338"}],"version-history":[{"count":0,"href":"https:\/\/www.cnbb.org.br\/cnbb-app\/wp\/v2\/posts\/28338\/revisions"}],"wp:featuredmedia":[{"embeddable":true,"href":"https:\/\/www.cnbb.org.br\/cnbb-app\/wp\/v2\/media\/27336"}],"wp:attachment":[{"href":"https:\/\/www.cnbb.org.br\/cnbb-app\/wp\/v2\/media?parent=28338"}],"wp:term":[{"taxonomy":"category","embeddable":true,"href":"https:\/\/www.cnbb.org.br\/cnbb-app\/wp\/v2\/categories?post=28338"},{"taxonomy":"post_tag","embeddable":true,"href":"https:\/\/www.cnbb.org.br\/cnbb-app\/wp\/v2\/tags?post=28338"}],"curies":[{"name":"wp","href":"https:\/\/api.w.org\/{rel}","templated":true}]}}