{"id":28354,"date":"2013-01-21T00:00:00","date_gmt":"2013-01-21T02:00:00","guid":{"rendered":"https:\/\/www.cnbb.org.br\/jmj-rio2013-leva-mostra-oficial-do-vaticano-para-o-brasil-2\/"},"modified":"2013-01-21T00:00:00","modified_gmt":"2013-01-21T02:00:00","slug":"jmj-rio2013-leva-mostra-oficial-do-vaticano-para-o-brasil-2","status":"publish","type":"post","link":"https:\/\/www.cnbb.org.br\/jmj-rio2013-leva-mostra-oficial-do-vaticano-para-o-brasil-2\/","title":{"rendered":"JMJ Rio2013 leva mostra oficial do Vaticano para o Brasil"},"content":{"rendered":"<p style=\"text-align: justify\">Pela primeira vez, por ocasi\u00e3o da Jornada Mundial da Juventude, o Estado do Vaticano vai ao Brasil. Entre os dias 11 de junho e 15 de setembro de 2013, o Museu Nacional de Belas Artes\/Ibram\/MinC, no Rio de Janeiro, sedia mostra oficial do Vaticano, \u201cNas pegadas do Senhor &#8211; obras-primas dos museus italianos e do Vaticano\u201d.<\/p>\n<p><!--more--><\/p>\n<p style=\"text-align: justify\">O presidente do Ibram, Jose do Nascimento Junior, o Gerente de Atos Culturais da JMJ Rio2013, Gustavo Ribeiro e a Diretora do MNBA, Monica Xexeo se reuniram, nesta \u00faltima semana,com o professor Antonio Paolucci, Diretor dos Museus do Vaticano para confirmar e selar a realiza\u00e7\u00e3o da exposi\u00e7\u00e3o no Brasil. Participaram da reuni\u00e3o o professor Giovanni Morello, curador da mostra, o Doutor Marcello Bedeschi, presidente da Funda\u00e7\u00e3o Jo\u00e3o Paulo II e o Doutor Andrea Carignani, respons\u00e1vel pelas mostras dos Museus do Vaticano.<\/p>\n<p style=\"text-align: justify\">A JMJ espera reunir milh\u00f5es de jovens cat\u00f3licos de todo o mundo e a mostra \u00e9 uma oportunidade de sensibilizar os visitantes por meio das pinturas, esculturas, manuscritos e obras mestras que contam um pouco da historia da arte e da igreja.<\/p>\n<p style=\"text-align: justify\">Mais de 100 obras dos museus do Vaticano e de institui\u00e7\u00f5es de toda a It\u00e1lia comp\u00f5em a exposi\u00e7\u00e3o, entre elas \u201cIl Volto di Cristo\u201d, datada dos s\u00e9culos III a V, quadros de Leonardo Da Vinci, relic\u00e1rios e uma pe\u00e7a relacionada ao Papa Jo\u00e3o Paulo II.<\/p>\n<p style=\"text-align: justify\">A delega\u00e7\u00e3o brasileira, chefiada por Jos\u00e9 do Nascimento Jr., visitou os museus do Vaticano para conhecer alguns objetos que estar\u00e3o na mostra. A Pontif\u00edcia Sacristia Secreta, local reservado, utilizado pelo Papa para se preparar antes da primeira apari\u00e7\u00e3o publica ap\u00f3s a anuncia\u00e7\u00e3o foi um dos locais vistos. A sala possui um rico acervo hist\u00f3rico dos papados e algumas obras guardadas ai tamb\u00e9m compor\u00e3o a mostra.<\/p>\n","protected":false},"excerpt":{"rendered":"<p>Pela primeira vez, por ocasi\u00e3o da Jornada Mundial da Juventude, o Estado do Vaticano vai ao Brasil. Entre os dias 11 de junho e 15 de setembro de 2013, o Museu Nacional de Belas Artes\/Ibram\/MinC, no Rio de Janeiro, sedia mostra oficial do Vaticano, \u201cNas pegadas do Senhor &#8211; obras-primas dos museus italianos e do &hellip;<\/p>\n<p class=\"read-more\"> <a class=\"\" href=\"https:\/\/www.cnbb.org.br\/jmj-rio2013-leva-mostra-oficial-do-vaticano-para-o-brasil-2\/\"> <span class=\"screen-reader-text\">JMJ Rio2013 leva mostra oficial do Vaticano para o Brasil<\/span> Leia mais &raquo;<\/a><\/p>\n","protected":false},"author":83,"featured_media":27363,"comment_status":"open","ping_status":"open","sticky":false,"template":"","format":"standard","meta":{"site-sidebar-layout":"default","site-content-layout":"default","ast-global-header-display":"","ast-banner-title-visibility":"","ast-main-header-display":"","ast-hfb-above-header-display":"","ast-hfb-below-header-display":"","ast-hfb-mobile-header-display":"","site-post-title":"","ast-breadcrumbs-content":"","ast-featured-img":"","footer-sml-layout":"","theme-transparent-header-meta":"","adv-header-id-meta":"","stick-header-meta":"","header-above-stick-meta":"","header-main-stick-meta":"","header-below-stick-meta":""},"categories":[784],"tags":[],"acf":[],"_links":{"self":[{"href":"https:\/\/www.cnbb.org.br\/cnbb-app\/wp\/v2\/posts\/28354"}],"collection":[{"href":"https:\/\/www.cnbb.org.br\/cnbb-app\/wp\/v2\/posts"}],"about":[{"href":"https:\/\/www.cnbb.org.br\/cnbb-app\/wp\/v2\/types\/post"}],"author":[{"embeddable":true,"href":"https:\/\/www.cnbb.org.br\/cnbb-app\/wp\/v2\/users\/83"}],"replies":[{"embeddable":true,"href":"https:\/\/www.cnbb.org.br\/cnbb-app\/wp\/v2\/comments?post=28354"}],"version-history":[{"count":0,"href":"https:\/\/www.cnbb.org.br\/cnbb-app\/wp\/v2\/posts\/28354\/revisions"}],"wp:featuredmedia":[{"embeddable":true,"href":"https:\/\/www.cnbb.org.br\/cnbb-app\/wp\/v2\/media\/27363"}],"wp:attachment":[{"href":"https:\/\/www.cnbb.org.br\/cnbb-app\/wp\/v2\/media?parent=28354"}],"wp:term":[{"taxonomy":"category","embeddable":true,"href":"https:\/\/www.cnbb.org.br\/cnbb-app\/wp\/v2\/categories?post=28354"},{"taxonomy":"post_tag","embeddable":true,"href":"https:\/\/www.cnbb.org.br\/cnbb-app\/wp\/v2\/tags?post=28354"}],"curies":[{"name":"wp","href":"https:\/\/api.w.org\/{rel}","templated":true}]}}