{"id":283547,"date":"2021-06-03T11:22:16","date_gmt":"2021-06-03T14:22:16","guid":{"rendered":"https:\/\/www.cnbb.org.br\/?p=283547"},"modified":"2021-06-04T07:10:18","modified_gmt":"2021-06-04T10:10:18","slug":"letra-autor-hino-campanha-da-fraternidade-2022","status":"publish","type":"post","link":"https:\/\/www.cnbb.org.br\/letra-autor-hino-campanha-da-fraternidade-2022\/","title":{"rendered":"Conhe\u00e7a a letra e autor do hino da Campanha da Fraternidade 2022"},"content":{"rendered":"<p><strong><em>E quem fala com sabedoria<\/em><\/strong><br \/>\n<strong><em>\u00c9 Aquele que ensina com amor,<\/em><\/strong><br \/>\n<strong><em>Sua vida em total maestria<\/em><\/strong><br \/>\n<strong><em>\u00c9 pra n\u00f3s luz, caminho, vigor.<\/em><\/strong><\/p>\n<p>A Campanha da Fraternidade (CF) de 2022 vai tomando forma, rosto e poesia. Com o texto base em processo de finaliza\u00e7\u00e3o, o Conselho Episcopal Pastoral (Consep) da Confer\u00eancia Nacional dos Bispos do Brasil (CNBB) escolheu o <a href=\"https:\/\/www.cnbb.org.br\/cnbb-divulga-identidade-visual-da-campanha-da-fraternidade-de-2022\/\">cartaz<\/a> e a letra do refr\u00e3o acima como o hino da pr\u00f3xima edi\u00e7\u00e3o da CF, cujo tema \u00e9 <strong>\u201cFraternidade e Educa\u00e7\u00e3o\u201d\u00a0<\/strong>e o lema\u00a0<strong>\u201cFala com sabedoria, ensina com amor\u201d <\/strong>(Cf Pr 31,26).<\/p>\n<p>O cartaz j\u00e1 foi divulgado, na \u00faltima segunda-feira:<\/p>\n<div class=\"iframely-embed\">\n<div class=\"iframely-responsive\" style=\"padding-bottom: 52.7801%; padding-top: 120px;\"><a href=\"https:\/\/www.cnbb.org.br\/cnbb-divulga-identidade-visual-da-campanha-da-fraternidade-de-2022\/\" data-iframely-url=\"\/\/cdn.iframe.ly\/OdQf4C3?maxheight=750\"><\/a><\/div>\n<\/div>\n<p><script async src=\"\/\/cdn.iframe.ly\/embed.js\" charset=\"utf-8\"><\/script><\/p>\n<h6 class=\"elementor-heading-title elementor-size-default\"><\/h6>\n<h3>Conhe\u00e7a a letra do hino<\/h3>\n<p>De autoria de Eurivaldo Silva Ferreira, a letra do hino da Campanha da Fraternidade 2022 aborda a educa\u00e7\u00e3o na forma\u00e7\u00e3o integral da pessoa humana e destaca em seu refr\u00e3o a imagem de Cristo que<em> &#8220;fala com sabedoria e ensina com<\/em> amor&#8221;, cuja vida\u00a0<em>&#8220;<\/em><em>em total maestria \u00e9<\/em><em> pra n\u00f3s luz, caminho, vigor&#8221;.<\/em><\/p>\n<p>Confira a letra:<\/p>\n<p>&nbsp;<\/p>\n<blockquote>\n<h5>HINO DA CAMPANHA DA FRATERNIDADE \u2013 2022<br \/>\nTema: Fraternidade e Educa\u00e7\u00e3o<br \/>\nLema: \u201cFala com sabedoria, ensina com amor\u201d (cf Pr 31, 26)<\/h5>\n<p>Letra: Eurivaldo Silva Ferreira<\/p>\n<p>&nbsp;<\/p>\n<p>1.\u00a0\u00a0\u00c9 tarefa e miss\u00e3o da Igreja<br \/>\nBoa Nova no amor proclamar,<br \/>\nNo di\u00e1logo com a cultura<br \/>\nPara a vida florir, fecundar<br \/>\nO que em redes se vai construir<br \/>\nE a pessoa humana formar.<\/p>\n<p>Quando o anseio do conhecimento<br \/>\nUltrapassa barreiras, fronteiras,<br \/>\nSe destaca o ensinamento<br \/>\nOriundo da f\u00e9 verdadeira<br \/>\nQue nos faz nesta a\u00e7\u00e3o solid\u00e1rios<br \/>\nPara o bem, condi\u00e7\u00e3o que \u00e9 certeira.<\/p>\n<p><strong><em>Refr\u00e3o:\u00a0E quem fala com sabedoria<\/em><\/strong><br \/>\n<strong><em>\u00c9 Aquele que ensina com amor,<\/em><\/strong><br \/>\n<strong><em>Sua vida em total maestria<\/em><\/strong><br \/>\n<strong><em>\u00c9 pra n\u00f3s luz, caminho, vigor.<\/em><\/strong><\/p>\n<p>2.\u00a0Educar \u00e9 a atitude sublime<br \/>\nQue prepara a vida futura<br \/>\nCompreendendo o presente, pensamos:<br \/>\nEnsinar \u00e9 proposta segura<br \/>\nPara, enfim, destacar-se a atitude<br \/>\nDos que em Cristo s\u00e3o nova criatura.<\/p>\n<p>O conv\u00edvio em n\u00edveis fraternos<br \/>\nTraz em n\u00f3s o sentido discreto:<br \/>\nNa harmonia com os seres viventes<br \/>\nE no agir o equil\u00edbrio completo<br \/>\nConsigamos tamb\u00e9m aprender<br \/>\nE educar para o amor e o afeto.<\/p>\n<p>3.\u00a0O caminho nos quer convertidos:<br \/>\nMergulhar no mist\u00e9rio profundo<br \/>\nPara que em sua P\u00e1scoa busquemos<br \/>\nCompaix\u00e3o no cuidado com o mundo.<br \/>\nConformados em Cristo seremos<br \/>\nAprendizes do dom t\u00e3o fecundo.<\/p>\n<p>Quando a plena mudan\u00e7a atingir<br \/>\nRela\u00e7\u00f5es t\u00e3o humanas, libertas,<br \/>\nNovos rumos em redes seremos<br \/>\nGera\u00e7\u00f5es solid\u00e1rias e abertas<br \/>\nNa esperan\u00e7a de rostos surgirem<br \/>\nAssumindo miss\u00f5es t\u00e3o concretas.<\/p>\n<p>4. E na casa comum que sonhamos<br \/>\nOnde habitam cuidado e respeito<br \/>\nEducar \u00e9 o verbo preciso<br \/>\nA cumprir neste ch\u00e3o grandes feitos<br \/>\nPara o mundo poder imitar<br \/>\nQuem na vida \u00e9 o Mestre Perfeito.<\/p>\n<p>Pedagogicamente \u00e9 preciso<br \/>\nEscutar, meditar, compreender<br \/>\nPara que aprendamos com o Cristo<br \/>\nO caminho da cruz percorrer<br \/>\nE na escola da sua exist\u00eancia<br \/>\nO Evangelho seguir e viver<\/p><\/blockquote>\n<p>&nbsp;<\/p>\n<h3>Sobre o autor<\/h3>\n<figure id=\"attachment_285007\" aria-describedby=\"caption-attachment-285007\" style=\"width: 365px\" class=\"wp-caption alignleft\"><img decoding=\"async\" loading=\"lazy\" class=\"wp-image-285007\" src=\"https:\/\/www.cnbb.org.br\/wp-content\/uploads\/2021\/06\/Eurivaldo-Ferreira-1024x768.jpeg\" alt=\"\" width=\"365\" height=\"274\" \/><figcaption id=\"caption-attachment-285007\" class=\"wp-caption-text\"><em>Euri Ferreira | Foto: arquivo pessoal<\/em><\/figcaption><\/figure>\n<p>Eurivaldo Ferreira da Silva, &#8220;leigo que procura viver o esp\u00edrito de batizado na Igreja que lhe deu a f\u00e9&#8221;, \u00e9 graduado em Teologia pela PUC-SP, especialista em Liturgia pelo Instituto de Filosofia e Teologia de Goi\u00e2nia (Ifiteg) e mestre em Teologia, com concentra\u00e7\u00e3o em Liturgia pela PUC-SP. \u00c9 agente pastoral do canto e da m\u00fasica na arquidiocese de S\u00e3o Paulo (SP). \u00c9 membro da Rede Celebra de Anima\u00e7\u00e3o Lit\u00fargica; da Equipe de Reflex\u00e3o do Setor de M\u00fasica Lit\u00fargica da CNBB; do <em>Universa Laus<\/em>, grupo internacional de pesquisadores e especialistas em canto e m\u00fasica lit\u00fargica que se re\u00fanem anualmente desde 1966. Participou, desde 2006, dos Encontros de Compositores da CNBB promovido pelo Setor de M\u00fasica da CNBB (ocasi\u00e3o em que aprofundou a arte de compor canto e m\u00fasica lit\u00fargica). Foi assessor do Setor M\u00fasica Lit\u00fargica da CNBB, em 2016.<\/p>\n<p>O autor contou que acolheu &#8220;com grande alegria&#8221; a not\u00edcia de que seu &#8220;humilde texto po\u00e9tico foi escolhido para ser o Hino da CF 2022&#8221;. E ainda: &#8220;Agradeci a Deus por ter me dado for\u00e7as e inspira\u00e7\u00e3o para continuar servindo a Igreja em meio a tantas dificuldades que estamos passando, mas que se torna como oferta para um servi\u00e7o eclesial ainda maior&#8221;.<\/p>\n<p>&nbsp;<\/p>\n<p>Eurivaldo quis oferecer uma reflex\u00e3o aprofundada sobre o processo de cria\u00e7\u00e3o do hino e sobre os elementos do contexto quaresmal relacionados \u00e0 m\u00fasica da Campanha da Fraternidade:<\/p>\n<p>&nbsp;<\/p>\n<blockquote><p>Sou convicto da for\u00e7a de uma letra e de uma melodia numa campanha como \u00e9 a Campanha da Fraternidade, que, desde 1964 vem contribuindo para um projeto de Igreja no Brasil pelo qual se faz necess\u00e1rio uma boa reflex\u00e3o. De fato, os temas refletivos pelas CFs, a cada ano, contribuem para preencher lacunas que a sociedade ainda n\u00e3o conseguiu alcan\u00e7ar.<\/p>\n<p>Como em toda campanha, uma m\u00fasica nos motiva a vivermos seu sentido e a ampliarmos sua forma de alcance. \u00c9 um elemento de f\u00e1cil assimila\u00e7\u00e3o e que condensa, com linguagem po\u00e9tica, aqueles elementos que mais podem expressar seu objetivo.<\/p>\n<p>A m\u00fasica \u00e9 uma forma de arte. Dentre todas as artes, \u00e9 ela a que expressa com mais beleza os motivos e as raz\u00f5es da nossa f\u00e9 e enobrece a palavra, dando destaque \u00e0quilo que, por sua vez, a palavra sozinha n\u00e3o pudesse fazer.<\/p>\n<p>Quando falamos em m\u00fasica n\u00e3o podemos deixar de falar da poesia. Por isso importam v\u00e1rios elementos principais que podem soar como \u201ccombust\u00edveis\u201d da poesia: a palavra, o texto e a l\u00edngua, a inspira\u00e7\u00e3o, o ritmo, a voz falada e a voz cantada. Quando nos propomos a fazer uma poesia para um hino de uma campanha, pensamos na fun\u00e7\u00e3o que possui o texto para chamar a aten\u00e7\u00e3o para o que est\u00e1 sendo exposto. Na letra de um hino h\u00e1 uma for\u00e7a motivadora pr\u00f3pria, caraterizada pela express\u00e3o de seu texto po\u00e9tico e pela beleza de sua melodia (que em breve ser\u00e1 escolhida tamb\u00e9m por meio de um concurso).<\/p>\n<p>Para o Hino da CF n\u00e3o se trata de dizer que \u00e9 um hino lit\u00fargico, trata-se sobretudo de um texto pastoral, cujas realidades presentes em sua letra retratam e refletem<\/p>\n<p>aquela solidariedade que caracteriza os disc\u00edpulos de Cristo na sua rela\u00e7\u00e3o com toda a humanidade, pois, \u201cas alegrias e as esperan\u00e7as, as tristezas e as ang\u00fastias dos homens e mulheres de hoje, sobretudo dos pobres e de todos e todas que sofrem, s\u00e3o tamb\u00e9m as alegrias e as esperan\u00e7as, as tristezas e as ang\u00fastias dos disc\u00edpulos e das disc\u00edpulas de Cristo. N\u00e3o se encontra nada de verdadeiramente humano que n\u00e3o lhes ressoe no cora\u00e7\u00e3o. (&#8230;) Portanto a comunidade crist\u00e3 se sente verdadeiramente solid\u00e1ria com o g\u00eanero humano e com sua hist\u00f3ria\u201d<a href=\"#_ftn1\" name=\"_ftnref1\">[1]<\/a>.<\/p>\n<p>Tendo em vista essas considera\u00e7\u00f5es preliminares, elenco ent\u00e3o algumas possibilidades e reflex\u00f5es que encontrei como elementos motivadores e inspiradores para a constru\u00e7\u00e3o do texto po\u00e9tico do Hino da CF 2022. S\u00e3o formula\u00e7\u00f5es que eu mesmo constru\u00ed atrav\u00e9s de meus estudos po\u00e9ticos:<\/p>\n<p style=\"padding-left: 40px;\">a) deve ser um texto pedag\u00f3gico que tenha se inspirado ou no Manual da CF de cada ano ou no Edital do concurso do hino daquele ano, lan\u00e7ado pelo Setor de M\u00fasica da CNBB e pela Equipe da CF;<\/p>\n<p style=\"padding-left: 40px;\">b) deve ter um conte\u00fado pedag\u00f3gico-espiritual cuja viv\u00eancia quaresmal nos encaminhe segundo o qual o princ\u00edpio da caridade constitui elemento de um trip\u00e9 para seguirmos confiantes o caminho at\u00e9 a P\u00e1scoa;<\/p>\n<p style=\"padding-left: 40px;\">c) deve ter um argumento e um fundamento teol\u00f3gicos, pois a cada ano a Igreja se une ao mist\u00e9rio de Jesus no deserto durante quarenta dias, vivendo um tempo de penit\u00eancia e austeridade, de convers\u00e3o pessoal e social, especialmente pelo jejum, a caridade e a ora\u00e7\u00e3o;<\/p>\n<p style=\"padding-left: 40px;\">d) deve estar dentro de um contexto pedag\u00f3gico-social, j\u00e1 que estamos num tempo forte e privilegiado, em que, percorrendo o caminho da P\u00e1scoa (cume), a fim de renovarmos nossa f\u00e9 e nossos compromissos batismais, cultivamos com mais amplitude o amor a Deus e ao pr\u00f3ximo desdobrando-se numa atitude de solidariedade com e entre os irm\u00e3os e as irm\u00e3s (fonte). Podemos falar de uma m\u00edstica que conduz o caminho espiritual.<\/p>\n<p style=\"padding-left: 40px;\">e) deve partir do sentimento particular para o pedag\u00f3gico-universal, j\u00e1 que essa solidariedade n\u00e3o se restringe ao \u00e2mbito ou ao espa\u00e7o religioso, ao templo, por exemplo, mas atinge camadas mais universais (o pa\u00eds, a regi\u00e3o, a cidade, o munic\u00edpio, a comunidade, o bairro, a vila, a vizinhan\u00e7a etc.) como que em graus, a fim de que a P\u00e1scoa de Jesus possa atingir tamb\u00e9m essas realidades.<\/p>\n<p>A t\u00edtulo de exemplo, a reconcilia\u00e7\u00e3o \u00e9 um elemento pr\u00f3prio do tempo da Quaresma, mas que deve sempre ser antecedida de um anseio caritativo e de uma for\u00e7a comunit\u00e1ria, tamb\u00e9m eclesial, at\u00e9 atingir o universo, por isso, cada pessoa \u00e9 respons\u00e1vel em se juntar ao desejo da Igreja, em forma de uma campanha, para poder atingir, de maneira gradual as realidades que ela deseja e tem por meta ou tarefa: a de evangelizar, cuja educa\u00e7\u00e3o \u2013 como nos prop\u00f5em o tema e lema deste ano \u2013 est\u00e1 inclu\u00edda como parte integrante de sua miss\u00e3o no mundo. Ali\u00e1s, a reconcilia\u00e7\u00e3o, se n\u00e3o for vivida na sua plenitude c\u00f3smica, n\u00e3o ser\u00e1 v\u00e1lida. Afinal, todo o cosmos ser\u00e1 atingido pela P\u00e1scoa de Cristo.<\/p>\n<p>E, para finalizar, \u00e9 no tempo quaresmal que essas possibilidades que julgo como elementos inspiradores e motivadores se fazem mais latentes pelo chamamento da Igreja e de outras comunidades de f\u00e9 que compartilham desse mesmo prop\u00f3sito. Esse \u00e9 o grau maior de nossa compreens\u00e3o como aprendizes do Mestre Jesus que nos impulsiona, a partir de pequenas atitudes do dia a dia a atingirmos gradualmente aquilo que ele mesmo fez e continua fazendo continuamente nas nossas vidas, na comunidade, no mundo, no universo: tecer rela\u00e7\u00f5es humanas e abertas, educando o presente e transformando-o a partir do an\u00fancio do Reino, do seu Evangelho, para recriarmos e conservarmos para as novas gera\u00e7\u00f5es a obra da cria\u00e7\u00e3o que tem por autor o pr\u00f3prio Deus.<\/p>\n<p>Espero que esta pequena contribui\u00e7\u00e3o de um poeta aprendiz possa servir como impulso para marcar os principais anseios que a CF 2022 vem nos trazer como reflex\u00e3o.<\/p><\/blockquote>\n<p>&nbsp;<\/p>\n<p><a href=\"#_ftnref1\" name=\"_ftn1\">[1]<\/a> CNBB. <em>Princ\u00edpios da m\u00fasica lit\u00fargica. Do ponto de vista pastoral<\/em>. In: <em>Canto e m\u00fasica lit\u00fargica. Princ\u00edpios teol\u00f3gicos, lit\u00fargicos, pastorais e est\u00e9ticos<\/em>. Bras\u00edlia-DF: 2006. Edi\u00e7\u00f5es CNBB, p. 13<\/p>\n","protected":false},"excerpt":{"rendered":"<p>De autoria de Eurivaldo Silva Ferreira, a letra do hino da Campanha da Fraternidade 2022 aborda a educa\u00e7\u00e3o na forma\u00e7\u00e3o integral da pessoa humana e destaca em seu refr\u00e3o a imagem de Cristo que \u201cfala com sabedoria e ensina com amor\u201d, cuja vida \u201cem total maestria \u00e9 pra n\u00f3s luz, caminho, vigor\u201d<\/p>\n","protected":false},"author":83,"featured_media":285007,"comment_status":"open","ping_status":"open","sticky":false,"template":"","format":"standard","meta":{"site-sidebar-layout":"default","site-content-layout":"default","ast-global-header-display":"","ast-banner-title-visibility":"","ast-main-header-display":"","ast-hfb-above-header-display":"","ast-hfb-below-header-display":"","ast-hfb-mobile-header-display":"","site-post-title":"","ast-breadcrumbs-content":"","ast-featured-img":"","footer-sml-layout":"","theme-transparent-header-meta":"default","adv-header-id-meta":"","stick-header-meta":"","header-above-stick-meta":"","header-main-stick-meta":"","header-below-stick-meta":""},"categories":[50,760],"tags":[3611,3566],"acf":[],"_links":{"self":[{"href":"https:\/\/www.cnbb.org.br\/cnbb-app\/wp\/v2\/posts\/283547"}],"collection":[{"href":"https:\/\/www.cnbb.org.br\/cnbb-app\/wp\/v2\/posts"}],"about":[{"href":"https:\/\/www.cnbb.org.br\/cnbb-app\/wp\/v2\/types\/post"}],"author":[{"embeddable":true,"href":"https:\/\/www.cnbb.org.br\/cnbb-app\/wp\/v2\/users\/83"}],"replies":[{"embeddable":true,"href":"https:\/\/www.cnbb.org.br\/cnbb-app\/wp\/v2\/comments?post=283547"}],"version-history":[{"count":0,"href":"https:\/\/www.cnbb.org.br\/cnbb-app\/wp\/v2\/posts\/283547\/revisions"}],"wp:featuredmedia":[{"embeddable":true,"href":"https:\/\/www.cnbb.org.br\/cnbb-app\/wp\/v2\/media\/285007"}],"wp:attachment":[{"href":"https:\/\/www.cnbb.org.br\/cnbb-app\/wp\/v2\/media?parent=283547"}],"wp:term":[{"taxonomy":"category","embeddable":true,"href":"https:\/\/www.cnbb.org.br\/cnbb-app\/wp\/v2\/categories?post=283547"},{"taxonomy":"post_tag","embeddable":true,"href":"https:\/\/www.cnbb.org.br\/cnbb-app\/wp\/v2\/tags?post=283547"}],"curies":[{"name":"wp","href":"https:\/\/api.w.org\/{rel}","templated":true}]}}