{"id":28365,"date":"2013-02-13T00:00:00","date_gmt":"2013-02-13T02:00:00","guid":{"rendered":"https:\/\/www.cnbb.org.br\/audiencia-geral-bento-xvi-agradece-aos-fieis-pelo-amor-e-pela-oracaoq-2\/"},"modified":"2013-02-13T00:00:00","modified_gmt":"2013-02-13T02:00:00","slug":"audiencia-geral-bento-xvi-agradece-aos-fieis-pelo-amor-e-pela-oracaoq-2","status":"publish","type":"post","link":"https:\/\/www.cnbb.org.br\/audiencia-geral-bento-xvi-agradece-aos-fieis-pelo-amor-e-pela-oracaoq-2\/","title":{"rendered":"Audi\u00eancia geral: Bento XVI agradece aos fi\u00e9is \u201cpelo amor e pela ora\u00e7\u00e3o&#8221;"},"content":{"rendered":"<p style=\"text-align: justify\">Bento XVI recebeu nesta quarta-feira, 13 de fevereiro, na Sala Paulo VI cerca de 10 mil fi\u00e9is e peregrinos para a Audi\u00eancia Geral \u2013 o primeiro evento p\u00fablico depois do an\u00fancio de sua ren\u00fancia.<\/p>\n<p>  <!--more-->  <\/p>\n<p style=\"text-align: justify\">De fato, no in\u00edcio da Audi\u00eancia, o Pont\u00edfice se dirigiu aos presentes com essas palavras:<\/p>\n<p style=\"text-align: justify\">\u201cComo sabem, decidi (aplausos)&#8230; obrigado por vossa simpatia. Decidi renunciar ao minist\u00e9rio que o Senhor me confiou em 19 de abril de 2005. Eu o fiz em plena liberdade pelo bem da Igreja, depois de muito rezar e examinar diante de Deus a minha consci\u00eancia, bem consciente da gravidade deste ato, mas, ao mesmo tempo, consciente de n\u00e3o ser mais capaz de desempenhar o minist\u00e9rio petrino com aquela for\u00e7a f\u00edsica e de esp\u00edrito que isso requer. Ampara e ilumina-me a certeza de que a Igreja \u00e9 de Cristo, o Qual jamais a faltar\u00e1 sua guia e seu cuidado. Agrade\u00e7o a todos pelo amor e pela ora\u00e7\u00e3o com os quais me acompanharam. Obrigado, senti quase fisicamente nesses dias para mim nada f\u00e1ceis, a for\u00e7a da ora\u00e7\u00e3o que o amor da Igreja, a vossa ora\u00e7\u00e3o, me oferece. Continuem a rezar por mim, pela Igreja, pelo futuro Papa. O Senhor nos guiar\u00e1\u201d.<\/p>\n<p style=\"text-align: justify\">A catequese desta quarta-feira foi dedicada ao in\u00edcio do tempo lit\u00fargico da Quaresma \u2013 os quarenta dias que nos preparam \u00e0 celebra\u00e7\u00e3o da Santa P\u00e1scoa. \u201c\u00c9 um per\u00edodo de esfor\u00e7o especial no nosso caminho espiritual\u201d, disse o Papa, explicando que \u00e9 o tempo que Jesus passou no deserto antes de iniciar sua vida p\u00fablica, e onde foi tentado pelo maligno.<\/p>\n<p style=\"text-align: justify\">Refletindo sobre as tenta\u00e7\u00f5es a que Jesus foi sujeito, cada um de n\u00f3s \u00e9 convidado a dar resposta a esta pergunta fundamental: Que lugar tem Deus na minha vida? As provas \u00e0s quais a sociedade atual submete o crist\u00e3o, de fato, s\u00e3o muitas, e dizem respeito \u00e0 vida pessoal e social. N\u00e3o \u00e9 f\u00e1cil ser fiel ao matrim\u00f4nio crist\u00e3o, praticar a miseric\u00f3rdia na vida cotidiana, deixar espa\u00e7o \u00e0 ora\u00e7\u00e3o e ao sil\u00eancio interior. \u201cA tenta\u00e7\u00e3o de colocar de lado a pr\u00f3pria f\u00e9 est\u00e1 sempre presente e a convers\u00e3o se torna uma resposta a Deus que deve ser confirmada mais vezes na vida\u201d, afirmou.<\/p>\n<p style=\"text-align: justify\">Neste Tempo de Quaresma, no Ano da f\u00e9, o Papa nos convida a renovar nosso empenho no caminho de convers\u00e3o, para superar a tend\u00eancia de nos fechar em n\u00f3s mesmos e para deixar, ao inv\u00e9s, espa\u00e7o a Deus, olhando com seus olhos a realidade cotidiana. \u201cConverter-se significa n\u00e3o fechar-se na busca do pr\u00f3prio sucesso, do pr\u00f3prio prest\u00edgio, da pr\u00f3pria posi\u00e7\u00e3o, mas fazer de modo que todos os dias, nas pequenas coisas, a verdade, a f\u00e9 em Deus e o amor se tornem a coisa mais importante.\u201d<\/p>\n<p style=\"text-align: justify\">Eis o resumo que o Papa fez de sua catequese em portugu\u00eas:<\/p>\n<p style=\"text-align: justify\">\u201cQueridos irm\u00e3os e irm\u00e3s, hoje, Quarta-feira de Cinzas, iniciamos a Quaresma, tempo de prepara\u00e7\u00e3o para a P\u00e1scoa. Estes quarenta dias de penit\u00eancia nos recordam os dias que Jesus passou no deserto, sendo ent\u00e3o tentado pelo diabo para deixar o caminho indicado por Deus Pai e seguir outras estradas mais f\u00e1ceis e mundanas. Refletindo sobre as tenta\u00e7\u00f5es a que Jesus foi sujeito, cada um de n\u00f3s \u00e9 convidado a dar resposta a esta pergunta fundamental: O que \u00e9 que verdadeiramente conta na minha vida? Que lugar tem Deus na minha vida? O senhor dela \u00e9 Deus ou sou eu? De fato, as tenta\u00e7\u00f5es se resumem no desejo de instrumentalizar Deus para os nossos pr\u00f3prios interesses, em querer colocar-se no lugar de Deus. Jesus se sujeitou \u00e0s nossas tenta\u00e7\u00f5es a fim de vencer o maligno e abrir-nos o caminho para Deus. Por isso, a luta contra as tenta\u00e7\u00f5es, atrav\u00e9s da convers\u00e3o que nos \u00e9 pedida na Quaresma, significa colocar Deus em primeiro lugar como fez Jesus, de tal modo que o Evangelho seja a orienta\u00e7\u00e3o concreta da nossa vida. Amados peregrinos lus\u00f3fonos, uma cordial sauda\u00e7\u00e3o para todos, nomeadamente para os grupos portugueses de Lamego e Lisboa, e os brasileiros de Curitiba e Porto Alegre. Possa cada um de v\u00f3s viver estes quarenta dias como um generoso caminho de convers\u00e3o \u00e0 santidade que o Deus Santo vos pede e quer dar! As suas b\u00ean\u00e7\u00e3os des\u00e7am abundantes sobre v\u00f3s e vossas fam\u00edlias! Obrigado!\u201d<\/p>\n<p style=\"text-align: justify\">O papa preside ainda hoje, na Bas\u00edlica de S\u00e3o Pedro, a missa da Quarta-feira de Cinzas.<\/p>\n","protected":false},"excerpt":{"rendered":"<p>Bento XVI recebeu nesta quarta-feira, 13 de fevereiro, na Sala Paulo VI cerca de 10 mil fi\u00e9is e peregrinos para a Audi\u00eancia Geral \u2013 o primeiro evento p\u00fablico depois do an\u00fancio de sua ren\u00fancia.<\/p>\n","protected":false},"author":83,"featured_media":27383,"comment_status":"open","ping_status":"open","sticky":false,"template":"","format":"standard","meta":{"site-sidebar-layout":"default","site-content-layout":"default","ast-global-header-display":"","ast-banner-title-visibility":"","ast-main-header-display":"","ast-hfb-above-header-display":"","ast-hfb-below-header-display":"","ast-hfb-mobile-header-display":"","site-post-title":"","ast-breadcrumbs-content":"","ast-featured-img":"","footer-sml-layout":"","theme-transparent-header-meta":"","adv-header-id-meta":"","stick-header-meta":"","header-above-stick-meta":"","header-main-stick-meta":"","header-below-stick-meta":""},"categories":[784],"tags":[],"acf":[],"_links":{"self":[{"href":"https:\/\/www.cnbb.org.br\/cnbb-app\/wp\/v2\/posts\/28365"}],"collection":[{"href":"https:\/\/www.cnbb.org.br\/cnbb-app\/wp\/v2\/posts"}],"about":[{"href":"https:\/\/www.cnbb.org.br\/cnbb-app\/wp\/v2\/types\/post"}],"author":[{"embeddable":true,"href":"https:\/\/www.cnbb.org.br\/cnbb-app\/wp\/v2\/users\/83"}],"replies":[{"embeddable":true,"href":"https:\/\/www.cnbb.org.br\/cnbb-app\/wp\/v2\/comments?post=28365"}],"version-history":[{"count":0,"href":"https:\/\/www.cnbb.org.br\/cnbb-app\/wp\/v2\/posts\/28365\/revisions"}],"wp:featuredmedia":[{"embeddable":true,"href":"https:\/\/www.cnbb.org.br\/cnbb-app\/wp\/v2\/media\/27383"}],"wp:attachment":[{"href":"https:\/\/www.cnbb.org.br\/cnbb-app\/wp\/v2\/media?parent=28365"}],"wp:term":[{"taxonomy":"category","embeddable":true,"href":"https:\/\/www.cnbb.org.br\/cnbb-app\/wp\/v2\/categories?post=28365"},{"taxonomy":"post_tag","embeddable":true,"href":"https:\/\/www.cnbb.org.br\/cnbb-app\/wp\/v2\/tags?post=28365"}],"curies":[{"name":"wp","href":"https:\/\/api.w.org\/{rel}","templated":true}]}}