{"id":28366,"date":"2013-02-14T00:00:00","date_gmt":"2013-02-14T02:00:00","guid":{"rendered":"https:\/\/www.cnbb.org.br\/os-ultimos-compromissos-de-bento-xvi-2\/"},"modified":"2013-02-14T00:00:00","modified_gmt":"2013-02-14T02:00:00","slug":"os-ultimos-compromissos-de-bento-xvi-2","status":"publish","type":"post","link":"https:\/\/www.cnbb.org.br\/os-ultimos-compromissos-de-bento-xvi-2\/","title":{"rendered":"Os \u00faltimos compromissos de Bento XVI"},"content":{"rendered":"<p style=\"text-align: justify\"><span style=\"color: #282828;text-align: justify;font-size: 12px;line-height: 150%\" id=\"content2\">Nesta quinta-feira, 14 de fevereiro, a agenda do Papa inclui mais um encontro significativo: trata-se de uma reuni\u00e3o com o clero de Roma, na \u201cSala Paulo VI\u201d. Depois, nos pr\u00f3ximos dias, haver\u00e1 encontros e audi\u00eancias marcadas com alguns grupos de bispos italianos, com o Presidente da Rom\u00eania e com o Presidente da Guatemala, respectivamente sexta-feira e s\u00e1bado de manh\u00e3, encontros que j\u00e1 tinham sido marcados h\u00e1 algum tempo.<\/span><\/p>\n<p>  <!--more-->  <\/p>\n<p style=\"text-align: justify\">No final da semana ainda h\u00e1 espa\u00e7o para receber dois pol\u00edticos italianos, M\u00e1rio Monti e o Presidente Giorgio Napolitano, audi\u00eancias que ter\u00e3o lugar, praticamente, a uma semana das elei\u00e7\u00f5es italianas.<\/p>\n<p style=\"text-align: justify\">No pr\u00f3ximo domingo, teremos ainda o Angelus ao meio-dia e depois, o Papa entra em retiro durante toda a semana, n\u00e3o havendo, por isso, audi\u00eancia geral na quarta-feira. O retiro j\u00e1 estava previsto e tem o Cardeal Ravasi como pregador. Quando terminar o retiro, Bento XVI volta, pela \u00faltima vez, \u00e0 janela do seu apartamento para o seu \u00faltimo Angelus de domingo dia 24 de fevereiro.<\/p>\n<p style=\"text-align: justify\">Na segunda-feira seguinte, o Papa recebe os cardeais da C\u00faria Romana em audi\u00eancia privada. Ter\u00e7a-feira, dia 26, \u00e9 dia livre e a grande despedida est\u00e1 prevista para a audi\u00eancia geral de quarta-feira, dia 27. Excepcionalmente, esta audi\u00eancia realiza-se na Pra\u00e7a de S\u00e3o Pedro para poder acolher todos os fi\u00e9is que se quiserem despedir do Papa.<\/p>\n<p style=\"text-align: justify\">E chegamos ao seu \u00faltimo dia de Papa. No dia 28 de Fevereiro \u00e0s 11h00 (hora de Roma) sa\u00fada todos os Cardeais que se encontrarem em Roma e pelas 17h locais parte de helic\u00f3ptero para Castel Gandolfo, onde provavelmente ficar\u00e1 at\u00e9 o novo Papa ser eleito. (SP)<\/p>\n","protected":false},"excerpt":{"rendered":"<p>Nesta quinta-feira, 14 de fevereiro, a agenda do Papa inclui mais um encontro significativo: trata-se de uma reuni\u00e3o com o clero de Roma, na \u201cSala Paulo VI\u201d. Depois, nos pr\u00f3ximos dias, haver\u00e1 encontros e audi\u00eancias marcadas com alguns grupos de bispos italianos, com o Presidente da Rom\u00eania e com o Presidente da Guatemala, respectivamente sexta-feira &hellip;<\/p>\n<p class=\"read-more\"> <a class=\"\" href=\"https:\/\/www.cnbb.org.br\/os-ultimos-compromissos-de-bento-xvi-2\/\"> <span class=\"screen-reader-text\">Os \u00faltimos compromissos de Bento XVI<\/span> Leia mais &raquo;<\/a><\/p>\n","protected":false},"author":83,"featured_media":19947,"comment_status":"open","ping_status":"open","sticky":false,"template":"","format":"standard","meta":{"site-sidebar-layout":"default","site-content-layout":"default","ast-global-header-display":"","ast-banner-title-visibility":"","ast-main-header-display":"","ast-hfb-above-header-display":"","ast-hfb-below-header-display":"","ast-hfb-mobile-header-display":"","site-post-title":"","ast-breadcrumbs-content":"","ast-featured-img":"","footer-sml-layout":"","theme-transparent-header-meta":"","adv-header-id-meta":"","stick-header-meta":"","header-above-stick-meta":"","header-main-stick-meta":"","header-below-stick-meta":""},"categories":[784],"tags":[],"acf":[],"_links":{"self":[{"href":"https:\/\/www.cnbb.org.br\/cnbb-app\/wp\/v2\/posts\/28366"}],"collection":[{"href":"https:\/\/www.cnbb.org.br\/cnbb-app\/wp\/v2\/posts"}],"about":[{"href":"https:\/\/www.cnbb.org.br\/cnbb-app\/wp\/v2\/types\/post"}],"author":[{"embeddable":true,"href":"https:\/\/www.cnbb.org.br\/cnbb-app\/wp\/v2\/users\/83"}],"replies":[{"embeddable":true,"href":"https:\/\/www.cnbb.org.br\/cnbb-app\/wp\/v2\/comments?post=28366"}],"version-history":[{"count":0,"href":"https:\/\/www.cnbb.org.br\/cnbb-app\/wp\/v2\/posts\/28366\/revisions"}],"wp:featuredmedia":[{"embeddable":true,"href":"https:\/\/www.cnbb.org.br\/cnbb-app\/wp\/v2\/media\/19947"}],"wp:attachment":[{"href":"https:\/\/www.cnbb.org.br\/cnbb-app\/wp\/v2\/media?parent=28366"}],"wp:term":[{"taxonomy":"category","embeddable":true,"href":"https:\/\/www.cnbb.org.br\/cnbb-app\/wp\/v2\/categories?post=28366"},{"taxonomy":"post_tag","embeddable":true,"href":"https:\/\/www.cnbb.org.br\/cnbb-app\/wp\/v2\/tags?post=28366"}],"curies":[{"name":"wp","href":"https:\/\/api.w.org\/{rel}","templated":true}]}}