{"id":28368,"date":"2013-02-17T00:00:00","date_gmt":"2013-02-17T03:00:00","guid":{"rendered":"https:\/\/www.cnbb.org.br\/penultimo-qangelusq-de-bento-xvi-2\/"},"modified":"2013-02-17T00:00:00","modified_gmt":"2013-02-17T03:00:00","slug":"penultimo-qangelusq-de-bento-xvi-2","status":"publish","type":"post","link":"https:\/\/www.cnbb.org.br\/penultimo-qangelusq-de-bento-xvi-2\/","title":{"rendered":"Pen\u00faltimo &#8220;Angelus&#8221; de Bento XVI"},"content":{"rendered":"<p style=\"text-align: justify\"><span id=\"content2\" style=\"color: #282828;text-align: justify;font-size: 12px;line-height: 150%\">Manh\u00e3 de inverno, fria e enevoada, em Roma, neste primeiro domingo de Quaresma, com um t\u00e9pido sol que pouco a pouco se foi manifestando. A 10 dias da cessa\u00e7\u00e3o do minist\u00e9rio petrino de Bento XVI, por sua livre decis\u00e3o de ren\u00fancia, anunciada segunda-feira passada, milhares e milhares de fi\u00e9is, sobretudo romanos, se concentraram na Pra\u00e7a de S\u00e3o Pedro, para este pen\u00faltimo encontro dominical do Angelus do pontificado do Papa Ratzinger. Presente tamb\u00e9m o presidente da C\u00e2mara da cidade, com vereadores e os estandartes municipais. <\/span><\/p>\n<p><!--more--><\/p>\n<p style=\"text-align: justify\"><span id=\"content2\" style=\"color: #282828;text-align: justify;font-size: 12px;line-height: 150%\"><br \/>\nDepois da recita\u00e7\u00e3o das Ave-Marias, a concluir as sauda\u00e7\u00f5es em diversas l\u00ednguas, Bento XVI agradeceu aos numerosos presentes na Pra\u00e7a de S\u00e3o Pedro, mais este \u201csinal de afeto e de presen\u00e7a espiritual\u201d, \u201cmanifestado nestes dias\u201d. \u201cEstou-vos profundamente grato\u201d.<br \/>\nUm especial \u201cmuito obrigado\u201d reservou-o o Papa \u00e0s autoridades municipais de Roma e a \u201ctodos os habitantes desta amada Cidade\u201d.<br \/>\nA concluir, para al\u00e9m de desejar a todos bom domingo e boa caminhada quaresmal, Bento XVI recordou os Exerc\u00edcios Espirituais que iniciar\u00e1 ao fim do dia, juntamente com os respons\u00e1veis dos principais organismos da C\u00faria Romana. &#8220;Permane\u00e7amos unidos na f\u00e9&#8221; &#8211; foi o pedido dirigido a toda a multid\u00e3o, que o aplaudiu longamente.<\/p>\n<p>\u201cA Quaresma \u00e9 um tempo favor\u00e1vel para redescobrirmos a f\u00e9 em Deus como base da nossa vida e da vida da Igreja.\u201d \u2013 esta a vers\u00e3o portuguesa do tweet enviado hoje por Bento XVI aos seus \u201cseguidores\u201d.<br \/>\nUma mensagem concisa que bem resume a breve catequese proposta pelo Papa antes da reza do Angelus, comentando como habitualmente o Evangelho do dia, neste caso, as tenta\u00e7\u00f5es de Jesus, na vers\u00e3o do Evangelho de S\u00e3o Lucas.<\/span><\/p>\n<p style=\"text-align: justify\">No momento de iniciar o seu minist\u00e9rio p\u00fablica \u2013 explicou o Papa \u2013 \u201cJesus teve que desmascarar e rejeitar as falsas imagens do Messias que o tentador lhe propunha\u201d. Ali\u00e1s \u2013 observou \u2013 \u201cesta tenta\u00e7\u00f5es s\u00e3o tamb\u00e9m falsas imagens do homem, que em todos os tempos insidiam as consci\u00eancias, disfar\u00e7ando-se de propostas convenientes e eficazes, e porventura at\u00e9 mesmo boas. Tr\u00eas as tenta\u00e7\u00f5es propostas pelos evangelistas Mateus e Lucas: \u201cO n\u00facleo central (destas tenta\u00e7\u00f5es de Jesus) consiste sempre em instrumentalizar Deus para os pr\u00f3prios fins, dando mais import\u00e2ncia ao sucesso ou aos bens materiais\u201d.<\/p>\n<p style=\"text-align: justify\">O tentador \u00e9 insidioso: n\u00e3o impele diretamente ao mal, mas a um falso bem, fazendo crer que as verdadeiras realidades s\u00e3o o poder e aquilo que satisfaz as necessidades prim\u00e1rias.<br \/>\n\u201cDeus torna-se secund\u00e1rio, fica reduzido a um meio, em \u00faltima an\u00e1lise torna-se irreal, deixa de contar, dissipa-se. Em \u00faltima an\u00e1lise, nas tenta\u00e7\u00f5es est\u00e1 em jogo a f\u00e9, porque est\u00e1 em jogo Deus. Nos momentos decisivos da vida \u2013 mas, bem vistas as coisas, em cada momento \u2013 estamos perante uma encruzilhada: queremos seguir o nosso <span style=\"text-decoration: underline\">eu<\/span> ou Deus \u2013 o interesse individual ou o verdadeiro Bem, aquilo que <span style=\"text-decoration: underline\">realmente<\/span> \u00e9 bem?\u201d<\/p>\n<p style=\"text-align: justify\">Quase a concluir a sua catequese, antes do Angelus deste domingo, Bento XVI recordou ainda que, para os Padres da Igreja, as tenta\u00e7\u00f5es fazem parte da \u201cdescida\u201d de Jesus na nossa condi\u00e7\u00e3o humana, no abismo do pecado e das suas consequ\u00eancias. Uma \u201cdescida\u201d que Jesus percorre at\u00e9 ao fim, at\u00e9 \u00e0 morte de cruz e at\u00e9 aos \u201cinfernos\u201d do extremo afastamento de Deus. \u00c9 precisamente assim que Ele \u00e9 a m\u00e3o que Deus estende ao homem, \u00e0 ovelha extraviada, para a trazer a salvo. N\u00e3o tenhamos medo de enfrentarmos tamb\u00e9m n\u00f3s a combate contra o esp\u00edrito do mal: o importante \u00e9 que o fa\u00e7amos com Ele, com Cristo, o Vencedor.<\/p>\n","protected":false},"excerpt":{"rendered":"<p>Manh\u00e3 de inverno, fria e enevoada, em Roma, neste primeiro domingo de Quaresma, com um t\u00e9pido sol que pouco a pouco se foi manifestando. A 10 dias da cessa\u00e7\u00e3o do minist\u00e9rio petrino de Bento XVI, por sua livre decis\u00e3o de ren\u00fancia, anunciada segunda-feira passada, milhares e milhares de fi\u00e9is, sobretudo romanos, se concentraram na Pra\u00e7a &hellip;<\/p>\n<p class=\"read-more\"> <a class=\"\" href=\"https:\/\/www.cnbb.org.br\/penultimo-qangelusq-de-bento-xvi-2\/\"> <span class=\"screen-reader-text\">Pen\u00faltimo &#8220;Angelus&#8221; de Bento XVI<\/span> Leia mais &raquo;<\/a><\/p>\n","protected":false},"author":83,"featured_media":27388,"comment_status":"open","ping_status":"open","sticky":false,"template":"","format":"standard","meta":{"site-sidebar-layout":"default","site-content-layout":"default","ast-global-header-display":"","ast-banner-title-visibility":"","ast-main-header-display":"","ast-hfb-above-header-display":"","ast-hfb-below-header-display":"","ast-hfb-mobile-header-display":"","site-post-title":"","ast-breadcrumbs-content":"","ast-featured-img":"","footer-sml-layout":"","theme-transparent-header-meta":"","adv-header-id-meta":"","stick-header-meta":"","header-above-stick-meta":"","header-main-stick-meta":"","header-below-stick-meta":""},"categories":[784],"tags":[],"acf":[],"_links":{"self":[{"href":"https:\/\/www.cnbb.org.br\/cnbb-app\/wp\/v2\/posts\/28368"}],"collection":[{"href":"https:\/\/www.cnbb.org.br\/cnbb-app\/wp\/v2\/posts"}],"about":[{"href":"https:\/\/www.cnbb.org.br\/cnbb-app\/wp\/v2\/types\/post"}],"author":[{"embeddable":true,"href":"https:\/\/www.cnbb.org.br\/cnbb-app\/wp\/v2\/users\/83"}],"replies":[{"embeddable":true,"href":"https:\/\/www.cnbb.org.br\/cnbb-app\/wp\/v2\/comments?post=28368"}],"version-history":[{"count":0,"href":"https:\/\/www.cnbb.org.br\/cnbb-app\/wp\/v2\/posts\/28368\/revisions"}],"wp:featuredmedia":[{"embeddable":true,"href":"https:\/\/www.cnbb.org.br\/cnbb-app\/wp\/v2\/media\/27388"}],"wp:attachment":[{"href":"https:\/\/www.cnbb.org.br\/cnbb-app\/wp\/v2\/media?parent=28368"}],"wp:term":[{"taxonomy":"category","embeddable":true,"href":"https:\/\/www.cnbb.org.br\/cnbb-app\/wp\/v2\/categories?post=28368"},{"taxonomy":"post_tag","embeddable":true,"href":"https:\/\/www.cnbb.org.br\/cnbb-app\/wp\/v2\/tags?post=28368"}],"curies":[{"name":"wp","href":"https:\/\/api.w.org\/{rel}","templated":true}]}}