{"id":28372,"date":"2013-02-21T00:00:00","date_gmt":"2013-02-21T03:00:00","guid":{"rendered":"https:\/\/www.cnbb.org.br\/papa-estuda-possibilidade-de-qmotu-proprioq-para-esclarecer-pontos-do-conclave-afirma-pe-lombardi-2\/"},"modified":"2013-02-21T00:00:00","modified_gmt":"2013-02-21T03:00:00","slug":"papa-estuda-possibilidade-de-qmotu-proprioq-para-esclarecer-pontos-do-conclave-afirma-pe-lombardi-2","status":"publish","type":"post","link":"https:\/\/www.cnbb.org.br\/papa-estuda-possibilidade-de-qmotu-proprioq-para-esclarecer-pontos-do-conclave-afirma-pe-lombardi-2\/","title":{"rendered":"Papa estuda possibilidade de &#8220;Motu Proprio&#8221; para esclarecer pontos do Conclave, afirma Pe. Lombardi"},"content":{"rendered":"<p style=\"text-align: justify\">Durante entrevista coletiva na tarde desta quarta-feira, 20 de fevereiro, o diretor da Sala de Imprensa da Santa S\u00e9, padre Federico Lombardi, afirmou que &#8220;o Papa est\u00e1 considerando a possibilidade da publica\u00e7\u00e3o de um Motu Proprio, nos pr\u00f3ximos dias, obviamente antes do in\u00edcio da S\u00e9 Vacante, para precisar alguns pontos particulares da Constitui\u00e7\u00e3o apost\u00f3lica sobre o Conclave, pontos estes que ao longo dos \u00faltimos anos foram apresentados&#8221;.<\/p>\n<p>  <!--more-->  <\/p>\n<p style=\"text-align: justify\">O religioso n\u00e3o soube dizer se o Pont\u00edfice vai considerar necess\u00e1rio ou oportuno fazer este esclarecimento sobre a quest\u00e3o do tempo de in\u00edcio do Conclave. \u201cSe e quando o documento ser\u00e1 publicado o veremos. O que me resulta \u00e9 o estudo, por exemplo, de alguns pontos de detalhe para a plena harmoniza\u00e7\u00e3o com outro documento que diz respeito ao conclave, ou seja, o Ordo Rituum Conclavis&#8221;, prosseguiu Pe. Lombardi.<\/p>\n<p style=\"text-align: justify\">De acordo com o porta-voz, a decis\u00e3o depende apenas da avalia\u00e7\u00e3o de Bento XVI, que julgar\u00e1 ou n\u00e3o ser necess\u00e1ria a publica\u00e7\u00e3o de um documento como este.<\/p>\n","protected":false},"excerpt":{"rendered":"<p>Durante entrevista coletiva na tarde desta quarta-feira, 20 de fevereiro, o diretor da Sala de Imprensa da Santa S\u00e9, padre Federico Lombardi, afirmou que &#8220;o Papa est\u00e1 considerando a possibilidade da publica\u00e7\u00e3o de um Motu Proprio, nos pr\u00f3ximos dias, obviamente antes do in\u00edcio da S\u00e9 Vacante, para precisar alguns pontos particulares da Constitui\u00e7\u00e3o apost\u00f3lica sobre &hellip;<\/p>\n<p class=\"read-more\"> <a class=\"\" href=\"https:\/\/www.cnbb.org.br\/papa-estuda-possibilidade-de-qmotu-proprioq-para-esclarecer-pontos-do-conclave-afirma-pe-lombardi-2\/\"> <span class=\"screen-reader-text\">Papa estuda possibilidade de &#8220;Motu Proprio&#8221; para esclarecer pontos do Conclave, afirma Pe. Lombardi<\/span> Leia mais &raquo;<\/a><\/p>\n","protected":false},"author":83,"featured_media":27393,"comment_status":"open","ping_status":"open","sticky":false,"template":"","format":"standard","meta":{"site-sidebar-layout":"default","site-content-layout":"default","ast-global-header-display":"","ast-banner-title-visibility":"","ast-main-header-display":"","ast-hfb-above-header-display":"","ast-hfb-below-header-display":"","ast-hfb-mobile-header-display":"","site-post-title":"","ast-breadcrumbs-content":"","ast-featured-img":"","footer-sml-layout":"","theme-transparent-header-meta":"","adv-header-id-meta":"","stick-header-meta":"","header-above-stick-meta":"","header-main-stick-meta":"","header-below-stick-meta":""},"categories":[784],"tags":[],"acf":[],"_links":{"self":[{"href":"https:\/\/www.cnbb.org.br\/cnbb-app\/wp\/v2\/posts\/28372"}],"collection":[{"href":"https:\/\/www.cnbb.org.br\/cnbb-app\/wp\/v2\/posts"}],"about":[{"href":"https:\/\/www.cnbb.org.br\/cnbb-app\/wp\/v2\/types\/post"}],"author":[{"embeddable":true,"href":"https:\/\/www.cnbb.org.br\/cnbb-app\/wp\/v2\/users\/83"}],"replies":[{"embeddable":true,"href":"https:\/\/www.cnbb.org.br\/cnbb-app\/wp\/v2\/comments?post=28372"}],"version-history":[{"count":0,"href":"https:\/\/www.cnbb.org.br\/cnbb-app\/wp\/v2\/posts\/28372\/revisions"}],"wp:featuredmedia":[{"embeddable":true,"href":"https:\/\/www.cnbb.org.br\/cnbb-app\/wp\/v2\/media\/27393"}],"wp:attachment":[{"href":"https:\/\/www.cnbb.org.br\/cnbb-app\/wp\/v2\/media?parent=28372"}],"wp:term":[{"taxonomy":"category","embeddable":true,"href":"https:\/\/www.cnbb.org.br\/cnbb-app\/wp\/v2\/categories?post=28372"},{"taxonomy":"post_tag","embeddable":true,"href":"https:\/\/www.cnbb.org.br\/cnbb-app\/wp\/v2\/tags?post=28372"}],"curies":[{"name":"wp","href":"https:\/\/api.w.org\/{rel}","templated":true}]}}