{"id":28373,"date":"2013-02-21T00:00:00","date_gmt":"2013-02-21T03:00:00","guid":{"rendered":"https:\/\/www.cnbb.org.br\/crer-em-jesus-cristo-e-o-caminho-para-se-poder-chegar-definitivamente-a-salvacao-papa-bento-xvi-2\/"},"modified":"2013-02-21T00:00:00","modified_gmt":"2013-02-21T03:00:00","slug":"crer-em-jesus-cristo-e-o-caminho-para-se-poder-chegar-definitivamente-a-salvacao-papa-bento-xvi-2","status":"publish","type":"post","link":"https:\/\/www.cnbb.org.br\/crer-em-jesus-cristo-e-o-caminho-para-se-poder-chegar-definitivamente-a-salvacao-papa-bento-xvi-2\/","title":{"rendered":"\u201cCrer em Jesus Cristo \u00e9 o caminho para se poder chegar definitivamente \u00e0 salva\u00e7\u00e3o\u201d (Papa Bento XVI)"},"content":{"rendered":"<p style=\"text-align: justify\">\n<p style=\"text-align: justify\">Ao proclamar o Ano da F\u00e9, o papa Bento XVI publicou a carta apost\u00f3lica Porta Fidei, em 11 de outubro de 2011. No texto, ele recorda que o centro da aten\u00e7\u00e3o eclesial deve estar no encontro com Jesus Cristo e na beleza da f\u00e9 nele. \u201cS\u00f3 acreditando \u00e9 que a f\u00e9 cresce e se revigora; n\u00e3o h\u00e1 outra possibilidade de adquirir certeza sobre a pr\u00f3pria vida, sen\u00e3o abandonar-se progressivamente nas m\u00e3os de um amor que se experimenta cada vez maior, porque tem sua origem em Deus\u201d.<\/p>\n<p>  <!--more-->  <\/p>\n<p style=\"text-align: justify\">Retomando a celebra\u00e7\u00e3o do cinquenten\u00e1rio da abertura do Conc\u00edlio Vaticano II, e os vinte anos da publica\u00e7\u00e3o do Catecismo da Igreja Cat\u00f3lica, o papa v\u00ea essa oportunidade como ocasi\u00e3o para que a Igreja se renove, especialmente atrav\u00e9s do testemunho de vida de quem cr\u00ea. \u201cDe fato, os crist\u00e3os s\u00e3o chamados a brilhar, com sua pr\u00f3pria vida no mundo, a Palavra de verdade que o Senhor Jesus nos deixou (&#8230;). Nessa perspectiva, o Ano da F\u00e9 \u00e9 convite para uma aut\u00eantica e renovada convers\u00e3o ao Senhor, \u00fanico Salvador do mundo\u201d.<\/p>\n<p style=\"text-align: justify\">O desejo do Santo Padre \u00e9 de que o Ano da F\u00e9 suscite, em cada crist\u00e3o, o desejo de confessar a f\u00e9 plenamente e com renovada convic\u00e7\u00e3o, com confian\u00e7a e esperan\u00e7a. \u201cEsperamos que o testemunho de vida dos crentes cres\u00e7a na sua credibilidade. Descobrir novamente os conte\u00fados da f\u00e9 professada, celebrada, vivida e rezada e refletir sobre o pr\u00f3prio ato com que se cr\u00ea \u00e9 um compromisso que cada crente deve assumir\u201d.<\/p>\n<p style=\"text-align: justify\">Ao delinear o percurso que o crist\u00e3o deve fazer para compreender o conte\u00fado da f\u00e9, o papa elenca aspectos importantes da unidade entre o ato com que se cr\u00ea e os conte\u00fados a que damos assentimento. \u201cO professar com a boca indica que a f\u00e9 implica um testemunho e um compromisso p\u00fablicos\u201d. Desta forma, a profiss\u00e3o de f\u00e9 se torna um ato simultaneamente pessoal e comunit\u00e1rio. \u201cDe fato, o primeiro sujeito da f\u00e9 \u00e9 a Igreja\u201d.<\/p>\n<p style=\"text-align: justify\">Bento XVI tamb\u00e9m assinala na carta que o Catecismo da Igreja Cat\u00f3lica \u00e9 um verdadeiro instrumento de apoio da f\u00e9, sobretudo para quem tem a incumb\u00eancia da forma\u00e7\u00e3o dos crist\u00e3os. \u201cDe fato, em nossos dias mais do que no passado, a f\u00e9 v\u00ea-se sujeita a uma s\u00e9rie de interroga\u00e7\u00f5es, que prov\u00eam de uma mentalidade divergente que hoje, de forma particular, reduz o \u00e2mbito das certezas racionais ao das conquistas cient\u00edficas e tecnol\u00f3gicas. A Igreja, por\u00e9m, nunca teve medo de mostrar que n\u00e3o \u00e9 poss\u00edvel haver qualquer conflito entre f\u00e9 e ci\u00eancia aut\u00eantica, porque ambas, embora por caminhos diferentes, tendem para a verdade\u201d.<\/p>\n<p style=\"text-align: justify\">Por fim, o papa recorda que o Ano da F\u00e9 \u00e9 uma ocasi\u00e3o de intensificar o testemunho da caridade. \u201cA f\u00e9 sem caridade n\u00e3o d\u00e1 fruto, e a caridade sem a f\u00e9 seria um sentimento constantemente \u00e0 merc\u00ea da d\u00favida. F\u00e9 e caridade reclamam-se mutuamente, de tal modo que uma consente \u00e0 outra realizar seu caminho. De fato, n\u00e3o poucos crist\u00e3os dedicam amorosamente sua vida a quem vive sozinho, marginalizado ou exclu\u00eddo, considerando-o como o primeiro a quem atender e o mais importante a socorrer, porque \u00e9 precisamente nele que se espelha o pr\u00f3prio rosto de Cristo\u201d.<\/p>\n<p style=\"text-align: justify\">Confira a \u00edntegra do documento, <a href=\"http:\/\/www.vatican.va\/holy_father\/benedict_xvi\/motu_proprio\/documents\/hf_ben-xvi_motu-proprio_20111011_porta-fidei_po.html\" target=\"_blank\" rel=\"noopener\">clicando aqui<\/a>.<\/p>\n","protected":false},"excerpt":{"rendered":"<p>Ao proclamar o Ano da F\u00e9, o papa Bento XVI publicou a carta apost\u00f3lica Porta Fidei, em 11 de outubro de 2011. No texto, ele recorda que o centro da aten\u00e7\u00e3o eclesial deve estar no encontro com Jesus Cristo e na beleza da f\u00e9 nele. \u201cS\u00f3 acreditando \u00e9 que a f\u00e9 cresce e se revigora; &hellip;<\/p>\n<p class=\"read-more\"> <a class=\"\" href=\"https:\/\/www.cnbb.org.br\/crer-em-jesus-cristo-e-o-caminho-para-se-poder-chegar-definitivamente-a-salvacao-papa-bento-xvi-2\/\"> <span class=\"screen-reader-text\">\u201cCrer em Jesus Cristo \u00e9 o caminho para se poder chegar definitivamente \u00e0 salva\u00e7\u00e3o\u201d (Papa Bento XVI)<\/span> Leia mais &raquo;<\/a><\/p>\n","protected":false},"author":83,"featured_media":18022,"comment_status":"open","ping_status":"open","sticky":false,"template":"","format":"standard","meta":{"site-sidebar-layout":"default","site-content-layout":"default","ast-global-header-display":"","ast-banner-title-visibility":"","ast-main-header-display":"","ast-hfb-above-header-display":"","ast-hfb-below-header-display":"","ast-hfb-mobile-header-display":"","site-post-title":"","ast-breadcrumbs-content":"","ast-featured-img":"","footer-sml-layout":"","theme-transparent-header-meta":"","adv-header-id-meta":"","stick-header-meta":"","header-above-stick-meta":"","header-main-stick-meta":"","header-below-stick-meta":""},"categories":[784],"tags":[],"acf":[],"_links":{"self":[{"href":"https:\/\/www.cnbb.org.br\/cnbb-app\/wp\/v2\/posts\/28373"}],"collection":[{"href":"https:\/\/www.cnbb.org.br\/cnbb-app\/wp\/v2\/posts"}],"about":[{"href":"https:\/\/www.cnbb.org.br\/cnbb-app\/wp\/v2\/types\/post"}],"author":[{"embeddable":true,"href":"https:\/\/www.cnbb.org.br\/cnbb-app\/wp\/v2\/users\/83"}],"replies":[{"embeddable":true,"href":"https:\/\/www.cnbb.org.br\/cnbb-app\/wp\/v2\/comments?post=28373"}],"version-history":[{"count":0,"href":"https:\/\/www.cnbb.org.br\/cnbb-app\/wp\/v2\/posts\/28373\/revisions"}],"wp:featuredmedia":[{"embeddable":true,"href":"https:\/\/www.cnbb.org.br\/cnbb-app\/wp\/v2\/media\/18022"}],"wp:attachment":[{"href":"https:\/\/www.cnbb.org.br\/cnbb-app\/wp\/v2\/media?parent=28373"}],"wp:term":[{"taxonomy":"category","embeddable":true,"href":"https:\/\/www.cnbb.org.br\/cnbb-app\/wp\/v2\/categories?post=28373"},{"taxonomy":"post_tag","embeddable":true,"href":"https:\/\/www.cnbb.org.br\/cnbb-app\/wp\/v2\/tags?post=28373"}],"curies":[{"name":"wp","href":"https:\/\/api.w.org\/{rel}","templated":true}]}}