{"id":28437,"date":"2013-05-02T00:00:00","date_gmt":"2013-05-02T03:00:00","guid":{"rendered":"https:\/\/www.cnbb.org.br\/papa-francisco-acolhe-bento-xvi-que-volta-a-residir-no-vaticano-2\/"},"modified":"2013-05-02T00:00:00","modified_gmt":"2013-05-02T03:00:00","slug":"papa-francisco-acolhe-bento-xvi-que-volta-a-residir-no-vaticano-2","status":"publish","type":"post","link":"https:\/\/www.cnbb.org.br\/papa-francisco-acolhe-bento-xvi-que-volta-a-residir-no-vaticano-2\/","title":{"rendered":"Papa Francisco acolhe Bento XVI, que volta a residir no Vaticano"},"content":{"rendered":"<p style=\"text-align: justify\">Bento XVI retornou ao Vaticano. Ele chegou ao heliporto localizado nos jardins vaticanos pouco depois das 16h45min (hora local), vindo de Castelgandolfo. Um grande n\u00famero de fi\u00e9is estava presente na Pra\u00e7a S\u00e3o Pedro desejosos de saud\u00e1-lo e de onde puderam testemunhar a chegada do helic\u00f3ptero.<\/p>\n<p><!--more--><\/p>\n<p style=\"text-align: justify\">O Bispo em\u00e9rito de Roma foi recebido pelo Secret\u00e1rio de Estado Tarcisio Bertone, pelo Presidente do Governatorado, Cardeal Giuseppe Bertello e pelo decano do Col\u00e9gio Cardinal\u00edcio, Cardeal Angelo Sodano.<\/p>\n<p style=\"text-align: justify\">Tamb\u00e9m estavam presentes o Substituto da Secretaria de Estado, Arcebispo Angelo Becciu, o Sub-secret\u00e1rio de Assuntos Exteriores, Arcebispo Dominique Mamberti e o Secret\u00e1rio do Governatorado Arcebispo Giuseppe Sciacca.<\/p>\n<p style=\"text-align: justify\">Do heliporto, Bento XVI seguiu em autom\u00f3vel at\u00e9 o Mosteiro Mater Ecclesia, onde foi recebido com grande e fraterna cordialidade pelo Papa Francisco, que o aguardava. Juntos, foram \u00e0 capela do Mosteiro para um momento de ora\u00e7\u00e3o.<\/p>\n<p style=\"text-align: justify\">Esta foi a segunda vez que se encontraram pessoalmente, desde a elei\u00e7\u00e3o de Francisco. Em 23 de mar\u00e7o passado Francisco foi at\u00e9 Castel Gandolfo para encontrar Bento XVI (foto acima). Em numerosas ocasi\u00f5es falaram-se ao telefone.<\/p>\n<p style=\"text-align: justify\">Bento XVI retornou para o Vaticano ap\u00f3s conclu\u00eddas as reformas realizadas no Mosteiro, onde vai residir acompanhado da \u2018Fam\u00edlia pontif\u00edcia\u201d, formada pelo seu Secret\u00e1rio particular e atual Prefeito da casa Pontif\u00edcia, Arcebispo Georg Ganswein, as 4 leigas consagradas do Instituto \u201cMemores Domini\u201d, al\u00e9m de um di\u00e1cono belga. Um quarto est\u00e1 reservado para seu irm\u00e3o Georg, tamb\u00e9m sacerdote, de 89 anos, que vive na Alemanha.<\/p>\n<p style=\"text-align: justify\">Em 11 de fevereiro, Ratzinger anunciou que passaria a servir a Igreja atrav\u00e9s da ora\u00e7\u00e3o.<\/p>\n","protected":false},"excerpt":{"rendered":"<p>Bento XVI retornou ao Vaticano. Ele chegou ao heliporto localizado nos jardins vaticanos pouco depois das 16h45min (hora local), vindo de Castelgandolfo. Um grande n\u00famero de fi\u00e9is estava presente na Pra\u00e7a S\u00e3o Pedro desejosos de saud\u00e1-lo e de onde puderam testemunhar a chegada do helic\u00f3ptero.<\/p>\n","protected":false},"author":83,"featured_media":27501,"comment_status":"open","ping_status":"open","sticky":false,"template":"","format":"standard","meta":{"site-sidebar-layout":"default","site-content-layout":"default","ast-global-header-display":"","ast-banner-title-visibility":"","ast-main-header-display":"","ast-hfb-above-header-display":"","ast-hfb-below-header-display":"","ast-hfb-mobile-header-display":"","site-post-title":"","ast-breadcrumbs-content":"","ast-featured-img":"","footer-sml-layout":"","theme-transparent-header-meta":"","adv-header-id-meta":"","stick-header-meta":"","header-above-stick-meta":"","header-main-stick-meta":"","header-below-stick-meta":""},"categories":[784],"tags":[],"acf":[],"_links":{"self":[{"href":"https:\/\/www.cnbb.org.br\/cnbb-app\/wp\/v2\/posts\/28437"}],"collection":[{"href":"https:\/\/www.cnbb.org.br\/cnbb-app\/wp\/v2\/posts"}],"about":[{"href":"https:\/\/www.cnbb.org.br\/cnbb-app\/wp\/v2\/types\/post"}],"author":[{"embeddable":true,"href":"https:\/\/www.cnbb.org.br\/cnbb-app\/wp\/v2\/users\/83"}],"replies":[{"embeddable":true,"href":"https:\/\/www.cnbb.org.br\/cnbb-app\/wp\/v2\/comments?post=28437"}],"version-history":[{"count":0,"href":"https:\/\/www.cnbb.org.br\/cnbb-app\/wp\/v2\/posts\/28437\/revisions"}],"wp:featuredmedia":[{"embeddable":true,"href":"https:\/\/www.cnbb.org.br\/cnbb-app\/wp\/v2\/media\/27501"}],"wp:attachment":[{"href":"https:\/\/www.cnbb.org.br\/cnbb-app\/wp\/v2\/media?parent=28437"}],"wp:term":[{"taxonomy":"category","embeddable":true,"href":"https:\/\/www.cnbb.org.br\/cnbb-app\/wp\/v2\/categories?post=28437"},{"taxonomy":"post_tag","embeddable":true,"href":"https:\/\/www.cnbb.org.br\/cnbb-app\/wp\/v2\/tags?post=28437"}],"curies":[{"name":"wp","href":"https:\/\/api.w.org\/{rel}","templated":true}]}}