{"id":28448,"date":"2013-05-28T00:00:00","date_gmt":"2013-05-28T03:00:00","guid":{"rendered":"https:\/\/www.cnbb.org.br\/no-ano-da-fe-tambem-os-bispos-sao-chamados-a-renovar-a-fe-com-pedro-2\/"},"modified":"2013-05-28T00:00:00","modified_gmt":"2013-05-28T03:00:00","slug":"no-ano-da-fe-tambem-os-bispos-sao-chamados-a-renovar-a-fe-com-pedro-2","status":"publish","type":"post","link":"https:\/\/www.cnbb.org.br\/no-ano-da-fe-tambem-os-bispos-sao-chamados-a-renovar-a-fe-com-pedro-2\/","title":{"rendered":"No Ano da F\u00e9, tamb\u00e9m os Bispos s\u00e3o chamados a renovar a f\u00e9 com Pedro"},"content":{"rendered":"<p style=\"text-align: justify\">\n<p style=\"text-align: justify\">Os eventos do Ano da F\u00e9 est\u00e3o em pleno ritmo. Depois da Vig\u00edlia e da Solenidade de Pentecostes, que reuniu na Pra\u00e7a S. Pedro mais de 200 mil pessoas, a pr\u00f3xima iniciativa do Pontif\u00edcio Conselho para a Promo\u00e7\u00e3o da Nova Evangeliza\u00e7\u00e3o \u00e9 no domingo, 2 de junho: trata-se da solene adora\u00e7\u00e3o eucar\u00edstica presidida pelo Papa Francisco na Bas\u00edlica Vaticana.<\/p>\n<p><!--more--><\/p>\n<p style=\"text-align: justify\">Esta cerim\u00f4nia ter\u00e1 uma particularidade: dioceses de todo o mundo se conectar\u00e3o ao vivo com a Pra\u00e7a S. Pedro para rezar com o Papa Francisco. No Brasil, j\u00e1 confirmaram participa\u00e7\u00e3o dioceses de norte a sul do pa\u00eds: de Fortaleza a Caxias do Sul.<\/p>\n<p style=\"text-align: justify\">Como disse Bento XVI ao convocar este Ano, ele n\u00e3o se dirige somente aos cat\u00f3licos, mas inclusive a ateus. Assim como n\u00e3o se dirige somente a n\u00f3s, simples fi\u00e9is, mas tamb\u00e9m \u00e0 c\u00fapula da Igreja. Quinta-feira passada, por exemplo, o Papa Francisco presidiu, na Bas\u00edlica de S\u00e3o Pedro, a medita\u00e7\u00e3o para a profiss\u00e3o de f\u00e9 com os bispos italianos, que realizam sua Assembleia Geral (foto acima).<\/p>\n<p style=\"text-align: justify\">Segundo o Santo Padre, &#8220;a falta de vigil\u00e2ncia faz com que o pastor se torne morno, distra\u00eddo, esquecido e impaciente; o seduz com a perspectiva de sua carreira, a tenta\u00e7\u00e3o do dinheiro e os compromissos com o esp\u00edrito do mundo; o torna pregui\u00e7oso, transformando-o num funcion\u00e1rio, cl\u00e9rigo de estado preocupado mais consigo mesmo, com a organiza\u00e7\u00e3o e estruturas, do que com o verdadeiro bem do Povo de Deus.<\/p>\n<p style=\"text-align: justify\">Pelo contr\u00e1rio, &#8220;ser pastores significa crer a cada dia na gra\u00e7a e na for\u00e7a que vem do Senhor e assumir plenamente a responsabilidade de caminhar diante do rebanho. Mas tamb\u00e9m dispor-se a caminhar no meio e atr\u00e1s do rebanho.<\/p>\n<p style=\"text-align: justify\">A profiss\u00e3o de f\u00e9, disse, n\u00e3o \u00e9 um ato formal, mas significa renovar a nossa resposta ao &#8220;Segue-me&#8221; que leva a estabelecer a pr\u00f3pria vida segundo o projeto de Deus.<\/p>\n","protected":false},"excerpt":{"rendered":"<p>Os eventos do Ano da F\u00e9 est\u00e3o em pleno ritmo. Depois da Vig\u00edlia e da Solenidade de Pentecostes, que reuniu na Pra\u00e7a S. Pedro mais de 200 mil pessoas, a pr\u00f3xima iniciativa do Pontif\u00edcio Conselho para a Promo\u00e7\u00e3o da Nova Evangeliza\u00e7\u00e3o \u00e9 no domingo, 2 de junho: trata-se da solene adora\u00e7\u00e3o eucar\u00edstica presidida pelo Papa &hellip;<\/p>\n<p class=\"read-more\"> <a class=\"\" href=\"https:\/\/www.cnbb.org.br\/no-ano-da-fe-tambem-os-bispos-sao-chamados-a-renovar-a-fe-com-pedro-2\/\"> <span class=\"screen-reader-text\">No Ano da F\u00e9, tamb\u00e9m os Bispos s\u00e3o chamados a renovar a f\u00e9 com Pedro<\/span> Leia mais &raquo;<\/a><\/p>\n","protected":false},"author":83,"featured_media":27521,"comment_status":"open","ping_status":"open","sticky":false,"template":"","format":"standard","meta":{"site-sidebar-layout":"default","site-content-layout":"default","ast-global-header-display":"","ast-banner-title-visibility":"","ast-main-header-display":"","ast-hfb-above-header-display":"","ast-hfb-below-header-display":"","ast-hfb-mobile-header-display":"","site-post-title":"","ast-breadcrumbs-content":"","ast-featured-img":"","footer-sml-layout":"","theme-transparent-header-meta":"","adv-header-id-meta":"","stick-header-meta":"","header-above-stick-meta":"","header-main-stick-meta":"","header-below-stick-meta":""},"categories":[784],"tags":[],"acf":[],"_links":{"self":[{"href":"https:\/\/www.cnbb.org.br\/cnbb-app\/wp\/v2\/posts\/28448"}],"collection":[{"href":"https:\/\/www.cnbb.org.br\/cnbb-app\/wp\/v2\/posts"}],"about":[{"href":"https:\/\/www.cnbb.org.br\/cnbb-app\/wp\/v2\/types\/post"}],"author":[{"embeddable":true,"href":"https:\/\/www.cnbb.org.br\/cnbb-app\/wp\/v2\/users\/83"}],"replies":[{"embeddable":true,"href":"https:\/\/www.cnbb.org.br\/cnbb-app\/wp\/v2\/comments?post=28448"}],"version-history":[{"count":0,"href":"https:\/\/www.cnbb.org.br\/cnbb-app\/wp\/v2\/posts\/28448\/revisions"}],"wp:featuredmedia":[{"embeddable":true,"href":"https:\/\/www.cnbb.org.br\/cnbb-app\/wp\/v2\/media\/27521"}],"wp:attachment":[{"href":"https:\/\/www.cnbb.org.br\/cnbb-app\/wp\/v2\/media?parent=28448"}],"wp:term":[{"taxonomy":"category","embeddable":true,"href":"https:\/\/www.cnbb.org.br\/cnbb-app\/wp\/v2\/categories?post=28448"},{"taxonomy":"post_tag","embeddable":true,"href":"https:\/\/www.cnbb.org.br\/cnbb-app\/wp\/v2\/tags?post=28448"}],"curies":[{"name":"wp","href":"https:\/\/api.w.org\/{rel}","templated":true}]}}