{"id":28454,"date":"2013-07-01T00:00:00","date_gmt":"2013-07-01T03:00:00","guid":{"rendered":"https:\/\/www.cnbb.org.br\/qlumen-fideiq-enciclica-do-papa-francisco-sera-apresentada-em-5-de-julho-2\/"},"modified":"2013-07-01T00:00:00","modified_gmt":"2013-07-01T03:00:00","slug":"qlumen-fideiq-enciclica-do-papa-francisco-sera-apresentada-em-5-de-julho-2","status":"publish","type":"post","link":"https:\/\/www.cnbb.org.br\/qlumen-fideiq-enciclica-do-papa-francisco-sera-apresentada-em-5-de-julho-2\/","title":{"rendered":"&#8220;Lumen fidei&#8221;: Enc\u00edclica do Papa Francisco ser\u00e1 apresentada em 5 de julho"},"content":{"rendered":"<p style=\"text-align: justify\"><span style=\"color: #282828;text-align: justify;font-size: 12px;line-height: 150%\" id=\"content2\">Papa Francisco escreveu a primeira enc\u00edclica do seu pontificado e o documento ser\u00e1 apresentado na sexta-feira, 5 de julho, na Sala de Imprensa da Santa S\u00e9 e ter\u00e1 o t\u00edtulo de &#8220;Lumen fidei&#8221; (Luz da f\u00e9).<\/span><\/p>\n<p>  <!--more-->  <\/p>\n<p style=\"text-align: justify\">A Enc\u00edclica ser\u00e1 apresentada pelos Prefeitos das Congrega\u00e7\u00f5es para os Bispos e para a Doutrina da F\u00e9, cardeal Marc Ouellet e dom Gerhard Ludwig M\u00fcller, e pelo Presidente do Pontif\u00edcio Conselho para a Promo\u00e7\u00e3o da Nova Evangeliza\u00e7\u00e3o, Dom Rino Fisichella.<\/p>\n<p style=\"text-align: justify\"><span style=\"color: #282828;text-align: justify;font-size: 12px;line-height: 150%\" id=\"content2\">A Enc\u00edclica estar\u00e1 dispon\u00edvel em cinco l\u00ednguas, entre elas, o portugu\u00eas.<\/span><\/p>\n<p>&nbsp;<\/p>\n<div style=\"overflow: hidden;color: #000000;background-color: transparent;text-align: left;text-decoration: none\"> <\/div>\n","protected":false},"excerpt":{"rendered":"<p>Papa Francisco escreveu a primeira enc\u00edclica do seu pontificado e o documento ser\u00e1 apresentado na sexta-feira, 5 de julho, na Sala de Imprensa da Santa S\u00e9 e ter\u00e1 o t\u00edtulo de &#8220;Lumen fidei&#8221; (Luz da f\u00e9).<\/p>\n","protected":false},"author":83,"featured_media":27531,"comment_status":"open","ping_status":"open","sticky":false,"template":"","format":"standard","meta":{"site-sidebar-layout":"default","site-content-layout":"default","ast-global-header-display":"","ast-banner-title-visibility":"","ast-main-header-display":"","ast-hfb-above-header-display":"","ast-hfb-below-header-display":"","ast-hfb-mobile-header-display":"","site-post-title":"","ast-breadcrumbs-content":"","ast-featured-img":"","footer-sml-layout":"","theme-transparent-header-meta":"","adv-header-id-meta":"","stick-header-meta":"","header-above-stick-meta":"","header-main-stick-meta":"","header-below-stick-meta":""},"categories":[784],"tags":[],"acf":[],"_links":{"self":[{"href":"https:\/\/www.cnbb.org.br\/cnbb-app\/wp\/v2\/posts\/28454"}],"collection":[{"href":"https:\/\/www.cnbb.org.br\/cnbb-app\/wp\/v2\/posts"}],"about":[{"href":"https:\/\/www.cnbb.org.br\/cnbb-app\/wp\/v2\/types\/post"}],"author":[{"embeddable":true,"href":"https:\/\/www.cnbb.org.br\/cnbb-app\/wp\/v2\/users\/83"}],"replies":[{"embeddable":true,"href":"https:\/\/www.cnbb.org.br\/cnbb-app\/wp\/v2\/comments?post=28454"}],"version-history":[{"count":0,"href":"https:\/\/www.cnbb.org.br\/cnbb-app\/wp\/v2\/posts\/28454\/revisions"}],"wp:featuredmedia":[{"embeddable":true,"href":"https:\/\/www.cnbb.org.br\/cnbb-app\/wp\/v2\/media\/27531"}],"wp:attachment":[{"href":"https:\/\/www.cnbb.org.br\/cnbb-app\/wp\/v2\/media?parent=28454"}],"wp:term":[{"taxonomy":"category","embeddable":true,"href":"https:\/\/www.cnbb.org.br\/cnbb-app\/wp\/v2\/categories?post=28454"},{"taxonomy":"post_tag","embeddable":true,"href":"https:\/\/www.cnbb.org.br\/cnbb-app\/wp\/v2\/tags?post=28454"}],"curies":[{"name":"wp","href":"https:\/\/api.w.org\/{rel}","templated":true}]}}