{"id":28455,"date":"2013-07-02T00:00:00","date_gmt":"2013-07-02T03:00:00","guid":{"rendered":"https:\/\/www.cnbb.org.br\/jornada-e-intencao-de-oracao-do-papa-para-julho-2\/"},"modified":"2013-07-02T00:00:00","modified_gmt":"2013-07-02T03:00:00","slug":"jornada-e-intencao-de-oracao-do-papa-para-julho-2","status":"publish","type":"post","link":"https:\/\/www.cnbb.org.br\/jornada-e-intencao-de-oracao-do-papa-para-julho-2\/","title":{"rendered":"Jornada \u00e9 inten\u00e7\u00e3o de ora\u00e7\u00e3o do Papa para julho"},"content":{"rendered":"<p style=\"text-align: justify\">Durante todo o m\u00eas de julho, a Jornada Mundial da Juventude (JMJ) Rio2013, \u00e9 a inten\u00e7\u00e3o geral das ora\u00e7\u00e3o do Santo Padre, o Papa Francisco, e de toda a Igreja. Segundo informa\u00e7\u00f5es do Vaticano, os fi\u00e9is dever\u00e3o interceder pela missionariedade dos jovens. &#8220;Para que a Jornada Mundial da Juventude, que se realiza no Brasil, encoraje todos os jovens crist\u00e3os a tornarem-se disc\u00edpulos e mission\u00e1rios do Evangelho&#8221;. Como inten\u00e7\u00e3o mission\u00e1ria, o Santo Padre pede pelo continente asi\u00e1tico &#8220;Para que em todo o continente asi\u00e1tico estejam abertas as portas aos mensageiros do Evangelho&#8221;.<\/p>\n<p style=\"text-align: justify\">No m\u00eas de julho, a agenda oficial do Papa Francisco sofreu modifica\u00e7\u00f5es. No dia 22, o Papa embarca para o Brasil e regressa ao Vaticano uma semana depois. O Angelus do dia 28 ser\u00e1 celebrado no Rio de Janeiro, durante a JMJ. Os Angelus dominicais est\u00e3o confirmados e o Santo Padre guiar\u00e1 a ora\u00e7\u00e3o mariana do Vaticano, inclusive no m\u00eas de agosto. Outra exce\u00e7\u00e3o em julho ser\u00e1 o Angelus do dia 14, que ser\u00e1 feito em Castel Gandolfo.<\/p>\n<p style=\"text-align: justify\">A partir da pr\u00f3xima segunda-feira, 8, est\u00e3o suspensas tamb\u00e9m as Missas matutinas do Papa na presen\u00e7a de grupos na capela da Casa Santa Marta. Neste dia, o Santo Padre visitar\u00e1 a ilha de Lampedusa, no extremo sul da It\u00e1lia. Al\u00e9m disso, as Audi\u00eancias Gerais das quartas-feiras estar\u00e3o suspensas e ser\u00e3o retomadas regularmente a partir do dia 4 de setembro \u2013 com transmiss\u00e3o ao vivo do Programa Brasileiro.&nbsp;No m\u00eas de agosto, dia 15 \u2013 solenidade da Assun\u00e7\u00e3o de Maria Sant\u00edssima \u2013, foi confirmada a tradicional Santa Missa celebrada na par\u00f3quia de Castel Gandolfo e, sucessivamente, o Angelus do p\u00e1tio da resid\u00eancia de ver\u00e3o.<\/p>\n","protected":false},"excerpt":{"rendered":"<p>Durante todo o m\u00eas de julho, a Jornada Mundial da Juventude (JMJ) Rio2013, \u00e9 a inten\u00e7\u00e3o geral das ora\u00e7\u00e3o do Santo Padre, o Papa Francisco, e de toda a Igreja. Segundo informa\u00e7\u00f5es do Vaticano, os fi\u00e9is dever\u00e3o interceder pela missionariedade dos jovens. &#8220;Para que a Jornada Mundial da Juventude, que se realiza no Brasil, encoraje &hellip;<\/p>\n<p class=\"read-more\"> <a class=\"\" href=\"https:\/\/www.cnbb.org.br\/jornada-e-intencao-de-oracao-do-papa-para-julho-2\/\"> <span class=\"screen-reader-text\">Jornada \u00e9 inten\u00e7\u00e3o de ora\u00e7\u00e3o do Papa para julho<\/span> Leia mais &raquo;<\/a><\/p>\n","protected":false},"author":83,"featured_media":27533,"comment_status":"open","ping_status":"open","sticky":false,"template":"","format":"standard","meta":{"site-sidebar-layout":"default","site-content-layout":"default","ast-global-header-display":"","ast-banner-title-visibility":"","ast-main-header-display":"","ast-hfb-above-header-display":"","ast-hfb-below-header-display":"","ast-hfb-mobile-header-display":"","site-post-title":"","ast-breadcrumbs-content":"","ast-featured-img":"","footer-sml-layout":"","theme-transparent-header-meta":"","adv-header-id-meta":"","stick-header-meta":"","header-above-stick-meta":"","header-main-stick-meta":"","header-below-stick-meta":""},"categories":[784],"tags":[],"acf":[],"_links":{"self":[{"href":"https:\/\/www.cnbb.org.br\/cnbb-app\/wp\/v2\/posts\/28455"}],"collection":[{"href":"https:\/\/www.cnbb.org.br\/cnbb-app\/wp\/v2\/posts"}],"about":[{"href":"https:\/\/www.cnbb.org.br\/cnbb-app\/wp\/v2\/types\/post"}],"author":[{"embeddable":true,"href":"https:\/\/www.cnbb.org.br\/cnbb-app\/wp\/v2\/users\/83"}],"replies":[{"embeddable":true,"href":"https:\/\/www.cnbb.org.br\/cnbb-app\/wp\/v2\/comments?post=28455"}],"version-history":[{"count":0,"href":"https:\/\/www.cnbb.org.br\/cnbb-app\/wp\/v2\/posts\/28455\/revisions"}],"wp:featuredmedia":[{"embeddable":true,"href":"https:\/\/www.cnbb.org.br\/cnbb-app\/wp\/v2\/media\/27533"}],"wp:attachment":[{"href":"https:\/\/www.cnbb.org.br\/cnbb-app\/wp\/v2\/media?parent=28455"}],"wp:term":[{"taxonomy":"category","embeddable":true,"href":"https:\/\/www.cnbb.org.br\/cnbb-app\/wp\/v2\/categories?post=28455"},{"taxonomy":"post_tag","embeddable":true,"href":"https:\/\/www.cnbb.org.br\/cnbb-app\/wp\/v2\/tags?post=28455"}],"curies":[{"name":"wp","href":"https:\/\/api.w.org\/{rel}","templated":true}]}}