{"id":28456,"date":"2013-07-03T00:00:00","date_gmt":"2013-07-03T03:00:00","guid":{"rendered":"https:\/\/www.cnbb.org.br\/sao-pedro-como-papa-da-igreja-2\/"},"modified":"2013-07-03T00:00:00","modified_gmt":"2013-07-03T03:00:00","slug":"sao-pedro-como-papa-da-igreja-2","status":"publish","type":"post","link":"https:\/\/www.cnbb.org.br\/sao-pedro-como-papa-da-igreja-2\/","title":{"rendered":"S\u00e3o Pedro como Papa da Igreja"},"content":{"rendered":"<p style=\"text-align: right\"><strong>Dom Gil Ant\u00f4nio Moreira<\/strong><br \/><strong>Arcebispo de Juiz de Fora (MG)<\/strong><\/p>\n<p style=\"text-align: justify\">Para que pud\u00e9ssemos viver autenticamente as suas verdades, foi que Cristo organizou a sua Igreja. \u00c9 nela e atrav\u00e9s dela, que todas as coisas reveladas e todos os ensinamentos de Cristo chegam indefect\u00edveis a n\u00f3s.<\/p>\n<p>  <!--more-->  <\/p>\n<p style=\"text-align: justify\">Cristo est\u00e1 presente na Igreja. Sem ela, n\u00e3o se pode ver o rosto verdadeiro de Cristo, pois foi Cristo que a desejou, que a fundou e que a organizou hierarquicamente para permanecer Ele pr\u00f3prio na terra atualizando a sua obra salvadora. Foi Cristo que escolheu a Pedro como fundamento vis\u00edvel da Igreja quando disse: Tu \u00e9s Pedro e sobre esta pedra edificarei a minha Igreja. (Mt.16, 18).<\/p>\n<p style=\"text-align: justify\">Pedro, como primeiro Papa, e como todos os Papas, \u00e9 sinal vivo de Cristo na terra, como s\u00edmbolo forte e indispens\u00e1vel da unidade da Igreja desejada pelo Senhor: Que todos sejam um, \u00f3 Pai, como eu e Tu somos um! (Jo.17,22)<\/p>\n<p style=\"text-align: justify\">A Igreja \u00e9 obra divina constitu\u00edda pela bondade de Deus em favor das pessoas humanas, como m\u00e3e bondosa a quem todos devem amar com afei\u00e7\u00e3o de filhos. A frase de S\u00e3o Paulo aos Ef\u00e9sios, 5, 25, Dilexit&nbsp; Ecclesiam, revela o imenso amor de Cristo pela sua Igreja como a uma verdadeira esposa: Ele amou a Igreja!<\/p>\n<p style=\"text-align: justify\">Procurando se assemelhar a Cristo em tudo, o fiel proclama que antes de qualquer a\u00e7\u00e3o pastoral, antes de qualquer op\u00e7\u00e3o no campo das id\u00e9ias, antes de qualquer outra fun\u00e7\u00e3o dos pastores, deve estar este amor incondicional \u00e0 Igreja.<\/p>\n<p style=\"text-align: justify\">Certa vez, ouvi um santo bispo&nbsp; afirmar: a Igreja para mim \u00e9 Cristo. Ela \u00e9 o corpo m\u00edstico do Cristo. E\u00b4corpo vivo, n\u00e3o morto. Por isso amar a Igreja \u00e9 o mesmo que amar a Cristo; ofender a Igreja \u00e9 o mesmo que ofender a Cristo.<\/p>\n<p style=\"text-align: justify\">Tal Bispo amava a Igreja e a amava por completo. N\u00e3o lhe cabia na mente uma&nbsp; dicotomia entre Igreja\u2013povo e Igreja-hierarquia. Segundo seus s\u00e1bios ensinamentos, seria uma heresia considerar a Igreja como se fosse a jun\u00e7\u00e3o de duas classes e pior ainda como se fossem dois grupos em continua luta ou disputa pelo poder eclesi\u00e1stico. Tal pensamento causava verdadeiro horror \u00e0 alma daquele santo Pastor.<\/p>\n<p style=\"text-align: justify\">Na verdade, se algum eclesi\u00f3logo assim o julgasse dicotomicamente, deixaria de ser fiel a Cristo na conceitua\u00e7\u00e3o eclesiol\u00f3gica e por isso deixaria de ser verdadeiramente cat\u00f3lico. Foi Cristo quem disse: eu sou a videira e v\u00f3s sois os ramos (Jo.15,5). Qualquer id\u00e9ia dicot\u00f4mica comprometeria este conceito de Cristo que v\u00ea a Igreja como una. O Conc\u00edlio Vaticano II, em seu decreto Ad Gentes, afirma: \u00c9 o Esp\u00edrito Santo que no decurso dos tempos, unifica a Igreja inteira, na comunh\u00e3o e no minist\u00e9rio&#8230; (A.G. 4)<\/p>\n<p style=\"text-align: justify\">Contemplando Pedro e sua miss\u00e3o na Igreja, pode-se entender bem o que significa a vida da santidade. Ser santo \u00e9 estar em continua sintonia com Deus. \u00c9 ir aos pouco, na viv\u00eancia de sua miss\u00e3o eclesial, se deixando invadir pela gra\u00e7a de Deus at\u00e9 viver plenamente em Cristo em favor dos outros. \u00c0 semelhan\u00e7a de S\u00e3o Paulo Ap\u00f3stolo, ele chegar\u00e1 a dizer: Eu vivo, mas n\u00e3o eu, \u00e9 Cristo que vive em mim! (Gal.2,20).<\/p>\n<p style=\"text-align: justify\">A 29 de junho, Dia de S\u00e3o Pedro, ou no domingo mais pr\u00f3ximo, celebramos os mist\u00e9rios de Cristo na miss\u00e3o de Pedro, e comemoramos o Dia do Papa. Que Deus continue derramando com abund\u00e2ncia suas luzes e suas gra\u00e7as sobre a Igreja toda e sobre o Sucessor de Pedro, hoje o t\u00e3o querido Papa Francisco que j\u00e1 conquistou o mundo. A ele, parab\u00e9ns e louvores. Ad multos annos!<\/p>\n","protected":false},"excerpt":{"rendered":"<p>Dom Gil Ant\u00f4nio MoreiraArcebispo de Juiz de Fora (MG) Para que pud\u00e9ssemos viver autenticamente as suas verdades, foi que Cristo organizou a sua Igreja. \u00c9 nela e atrav\u00e9s dela, que todas as coisas reveladas e todos os ensinamentos de Cristo chegam indefect\u00edveis a n\u00f3s.<\/p>\n","protected":false},"author":83,"featured_media":0,"comment_status":"open","ping_status":"open","sticky":false,"template":"","format":"standard","meta":{"site-sidebar-layout":"default","site-content-layout":"default","ast-global-header-display":"","ast-banner-title-visibility":"","ast-main-header-display":"","ast-hfb-above-header-display":"","ast-hfb-below-header-display":"","ast-hfb-mobile-header-display":"","site-post-title":"","ast-breadcrumbs-content":"","ast-featured-img":"","footer-sml-layout":"","theme-transparent-header-meta":"","adv-header-id-meta":"","stick-header-meta":"","header-above-stick-meta":"","header-main-stick-meta":"","header-below-stick-meta":""},"categories":[784],"tags":[],"acf":[],"_links":{"self":[{"href":"https:\/\/www.cnbb.org.br\/cnbb-app\/wp\/v2\/posts\/28456"}],"collection":[{"href":"https:\/\/www.cnbb.org.br\/cnbb-app\/wp\/v2\/posts"}],"about":[{"href":"https:\/\/www.cnbb.org.br\/cnbb-app\/wp\/v2\/types\/post"}],"author":[{"embeddable":true,"href":"https:\/\/www.cnbb.org.br\/cnbb-app\/wp\/v2\/users\/83"}],"replies":[{"embeddable":true,"href":"https:\/\/www.cnbb.org.br\/cnbb-app\/wp\/v2\/comments?post=28456"}],"version-history":[{"count":0,"href":"https:\/\/www.cnbb.org.br\/cnbb-app\/wp\/v2\/posts\/28456\/revisions"}],"wp:attachment":[{"href":"https:\/\/www.cnbb.org.br\/cnbb-app\/wp\/v2\/media?parent=28456"}],"wp:term":[{"taxonomy":"category","embeddable":true,"href":"https:\/\/www.cnbb.org.br\/cnbb-app\/wp\/v2\/categories?post=28456"},{"taxonomy":"post_tag","embeddable":true,"href":"https:\/\/www.cnbb.org.br\/cnbb-app\/wp\/v2\/tags?post=28456"}],"curies":[{"name":"wp","href":"https:\/\/api.w.org\/{rel}","templated":true}]}}