{"id":28465,"date":"2013-07-24T00:00:00","date_gmt":"2013-07-24T03:00:00","guid":{"rendered":"https:\/\/www.cnbb.org.br\/mesmo-com-frio-e-chuva-fieis-ja-estao-em-aparecida-para-missa-com-papa-francisco-2\/"},"modified":"2013-07-24T00:00:00","modified_gmt":"2013-07-24T03:00:00","slug":"mesmo-com-frio-e-chuva-fieis-ja-estao-em-aparecida-para-missa-com-papa-francisco-2","status":"publish","type":"post","link":"https:\/\/www.cnbb.org.br\/mesmo-com-frio-e-chuva-fieis-ja-estao-em-aparecida-para-missa-com-papa-francisco-2\/","title":{"rendered":"Mesmo com frio e chuva, fi\u00e9is j\u00e1 est\u00e3o em Aparecida para missa com Papa Francisco"},"content":{"rendered":"<p style=\"text-align: justify\">Milhares de pessoas enfrentaram a madrugada com sensa\u00e7\u00e3o t\u00e9rmica de 4 graus para participar da missa que ser\u00e1 presidida pelo Papa Francisco em Aparecida, logo mais \u00e0s 10h30, no Santu\u00e1rio Nacional. Por volta das 7 da manh\u00e3, enquanto os fi\u00e9is come\u00e7avam a passar pela revista da seguran\u00e7a, come\u00e7ou a chover.<\/p>\n<p>  <!--more-->  <\/p>\n<p style=\"text-align: justify\">Dentro do Santu\u00e1rio Nacional, a Capela dos Ap\u00f3stolos &#8211; onde fica guardada a imagem de Nossa Senhora Aparecida &#8211; est\u00e1 tudo pronto. Neste local, o Papa Francisco far\u00e1 uma ora\u00e7\u00e3o \u00e0 Padroeira do Brasil. Acompanhar\u00e3o este momento o clero da Arquidiocese de Aparecida e os Missionarios Redentoristas que atuam no Santu\u00e1rio. Est\u00e1 presente tamb\u00e9m o Superior Geral dos Redentoristas, padre Michael Brehl.&nbsp;<\/p>\n","protected":false},"excerpt":{"rendered":"<p>Milhares de pessoas enfrentaram a madrugada com sensa\u00e7\u00e3o t\u00e9rmica de 4 graus para participar da missa que ser\u00e1 presidida pelo Papa Francisco em Aparecida, logo mais \u00e0s 10h30, no Santu\u00e1rio Nacional. Por volta das 7 da manh\u00e3, enquanto os fi\u00e9is come\u00e7avam a passar pela revista da seguran\u00e7a, come\u00e7ou a chover.<\/p>\n","protected":false},"author":83,"featured_media":27549,"comment_status":"open","ping_status":"open","sticky":false,"template":"","format":"standard","meta":{"site-sidebar-layout":"default","site-content-layout":"default","ast-global-header-display":"","ast-banner-title-visibility":"","ast-main-header-display":"","ast-hfb-above-header-display":"","ast-hfb-below-header-display":"","ast-hfb-mobile-header-display":"","site-post-title":"","ast-breadcrumbs-content":"","ast-featured-img":"","footer-sml-layout":"","theme-transparent-header-meta":"","adv-header-id-meta":"","stick-header-meta":"","header-above-stick-meta":"","header-main-stick-meta":"","header-below-stick-meta":""},"categories":[784],"tags":[],"acf":[],"_links":{"self":[{"href":"https:\/\/www.cnbb.org.br\/cnbb-app\/wp\/v2\/posts\/28465"}],"collection":[{"href":"https:\/\/www.cnbb.org.br\/cnbb-app\/wp\/v2\/posts"}],"about":[{"href":"https:\/\/www.cnbb.org.br\/cnbb-app\/wp\/v2\/types\/post"}],"author":[{"embeddable":true,"href":"https:\/\/www.cnbb.org.br\/cnbb-app\/wp\/v2\/users\/83"}],"replies":[{"embeddable":true,"href":"https:\/\/www.cnbb.org.br\/cnbb-app\/wp\/v2\/comments?post=28465"}],"version-history":[{"count":0,"href":"https:\/\/www.cnbb.org.br\/cnbb-app\/wp\/v2\/posts\/28465\/revisions"}],"wp:featuredmedia":[{"embeddable":true,"href":"https:\/\/www.cnbb.org.br\/cnbb-app\/wp\/v2\/media\/27549"}],"wp:attachment":[{"href":"https:\/\/www.cnbb.org.br\/cnbb-app\/wp\/v2\/media?parent=28465"}],"wp:term":[{"taxonomy":"category","embeddable":true,"href":"https:\/\/www.cnbb.org.br\/cnbb-app\/wp\/v2\/categories?post=28465"},{"taxonomy":"post_tag","embeddable":true,"href":"https:\/\/www.cnbb.org.br\/cnbb-app\/wp\/v2\/tags?post=28465"}],"curies":[{"name":"wp","href":"https:\/\/api.w.org\/{rel}","templated":true}]}}