{"id":28484,"date":"2013-08-26T00:00:00","date_gmt":"2013-08-26T03:00:00","guid":{"rendered":"https:\/\/www.cnbb.org.br\/nao-cristaos-nunca-cristaos-de-etiqueta-cristaos-de-verdade-de-coracao-refletiu-o-papa-no-angelus-2\/"},"modified":"2013-08-26T00:00:00","modified_gmt":"2013-08-26T03:00:00","slug":"nao-cristaos-nunca-cristaos-de-etiqueta-cristaos-de-verdade-de-coracao-refletiu-o-papa-no-angelus-2","status":"publish","type":"post","link":"https:\/\/www.cnbb.org.br\/nao-cristaos-nunca-cristaos-de-etiqueta-cristaos-de-verdade-de-coracao-refletiu-o-papa-no-angelus-2\/","title":{"rendered":"\u201cN\u00e3o crist\u00e3os, nunca crist\u00e3os de etiqueta! Crist\u00e3os de verdade, de cora\u00e7\u00e3o\u201d, refletiu o Papa no Angelus"},"content":{"rendered":"<p style=\"text-align: justify\">No Angelus do domingo, 25, Papa Francisco refletiu sobre a salva\u00e7\u00e3o, tema proposto pelo Evangelho do dia. O Santo Padre enfatizou que n\u00e3o se deve ter medo de atravessar a porta da f\u00e9 em Jesus, pois Ele ilumina a vida do homem com uma luz que n\u00e3o se apaga nunca. Referindo-se \u00e0 figura da \u201cporta estreita\u201d, aquela que leva \u00e0 salva\u00e7\u00e3o, Francisco explicou que ela aparece v\u00e1rias vezes no Evangelho e remete \u00e0 casa, ao lar, onde se encontra seguran\u00e7a e amor. E esta porta de salva\u00e7\u00e3o \u00e9 o pr\u00f3prio Cristo.<\/p>\n<p><!--more--><\/p>\n<p style=\"text-align: justify\">\u201cEle \u00e9 a porta. Ele \u00e9 a passagem para a salva\u00e7\u00e3o. Ele nos conduz ao Pai. E a porta que \u00e9 Jesus n\u00e3o est\u00e1 nunca fechada, esta porta n\u00e3o est\u00e1 nunca fechada, est\u00e1 aberta sempre e a todos, sem distin\u00e7\u00e3o, sem exclus\u00e3o, sem privil\u00e9gios\u201d, disse. O Santo Padre falou ainda das v\u00e1rias portas existentes hoje que prometem uma felicidade, mas trata-se de algo passageiro. Ao contr\u00e1rio, a porta da f\u00e9 em Jesus \u00e9 o caminho a seguir sem medo. Ele explicou que esta porta de Jesus \u00e9 estreita, pois requer a abertura do cora\u00e7\u00e3o a Cristo. \u201cSer crist\u00e3o \u00e9 viver e testemunhar a f\u00e9 na ora\u00e7\u00e3o, nas obras de caridade, no promover a justi\u00e7a, no fazer o bem. Pela porta estreita que \u00e9 Cristo deve passar toda a nossa vida\u201d.<\/p>\n<p style=\"text-align: justify\"><strong>Leia na \u00edntegra a homilia:<\/strong><\/p>\n<p style=\"text-align: justify\">Queridos irm\u00e3os e irm\u00e3s, bom dia!<\/p>\n<p style=\"text-align: justify\">O Evangelho de hoje nos convida a refletir sobre o tema da salva\u00e7\u00e3o. Jesus est\u00e1 saindo da Galileia rumo \u00e0 cidade de Jerusal\u00e9m e ao longo do caminho algu\u00e9m \u2013 conta o evangelista Lucas \u2013 aproxima-se a Ele e lhe pergunta: \u201cSenhor, s\u00e3o poucos os que se salvam?\u201d (13, 23). Jesus n\u00e3o responde diretamente \u00e0 pergunta: n\u00e3o \u00e9 importante saber quantos se salvam, mas \u00e9 bastante importante saber qual \u00e9 o caminho da salva\u00e7\u00e3o. E ent\u00e3o \u00e0 pergunta Jesus responde dizendo: \u201cFazei todo esfor\u00e7o poss\u00edvel para entrar pela porta estreita. Porque eu vos digo que muitos tentar\u00e3o entrar e n\u00e3o conseguir\u00e3o\u201d (v. 24). O que Jesus quer dizer? Qual \u00e9 a porta pela qual devemos entrar? E porque Jesus fala de uma porta estreita?<\/p>\n<p style=\"text-align: justify\">A imagem da porta volta v\u00e1rias vezes no Evangelho e remete \u00e0quela da casa, do lar, onde encontramos seguran\u00e7a, amor, calor. Jesus nos diz que h\u00e1 uma porta que nos faz entrar na fam\u00edlia de Deus, no calor da casa de Deus, da comunh\u00e3o com Ele. Esta porta \u00e9 o pr\u00f3prio Jesus (cfr Jo 10, 9). Ele \u00e9 a porta. Ele \u00e9 a passagem para a salva\u00e7\u00e3o. Ele nos conduz ao Pai. E a porta que \u00e9 Jesus n\u00e3o est\u00e1 nunca fechada, esta porta n\u00e3o est\u00e1 nunca fechada, est\u00e1 aberta sempre e a todos, sem distin\u00e7\u00e3o, sem exclus\u00e3o, sem privil\u00e9gios. Porque, voc\u00eas sabem, Jesus n\u00e3o exclui ningu\u00e9m. Algum de voc\u00eas poderia dizer-me: \u201cMas padre, com certeza eu sou exclu\u00eddo, porque sou um grande pecador: fiz tantas coisas m\u00e1s, fiz tantas, na vida\u201d. N\u00e3o, voc\u00ea n\u00e3o est\u00e1 exclu\u00eddo! Justamente por isso voc\u00ea \u00e9 o preferido, porque Jesus prefere o pecador, sempre, para perdo\u00e1-lo, para am\u00e1-lo. Jesus est\u00e1 esperando voc\u00ea para te abra\u00e7ar, te perdoar. N\u00e3o ter medo: Ele te espera. Animado, tenha coragem para entrar pela sua porta. Todos s\u00e3o convidados a atravessar esta porta, a atravessar a porta da f\u00e9, a entrar na sua vida e a faz\u00ea-Lo entrar na nossa vida, para que Ele a transforme, a renove, d\u00ea a ela alegria plena e duradoura.<\/p>\n<p style=\"text-align: justify\">Nos dias de hoje, passamos diante de tantas portas que nos convidam a entrar prometendo uma felicidade que depois percebemos que dura somente um instante, que \u00e9 um fim em si mesma e n\u00e3o tem futuro. Mas eu pergunto a voc\u00eas: n\u00f3s, por qual porta queremos entrar? E quem queremos fazer entrar pela porta da nossa vida? Gostaria de dizer com for\u00e7a: n\u00e3o devemos ter medo de atravessar a porta da f\u00e9 em Jesus, de deix\u00e1-Lo entrar sempre mais na nossa vida, de sair de nossos ego\u00edsmos, dos nossos fechamentos, das nossas indiferen\u00e7as com os outros. Porque Jesus ilumina a nossa vida com uma luz que n\u00e3o se apaga mais. N\u00e3o \u00e9 um fogo de artif\u00edcio, n\u00e3o \u00e9 um flash! N\u00e3o, \u00e9 uma luz tranquila que dura sempre e nos d\u00e1 paz. Assim \u00e9 a luz que encontramos se entramos pela porta de Jesus.<\/p>\n<p style=\"text-align: justify\">Certo, aquela de Jesus \u00e9 uma porta estreita, n\u00e3o porque seja uma sala de tortura. N\u00e3o, n\u00e3o por isto! Mas porque nos pede para abrir o nosso cora\u00e7\u00e3o a Ele, para reconhecer-nos pecadores, necessitados da sua salva\u00e7\u00e3o, do seu perd\u00e3o, do seu amor, de ter humildade para acolher a sua miseric\u00f3rdia e fazer-nos renovar por Ele. Jesus no Evangelho nos diz que ser crist\u00e3os n\u00e3o \u00e9 ter uma \u201cetiqueta\u201d! Eu pergunto a voc\u00eas: voc\u00eas s\u00e3o crist\u00e3os de etiqueta ou de verdade? E cada um responda para si! N\u00e3o crist\u00e3os, nunca crist\u00e3os de etiqueta! Crist\u00e3os de verdade, de cora\u00e7\u00e3o. Ser crist\u00e3o \u00e9 viver e testemunhar a f\u00e9 na ora\u00e7\u00e3o, nas obras de caridade, no promover a justi\u00e7a, no fazer o bem. Pela porta estreita que \u00e9 Cristo deve passar toda a nossa vida.<\/p>\n<p style=\"text-align: justify\">\u00c0 Virgem Maria, Porta do C\u00e9u, pe\u00e7amos que nos ajude a atravessar a porta da f\u00e9, a deixar que o seu Filho transforme a nossa exist\u00eancia como transformou a sua para levar a todos a alegria do Evangelho.<\/p>\n<p style=\"text-align: justify\"><strong>Apelo pela S\u00edria<\/strong><br \/>\nCom grande sofrimento e preocupa\u00e7\u00e3o continuo acompanhando a situa\u00e7\u00e3o na S\u00edria. O aumento da viol\u00eancia em uma guerra entre irm\u00e3os, com o multiplicar dos massacres e atrocidades, que todos pudemos ver tamb\u00e9m nas terr\u00edveis imagens destes dias, leva-me mais uma vez a exortar para que cesse o barulho das armas. N\u00e3o \u00e9 o conflito que oferece perspectivas de esperan\u00e7a para resolver os problemas, mas \u00e9 a capacidade de encontro e de di\u00e1logo.<\/p>\n<p style=\"text-align: justify\">Do fundo do meu cora\u00e7\u00e3o, gostaria de manifestar a minha proximidade com a ora\u00e7\u00e3o e a solidariedade a todas as v\u00edtimas deste conflito, a todos aqueles que sofrem, especialmente as crian\u00e7as, e convidar a ter sempre viva a esperan\u00e7a de paz. Fa\u00e7o apelo \u00e0 Comunidade Internacional para que se mostre mas sens\u00edvel a esta tr\u00e1gica situa\u00e7\u00e3o e coloque todo o seu empenho para ajudar a amada na\u00e7\u00e3o s\u00edria a encontrar uma solu\u00e7\u00e3o a uma guerra que semeia destrui\u00e7\u00e3o e morte.<\/p>\n<p style=\"text-align: justify\">Todos juntos, rezemos, todos juntos rezemos \u00e0 Maria, Rainha da Paz: Maria, Rainha da Paz, rogai por n\u00f3s. Todos: Maria, Rainha da Paz, rogai por n\u00f3s.<\/p>\n","protected":false},"excerpt":{"rendered":"<p>No Angelus do domingo, 25, Papa Francisco refletiu sobre a salva\u00e7\u00e3o, tema proposto pelo Evangelho do dia. O Santo Padre enfatizou que n\u00e3o se deve ter medo de atravessar a porta da f\u00e9 em Jesus, pois Ele ilumina a vida do homem com uma luz que n\u00e3o se apaga nunca. Referindo-se \u00e0 figura da \u201cporta &hellip;<\/p>\n<p class=\"read-more\"> <a class=\"\" href=\"https:\/\/www.cnbb.org.br\/nao-cristaos-nunca-cristaos-de-etiqueta-cristaos-de-verdade-de-coracao-refletiu-o-papa-no-angelus-2\/\"> <span class=\"screen-reader-text\">\u201cN\u00e3o crist\u00e3os, nunca crist\u00e3os de etiqueta! Crist\u00e3os de verdade, de cora\u00e7\u00e3o\u201d, refletiu o Papa no Angelus<\/span> Leia mais &raquo;<\/a><\/p>\n","protected":false},"author":83,"featured_media":27584,"comment_status":"open","ping_status":"open","sticky":false,"template":"","format":"standard","meta":{"site-sidebar-layout":"default","site-content-layout":"default","ast-global-header-display":"","ast-banner-title-visibility":"","ast-main-header-display":"","ast-hfb-above-header-display":"","ast-hfb-below-header-display":"","ast-hfb-mobile-header-display":"","site-post-title":"","ast-breadcrumbs-content":"","ast-featured-img":"","footer-sml-layout":"","theme-transparent-header-meta":"","adv-header-id-meta":"","stick-header-meta":"","header-above-stick-meta":"","header-main-stick-meta":"","header-below-stick-meta":""},"categories":[784],"tags":[],"acf":[],"_links":{"self":[{"href":"https:\/\/www.cnbb.org.br\/cnbb-app\/wp\/v2\/posts\/28484"}],"collection":[{"href":"https:\/\/www.cnbb.org.br\/cnbb-app\/wp\/v2\/posts"}],"about":[{"href":"https:\/\/www.cnbb.org.br\/cnbb-app\/wp\/v2\/types\/post"}],"author":[{"embeddable":true,"href":"https:\/\/www.cnbb.org.br\/cnbb-app\/wp\/v2\/users\/83"}],"replies":[{"embeddable":true,"href":"https:\/\/www.cnbb.org.br\/cnbb-app\/wp\/v2\/comments?post=28484"}],"version-history":[{"count":0,"href":"https:\/\/www.cnbb.org.br\/cnbb-app\/wp\/v2\/posts\/28484\/revisions"}],"wp:featuredmedia":[{"embeddable":true,"href":"https:\/\/www.cnbb.org.br\/cnbb-app\/wp\/v2\/media\/27584"}],"wp:attachment":[{"href":"https:\/\/www.cnbb.org.br\/cnbb-app\/wp\/v2\/media?parent=28484"}],"wp:term":[{"taxonomy":"category","embeddable":true,"href":"https:\/\/www.cnbb.org.br\/cnbb-app\/wp\/v2\/categories?post=28484"},{"taxonomy":"post_tag","embeddable":true,"href":"https:\/\/www.cnbb.org.br\/cnbb-app\/wp\/v2\/tags?post=28484"}],"curies":[{"name":"wp","href":"https:\/\/api.w.org\/{rel}","templated":true}]}}