{"id":28488,"date":"2013-09-04T00:00:00","date_gmt":"2013-09-04T03:00:00","guid":{"rendered":"https:\/\/www.cnbb.org.br\/na-audiencia-geral-papa-francisco-renova-convite-ao-dia-de-jejum-e-oracao-pela-siria-e-fala-da-saudade-do-brasil-2\/"},"modified":"2013-09-04T00:00:00","modified_gmt":"2013-09-04T03:00:00","slug":"na-audiencia-geral-papa-francisco-renova-convite-ao-dia-de-jejum-e-oracao-pela-siria-e-fala-da-saudade-do-brasil-2","status":"publish","type":"post","link":"https:\/\/www.cnbb.org.br\/na-audiencia-geral-papa-francisco-renova-convite-ao-dia-de-jejum-e-oracao-pela-siria-e-fala-da-saudade-do-brasil-2\/","title":{"rendered":"Papa Francisco renova convite ao dia de jejum e ora\u00e7\u00e3o pela S\u00edria e  fala da saudade do Brasil"},"content":{"rendered":"<p style=\"text-align: justify\">Em sua primeira audi\u00eancia geral depois de mais de dois meses de recesso, o papa Francisco dedicou sua catequese desta quarta-feira, 04 de setembro, \u00e0 viagem que fez ao Brasil, por ocasi\u00e3o da Jornada Mundial da Juventude. \u201cConsidero importante falar deste evento para entender melhor o seu significado\u201d, disse o Santo Padre. Antes de tudo, o pont\u00edfice agradeceu a Deus o \u201cpresente\u201d de poder voltar ao continente americano e a Nossa Senhora Aparecida, \u201cimportante para a hist\u00f3ria da Igreja no Brasil e na Am\u00e9rica Latina\u201d, por t\u00ea-lo acompanhado durante toda a viagem.<\/p>\n<p>  <!--more-->  <\/p>\n<p style=\"text-align: justify\">Mais uma vez, agradeceu aos organizadores e \u00e0s autoridades civis e eclesi\u00e1sticas e a todos os brasileiros pela acolhida. \u201cBrava gente esses brasileiros\u201d, disse o papa sobre &nbsp;o acolhimento que, para ele, \u00e9 a primeira palavra que emerge da viagem ao Brasil. Segundo Francisco, a generosidade das fam\u00edlias e das par\u00f3quias brasileiras que acolheram fraternalmente os peregrinos, superando as dificuldades e inconvenientes, criou uma verdadeira rede de amizade.<\/p>\n<p style=\"text-align: justify\">O Santo Padre destacou o clima de festa da Jornada. \u201cVer jovens do mundo inteiro, saudando-se e abra\u00e7ando-se \u00e9 um testemunho para todos. Contudo, a JMJ \u00e9 acima de tudo uma festa da f\u00e9: todos unidos para louvar e adorar o Senhor\u201d. Falou tamb\u00e9m do aspecto mission\u00e1rio do evento. \u201cO mandato de Cristo aos seus disc\u00edpulos foi acompanhado da certeza de que estaria com eles todos os dias. Isso \u00e9 fundamental &#8211; disse o papa &#8211; pois somente com Ele n\u00f3s podemos levar o Evangelho, sem Cristo nada podemos fazer. Com Ele, ao inv\u00e9s, podemos fazer tantas coisas. Mesmo um jovem, que aos olhos do mundo conta pouco ou nada, aos olhos de Deus \u00e9 um ap\u00f3stolo do Reino, \u00e9 uma esperan\u00e7a para Deus!\u201d<\/p>\n<p style=\"text-align: justify\">Francisco, ent\u00e3o, se dirigiu diretamente \u00e0 juventude: \u201cSaiam de voc\u00eas mesmos, de todo fechamento para levar a luz e o amor do Evangelho a todos, at\u00e9 as extremas periferias da exist\u00eancia! Este foi precisamente o mandato de Jesus que confiei aos jovens que lotavam a perder de vista a praia de Copacabana. Um lugar simb\u00f3lico, a margem do oceano, que lembrava a margem do lago da Galileia.\u201d<\/p>\n<p style=\"text-align: justify\">\u201cOs jovens que estavam no Rio, prosseguiu o pont\u00edfice, n\u00e3o s\u00e3o not\u00edcia porque n\u00e3o fazem esc\u00e2ndalos e atos violentos. Mas se permanecerem unidos a Jesus, eles constroem o seu Reino, constroem fraternidade e s\u00e3o uma for\u00e7a potente para tornar o mundo mais justo e mais belo para transform\u00e1-lo\u201d. &nbsp;Francisco pediu coragem \u00e0 juventude mundial para assumir o desafio de ser esta a for\u00e7a de amor e de miseric\u00f3rdia para mudar a realidade. &nbsp;\u201cAcolhimento, festa, miss\u00e3o: que essas n\u00e3o sejam mera lembran\u00e7a do que aconteceu no Rio, mas sejam \u00e2nimo da nossa vida e a de nossas comunidades&#8221;, concluiu.<\/p>\n<p style=\"text-align: justify\"><strong>Ora\u00e7\u00e3o<\/strong><\/p>\n<p style=\"text-align: justify\">Na sauda\u00e7\u00e3o aos peregrinos, &nbsp;em l\u00edngua portuguesa, disse aos brasileiros que est\u00e1 com saudade de sua visita a Aparecida e ao Rio. Francisco tamb\u00e9m recordou que s\u00e1bado pr\u00f3ximo ser\u00e1 dedicado ao jejum e \u00e0 ora\u00e7\u00e3o pela paz na S\u00edria, no Oriente M\u00e9dio e no mundo inteiro.<\/p>\n<p style=\"text-align: justify\">\u201cRenovo o convite a toda a Igreja a viver intensamente este dia e, desde j\u00e1, expresso reconhecimento aos outros irm\u00e3os crist\u00e3os, irm\u00e3os de outras religi\u00f5es e aos homens e mulheres de boa vontade que quiserem se unir a este momento. Exorto em especial os fi\u00e9is romanos e os peregrinos a participarem da vig\u00edlia de ora\u00e7\u00e3o, aqui na Pra\u00e7a S. Pedro, \u00e0s 19h, para invocar do Senhor o grande dom da paz. Que se eleve forte em toda a terra o grito da paz!\u201d<\/p>\n","protected":false},"excerpt":{"rendered":"<p>Em sua primeira audi\u00eancia geral depois de mais de dois meses de recesso, o papa Francisco dedicou sua catequese desta quarta-feira, 04 de setembro, \u00e0 viagem que fez ao Brasil, por ocasi\u00e3o da Jornada Mundial da Juventude. \u201cConsidero importante falar deste evento para entender melhor o seu significado\u201d, disse o Santo Padre. Antes de tudo, &hellip;<\/p>\n<p class=\"read-more\"> <a class=\"\" href=\"https:\/\/www.cnbb.org.br\/na-audiencia-geral-papa-francisco-renova-convite-ao-dia-de-jejum-e-oracao-pela-siria-e-fala-da-saudade-do-brasil-2\/\"> <span class=\"screen-reader-text\">Papa Francisco renova convite ao dia de jejum e ora\u00e7\u00e3o pela S\u00edria e  fala da saudade do Brasil<\/span> Leia mais &raquo;<\/a><\/p>\n","protected":false},"author":83,"featured_media":27592,"comment_status":"open","ping_status":"open","sticky":false,"template":"","format":"standard","meta":{"site-sidebar-layout":"default","site-content-layout":"default","ast-global-header-display":"","ast-banner-title-visibility":"","ast-main-header-display":"","ast-hfb-above-header-display":"","ast-hfb-below-header-display":"","ast-hfb-mobile-header-display":"","site-post-title":"","ast-breadcrumbs-content":"","ast-featured-img":"","footer-sml-layout":"","theme-transparent-header-meta":"","adv-header-id-meta":"","stick-header-meta":"","header-above-stick-meta":"","header-main-stick-meta":"","header-below-stick-meta":""},"categories":[784],"tags":[],"acf":[],"_links":{"self":[{"href":"https:\/\/www.cnbb.org.br\/cnbb-app\/wp\/v2\/posts\/28488"}],"collection":[{"href":"https:\/\/www.cnbb.org.br\/cnbb-app\/wp\/v2\/posts"}],"about":[{"href":"https:\/\/www.cnbb.org.br\/cnbb-app\/wp\/v2\/types\/post"}],"author":[{"embeddable":true,"href":"https:\/\/www.cnbb.org.br\/cnbb-app\/wp\/v2\/users\/83"}],"replies":[{"embeddable":true,"href":"https:\/\/www.cnbb.org.br\/cnbb-app\/wp\/v2\/comments?post=28488"}],"version-history":[{"count":0,"href":"https:\/\/www.cnbb.org.br\/cnbb-app\/wp\/v2\/posts\/28488\/revisions"}],"wp:featuredmedia":[{"embeddable":true,"href":"https:\/\/www.cnbb.org.br\/cnbb-app\/wp\/v2\/media\/27592"}],"wp:attachment":[{"href":"https:\/\/www.cnbb.org.br\/cnbb-app\/wp\/v2\/media?parent=28488"}],"wp:term":[{"taxonomy":"category","embeddable":true,"href":"https:\/\/www.cnbb.org.br\/cnbb-app\/wp\/v2\/categories?post=28488"},{"taxonomy":"post_tag","embeddable":true,"href":"https:\/\/www.cnbb.org.br\/cnbb-app\/wp\/v2\/tags?post=28488"}],"curies":[{"name":"wp","href":"https:\/\/api.w.org\/{rel}","templated":true}]}}