{"id":28489,"date":"2013-09-04T00:00:00","date_gmt":"2013-09-04T03:00:00","guid":{"rendered":"https:\/\/www.cnbb.org.br\/cardeal-joao-braz-aviz-a-paz-se-constroi-procurando-entender-as-razoes-do-outro-2\/"},"modified":"2013-09-04T00:00:00","modified_gmt":"2013-09-04T03:00:00","slug":"cardeal-joao-braz-aviz-a-paz-se-constroi-procurando-entender-as-razoes-do-outro-2","status":"publish","type":"post","link":"https:\/\/www.cnbb.org.br\/cardeal-joao-braz-aviz-a-paz-se-constroi-procurando-entender-as-razoes-do-outro-2\/","title":{"rendered":"Cardeal Jo\u00e3o Braz Aviz: \u201cA paz se constr\u00f3i procurando entender as raz\u00f5es do outro\u201d"},"content":{"rendered":"<p style=\"text-align: justify\">O cardeal dom Jo\u00e3o Braz de Aviz estar\u00e1 na Pra\u00e7a S\u00e3o Pedro, com os 40 membros da Congrega\u00e7\u00e3o para os Institutos de Vida Consagrada e as Sociedades de Vida Apost\u00f3lica, participando da Vig\u00edlia pela paz no Dia de Ora\u00e7\u00e3o e Jejum, convocado pelo papa Francisco, no pr\u00f3ximo s\u00e1bado, 7 de setembro. Em entrevista \u00e0 R\u00e1dio Vaticano, o cardeal-prefeito da Congrega\u00e7\u00e3o relembrou o apelo do Santo Padre que convocou os crist\u00e3os \u00e0 Vig\u00edlia de Ora\u00e7\u00e3o e de Jejum pela paz no mundo.<\/p>\n<p>  <!--more-->  <\/p>\n<p style=\"text-align: justify\">\u201cO papa nos alerta que esta \u00e9 uma estrada equivocada e sem sa\u00edda, e que a sa\u00edda \u00e9 a constru\u00e7\u00e3o da paz, do di\u00e1logo, da capacidade de aproxima\u00e7\u00e3o das pessoas; da paci\u00eancia hist\u00f3rica de continuar procurando entender as raz\u00f5es do outro e defender os valores que s\u00e3o os grandes valores da humanidade, como a paz, a justi\u00e7a, o perd\u00e3o e a capacidade de di\u00e1logo\u201d.<\/p>\n<p style=\"text-align: justify\">Dom Jo\u00e3o Braz disse que a Congrega\u00e7\u00e3o, com todos os religiosos, estar\u00e3o reunidos junto ao papa. \u201cPenso que em todo o mundo \u00e9 oportuno que n\u00f3s tamb\u00e9m tenhamos esta atitude de fazer ressoar concretamente este apelo do Santo Padre. \u00c9 um apelo no qual n\u00f3s nos sentimos uma s\u00f3 coisa com ele; n\u00f3s acreditamos neste caminho e sabemos que o Senhor \u00e9 capaz de dar a paz \u00e0 sua Igreja, dar a paz \u00e0s na\u00e7\u00f5es, a todas as culturas, \u00e0 conviv\u00eancia social no mundo inteiro, sobretudo neste momento em que n\u00f3s buscamos raz\u00f5es, modos e m\u00e9todos para poder realizar esta conviv\u00eancia globalizada. Temos os meios necess\u00e1rios, precisamos que estes valores profundos do cora\u00e7\u00e3o, que constroem a paz, possam sustentar o nosso caminho\u201d.<\/p>\n<p style=\"text-align: justify\">O cardeal acredita que esse \u00e9 um importante momento de apelo pela paz, sendo um \u201cgrito profundo pela paz\u201d. \u201c\u00c9 preciso que as na\u00e7\u00f5es entendam que o conflito, mesmo que seja em nome de uma seguran\u00e7a mundial, deve ser ultrapassado, deve ser levado \u00e0 frente como algo superado, que n\u00e3o tem sentido, e buscar esta outra estrada, que Deus pode nos conceder. Que Deus aben\u00e7oe a todos\u201d.<\/p>\n<p style=\"text-align: justify\">\u201cConstruamos a paz dentro de n\u00f3s, em nossos relacionamentos, construamos a paz juntamente com todos os homens e mulheres de boa vontade que acreditam nesta fase mais amadurecida da Humanidade, com a prote\u00e7\u00e3o do Senhor e a intercess\u00e3o de Nossa Senhora, que podem dar a n\u00f3s um rumo certo neste di\u00e1logo e nesta paz. Que Deus aben\u00e7oe a todos\u201d.<\/p>\n","protected":false},"excerpt":{"rendered":"<p>O cardeal dom Jo\u00e3o Braz de Aviz estar\u00e1 na Pra\u00e7a S\u00e3o Pedro, com os 40 membros da Congrega\u00e7\u00e3o para os Institutos de Vida Consagrada e as Sociedades de Vida Apost\u00f3lica, participando da Vig\u00edlia pela paz no Dia de Ora\u00e7\u00e3o e Jejum, convocado pelo papa Francisco, no pr\u00f3ximo s\u00e1bado, 7 de setembro. Em entrevista \u00e0 R\u00e1dio &hellip;<\/p>\n<p class=\"read-more\"> <a class=\"\" href=\"https:\/\/www.cnbb.org.br\/cardeal-joao-braz-aviz-a-paz-se-constroi-procurando-entender-as-razoes-do-outro-2\/\"> <span class=\"screen-reader-text\">Cardeal Jo\u00e3o Braz Aviz: \u201cA paz se constr\u00f3i procurando entender as raz\u00f5es do outro\u201d<\/span> Leia mais &raquo;<\/a><\/p>\n","protected":false},"author":83,"featured_media":27594,"comment_status":"open","ping_status":"open","sticky":false,"template":"","format":"standard","meta":{"site-sidebar-layout":"default","site-content-layout":"default","ast-global-header-display":"","ast-banner-title-visibility":"","ast-main-header-display":"","ast-hfb-above-header-display":"","ast-hfb-below-header-display":"","ast-hfb-mobile-header-display":"","site-post-title":"","ast-breadcrumbs-content":"","ast-featured-img":"","footer-sml-layout":"","theme-transparent-header-meta":"","adv-header-id-meta":"","stick-header-meta":"","header-above-stick-meta":"","header-main-stick-meta":"","header-below-stick-meta":""},"categories":[784],"tags":[],"acf":[],"_links":{"self":[{"href":"https:\/\/www.cnbb.org.br\/cnbb-app\/wp\/v2\/posts\/28489"}],"collection":[{"href":"https:\/\/www.cnbb.org.br\/cnbb-app\/wp\/v2\/posts"}],"about":[{"href":"https:\/\/www.cnbb.org.br\/cnbb-app\/wp\/v2\/types\/post"}],"author":[{"embeddable":true,"href":"https:\/\/www.cnbb.org.br\/cnbb-app\/wp\/v2\/users\/83"}],"replies":[{"embeddable":true,"href":"https:\/\/www.cnbb.org.br\/cnbb-app\/wp\/v2\/comments?post=28489"}],"version-history":[{"count":0,"href":"https:\/\/www.cnbb.org.br\/cnbb-app\/wp\/v2\/posts\/28489\/revisions"}],"wp:featuredmedia":[{"embeddable":true,"href":"https:\/\/www.cnbb.org.br\/cnbb-app\/wp\/v2\/media\/27594"}],"wp:attachment":[{"href":"https:\/\/www.cnbb.org.br\/cnbb-app\/wp\/v2\/media?parent=28489"}],"wp:term":[{"taxonomy":"category","embeddable":true,"href":"https:\/\/www.cnbb.org.br\/cnbb-app\/wp\/v2\/categories?post=28489"},{"taxonomy":"post_tag","embeddable":true,"href":"https:\/\/www.cnbb.org.br\/cnbb-app\/wp\/v2\/tags?post=28489"}],"curies":[{"name":"wp","href":"https:\/\/api.w.org\/{rel}","templated":true}]}}