{"id":28537,"date":"2014-02-01T00:00:00","date_gmt":"2014-02-01T02:00:00","guid":{"rendered":"https:\/\/www.cnbb.org.br\/mensagem-ao-dia-mundial-da-vida-consagrada-2\/"},"modified":"2014-02-01T00:00:00","modified_gmt":"2014-02-01T02:00:00","slug":"mensagem-ao-dia-mundial-da-vida-consagrada-2","status":"publish","type":"post","link":"https:\/\/www.cnbb.org.br\/mensagem-ao-dia-mundial-da-vida-consagrada-2\/","title":{"rendered":"Mensagem ao Dia Mundial da Vida Consagrada"},"content":{"rendered":"<p style=\"text-align: justify\">Na celebra\u00e7\u00e3o do 18\u00ba Dia Mundial da Vida Consagrada, 02 de fevereiro, o arcebispo de Palmas (TO) e presidente da Comiss\u00e3o Episcopal Pastoral para os Minist\u00e9rios Ordenados e a Vida Consagrada da CNBB, dom Pedro Brito Guimar\u00e3es, envia mensagem aos Institutos Seculares e de Vida Consagrada.<\/p>\n<p>  <!--more-->  <\/p>\n<p>\u00a0<\/p>\n<p style=\"text-align: justify\">No texto, o arcebispo destaca que os consagrados t\u00eam a miss\u00e3o de &#8220;ajudar os homens e as mulheres do nosso tempo a se encontrar com Jesus e ter a alegria de carreg\u00e1-lo no cora\u00e7\u00e3o&#8221;. Dom Pedro recorda as palavras do papa Francisco, na <em>Evangelli Gaudium<\/em>, na qual disse que a vida consagrada \u00e9 &#8220;um meio privilegiado de evangeliza\u00e7\u00e3o eficaz&#8221;.<\/p>\n<p style=\"text-align: justify\">&#8220;Neste dia de feliz comemora\u00e7\u00e3o dos vossos estados de vida, fa\u00e7amos votos que todas as comunidades paroquiais ou outras formas de comunidades e diferentes fam\u00edlias religiosas se re\u00fanam para momentos de ora\u00e7\u00e3o e fervorosa a\u00e7\u00e3o de gra\u00e7as&#8221;, desejou o arcebispo.<\/p>\n<p style=\"text-align: justify\"><strong>Confira a \u00edntegra da mensagem:<\/strong><\/p>\n<p style=\"text-align: justify\">\u00a0<\/p>\n<p style=\"text-align: justify\"><strong>Mensagem aos Institutos Seculares e de Vida Consagrada<\/strong><\/p>\n<p style=\"text-align: justify\">\u00a0<\/p>\n<p style=\"text-align: justify\">Amados, amadas de Deus<\/p>\n<p style=\"text-align: justify\">Tenho Sede!<\/p>\n<p style=\"text-align: justify\">\u00a0<\/p>\n<p style=\"text-align: justify\">&#8220;Despertem o mundo! Sejam testemunhos de uma forma diferente de fazer as coisas, de agir, de viver! \u00c9 poss\u00edvel viver neste mundo de forma diferente&#8221; (Papa Francisco).<\/p>\n<p style=\"text-align: justify\">Car\u00edssimos irm\u00e3os, car\u00edssimas irm\u00e3s, em Jesus Cristo, nosso Salvador, membros dos Institutos Seculares e das Sociedades de Vida Apost\u00f3lica, a nossa M\u00e3e Igreja faz coincidir o dia da Apresenta\u00e7\u00e3o de Jesus ao Templo com o dia dedicado aos senhores e \u00e0s senhoras.<\/p>\n<p style=\"text-align: justify\">As ricas imagens de Sime\u00e3o, com Jesus nos bra\u00e7os e a da profetisa Ana, que dia e noite servia a Deus no Templo, nos falam da harmonia que deve haver entre o antigo e o novo no cora\u00e7\u00e3o de cada consagrado(a) a Deus, qualquer que seja o estado de vida. Como n\u00e3o ver nestas imagens a vida e o trabalho de cada um dos senhores e de cada uma das senhoras, membros dos Institutos Seculares e das Sociedades de Vida Apost\u00f3lica, homens e mulheres que, de maneira livre e espont\u00e2nea, total e existencial, vivem, mediante os carismas pr\u00f3prios, a radicalidade do seguimento de Jesus. Toda voca\u00e7\u00e3o \u00e9 boa e bonita. Basta viv\u00ea-la em plenitude.<\/p>\n<p style=\"text-align: justify\">Jesus Cristo \u00e9 apresentado ao mundo como luz e salva\u00e7\u00e3o para o povo de Israel que vivia na expectativa da chegada do Messias de Deus. Como Sime\u00e3o, devemos, como consagrados e consagradas, ter sempre em nossos cora\u00e7\u00f5es o desejo do encontro com Jesus e de receber dele a plenitude de vida e de sua gra\u00e7a, que somente Ele pode nos oferecer. Ele \u00e9 a luz que ilumina nossas vidas e aquece nossos cora\u00e7\u00f5es. \u00c9 Ele a esperan\u00e7a \u00faltima dos cora\u00e7\u00f5es humanos que n\u00e3o querem morrer antes de o encontrar. \u00c9 Ele o este sinal de contradi\u00e7\u00e3o para um mundo que prima .. Ele \u00e9 a espada que traspassar\u00e1 nossos cora\u00e7\u00f5es, deixando-os indivisos.<\/p>\n<p style=\"text-align: justify\">A vida, a voca\u00e7\u00e3o e a miss\u00e3o de quem se consagrada a Deus, a exemplo de Jesus, deve tamb\u00e9m ser um farol que ilumina aqueles que vivem na noite do pecado, da ignor\u00e2ncia e do desamor. Ajudar os homens e as mulheres do nosso tempo a se encontrar com Jesus e ter a alegria de carreg\u00e1-lo no cora\u00e7\u00e3o \u00e9 a miss\u00e3o primeira de quem se consagra a Deus na doa\u00e7\u00e3o total.<\/p>\n<p style=\"text-align: justify\">As pessoas de vida consagrada, vivida plenamente pelos membros dos Institutos Seculares e pelas Sociedades de Vida Apost\u00f3lica, s\u00e3o chamadas a ser reflexo da bondade, da miseric\u00f3rdia e da compaix\u00e3o que vem de Deus. Ao refletir a luz de Cristo na vida cotidiana de sil\u00eancio, de escondimento e de inser\u00e7\u00e3o no tecido da vida social, os senhores e as senhoras irradiam o bom odor de Cristo e s\u00e3o capazes de gritar com vossas vidas o quanto \u00e9 importante ser sinal do amor oblativo e criativo de Deus por este mesmo mundo que tem dificuldade de fazer as contas com o mist\u00e9rio de Deus. N\u00e3o s\u00e3o poucos hoje aqueles ou aquelas que vivem suas vidas como se Deus n\u00e3o existisse. A estes devemos com coragem anunciar a boa nova do Reino.<\/p>\n<p style=\"text-align: justify\">Devemos ser, neste mundo, sal, luz e fermento, pois \u201ca Igreja cresce, n\u00e3o por proselitismo, mas por atra\u00e7\u00e3o; como Cristo atrai tudo para si, com a for\u00e7a do seu amor, a Igreja atrai quando vive em comunh\u00e3o, pois, os disc\u00edpulos de Jesus ser\u00e3o reconhecidos se amarem uns aos outros como Ele nos amou\u201d (DAp 159).<\/p>\n<p style=\"text-align: justify\">Caros e caras, o papa Francisco, na Evangelli Gaudium, com uma frase lapidar, define muito bem o que os senhores e as senhoras s\u00e3o na e para a Igreja: \u201cos religiosos tem na sua vida consagrada um meio privilegiado de evangeliza\u00e7\u00e3o eficaz. Pelo mais profundo de seu ser, eles situam-se de fato no dinamismo da Igreja, sequiosa do Absoluto de Deus e chamada a santidade. \u00c9 desta santidade que d\u00e3o testemunho. Eles encarnam a Igreja desejosa de se entregar ao radicalismo das bem-aventuran\u00e7as\u201d (EG, 69).<\/p>\n<p style=\"text-align: justify\">Hoje muito se fala da crise pela qual passa a vida consagrada. \u00c9 preciso, enfim, nos debru\u00e7armos com aten\u00e7\u00e3o sobre esta quest\u00e3o para identificar as raz\u00f5es de tal situa\u00e7\u00e3o e as poss\u00edveis respostas para amenizar os efeitos danosos de tal crise. Mais do que uma crise da vida consagrada enquanto tal, o que est\u00e1 em crise hoje \u00e9 nossa capacidade de entregar completamente nossa vida a Jesus; o que est\u00e1 em crise s\u00e3o nossas escolhas, o nosso testemunho, a nossa viv\u00eancia do Evangelho. Diante deste estado de coisas, devemos ritmar nossos passos no caminho de Jesus, descobrindo que Ele nos d\u00e1 tudo aquilo que nos faz plenamente felizes. Por Ele, vale a pena deixar tudo e arriscar a vida. Somente Ele pode saciar nossa sede e nossos desejos de paz e de felicidade que se aninham em nosso cora\u00e7\u00e3o.<\/p>\n<p style=\"text-align: justify\">Por fim, constatamos com alegria que os Institutos Seculares e as outras formas de vida apost\u00f3lica v\u00e3o, aos poucos, encontrando seus lugares na Igreja e no mundo, manifestando a for\u00e7a transformadora do Evangelho de Jesus Cristo. \u00c9 importante que a voca\u00e7\u00e3o e a miss\u00e3o dos senhores e das senhoras sejam cada vez mais valorizadas, estimuladas, visibilizadas e testemunhadas, a fim de que a Igreja seja realmente uma comunidade plena de dons e de carismas.<\/p>\n<p style=\"text-align: justify\">Neste dia de feliz comemora\u00e7\u00e3o dos vossos estados de vida, fa\u00e7amos votos que todas as comunidades paroquiais ou outras formas de comunidades e diferentes fam\u00edlias religiosas, se re\u00fanam para momentos de ora\u00e7\u00e3o e fervorosa a\u00e7\u00e3o de gra\u00e7as. Vivam este dia que o Senhor fez para os senhores e as senhoras como dia de ora\u00e7\u00e3o, reflex\u00e3o, revis\u00e3o de vida e confraterniza\u00e7\u00e3o.<\/p>\n<p style=\"text-align: justify\">Aproximamo-nos daquele que \u00e9 Vida Plena e somente nele encontremos nossa alegria e nossa esperan\u00e7a!<\/p>\n<p style=\"text-align: justify\">Que o bom Jesus nos carregue em seus bra\u00e7os e ilumine nossas vidas.<\/p>\n<p>\u00a0<\/p>\n<p>Com minha ben\u00e7\u00e3o!<\/p>\n<p>\u00a0<\/p>\n<p style=\"text-align: center\"><strong>Dom Pedro Brito Guimar\u00e3es<\/strong><\/p>\n<p style=\"text-align: center\">Arcebispo Metropolitano de Palmas e<\/p>\n<p style=\"text-align: center\">Presidente da Comiss\u00e3o Episcopal Pastoral para os<\/p>\n<p style=\"text-align: center\">Minist\u00e9rios Ordenados e a Vida Consagrada<\/p>\n<p>\u00a0<\/p>\n<p>\u00a0<\/p>\n<div>\u00a0<\/div>\n","protected":false},"excerpt":{"rendered":"<p>Na celebra\u00e7\u00e3o do 18\u00ba Dia Mundial da Vida Consagrada, 02 de fevereiro, o arcebispo de Palmas (TO) e presidente da Comiss\u00e3o Episcopal Pastoral para os Minist\u00e9rios Ordenados e a Vida Consagrada da CNBB, dom Pedro Brito Guimar\u00e3es, envia mensagem aos Institutos Seculares e de Vida Consagrada.<\/p>\n","protected":false},"author":83,"featured_media":27679,"comment_status":"open","ping_status":"open","sticky":false,"template":"","format":"standard","meta":{"site-sidebar-layout":"default","site-content-layout":"default","ast-global-header-display":"","ast-banner-title-visibility":"","ast-main-header-display":"","ast-hfb-above-header-display":"","ast-hfb-below-header-display":"","ast-hfb-mobile-header-display":"","site-post-title":"","ast-breadcrumbs-content":"","ast-featured-img":"","footer-sml-layout":"","theme-transparent-header-meta":"","adv-header-id-meta":"","stick-header-meta":"","header-above-stick-meta":"","header-main-stick-meta":"","header-below-stick-meta":""},"categories":[784],"tags":[],"acf":[],"_links":{"self":[{"href":"https:\/\/www.cnbb.org.br\/cnbb-app\/wp\/v2\/posts\/28537"}],"collection":[{"href":"https:\/\/www.cnbb.org.br\/cnbb-app\/wp\/v2\/posts"}],"about":[{"href":"https:\/\/www.cnbb.org.br\/cnbb-app\/wp\/v2\/types\/post"}],"author":[{"embeddable":true,"href":"https:\/\/www.cnbb.org.br\/cnbb-app\/wp\/v2\/users\/83"}],"replies":[{"embeddable":true,"href":"https:\/\/www.cnbb.org.br\/cnbb-app\/wp\/v2\/comments?post=28537"}],"version-history":[{"count":0,"href":"https:\/\/www.cnbb.org.br\/cnbb-app\/wp\/v2\/posts\/28537\/revisions"}],"wp:featuredmedia":[{"embeddable":true,"href":"https:\/\/www.cnbb.org.br\/cnbb-app\/wp\/v2\/media\/27679"}],"wp:attachment":[{"href":"https:\/\/www.cnbb.org.br\/cnbb-app\/wp\/v2\/media?parent=28537"}],"wp:term":[{"taxonomy":"category","embeddable":true,"href":"https:\/\/www.cnbb.org.br\/cnbb-app\/wp\/v2\/categories?post=28537"},{"taxonomy":"post_tag","embeddable":true,"href":"https:\/\/www.cnbb.org.br\/cnbb-app\/wp\/v2\/tags?post=28537"}],"curies":[{"name":"wp","href":"https:\/\/api.w.org\/{rel}","templated":true}]}}