{"id":28545,"date":"2014-02-24T00:00:00","date_gmt":"2014-02-24T03:00:00","guid":{"rendered":"https:\/\/www.cnbb.org.br\/papa-francisco-preside-missa-com-os-novos-cardeais-2\/"},"modified":"2014-02-24T00:00:00","modified_gmt":"2014-02-24T03:00:00","slug":"papa-francisco-preside-missa-com-os-novos-cardeais-2","status":"publish","type":"post","link":"https:\/\/www.cnbb.org.br\/papa-francisco-preside-missa-com-os-novos-cardeais-2\/","title":{"rendered":"Papa Francisco preside missa com os novos cardeais"},"content":{"rendered":"<p style=\"text-align: justify\">\u201cO cardeal entra na Igreja de Roma, n\u00e3o entra numa corte. Evitemos todos e h\u00e1bitos e comportamentos de corte: intrigas, cr\u00edticas, fac\u00e7\u00f5es, favoritismos, prefer\u00eancia\u201d, disse o papa Francisco em missa presidida por ele e concelebrada por 18 novos cardeais, no domingo, 23, na bas\u00edlica de S\u00e3o Pedro. Um dos cardeais n\u00e3o participou. Ele tem 98 anos e pediu dispensa do papa Francisco para estar em Roma. Ele vai receber o barrete e o anel nos pr\u00f3ximos dias.<\/p>\n<p>  <!--more-->  <\/p>\n<p style=\"text-align: justify\"><span style=\"line-height: 1.3em\">Entre os novos cardeais estava o brasileiro dom Orani Jo\u00e3o Tempesta, arcebispo do Rio de Janeiro, ao qual foi atribu\u00eddo o t\u00edtulo da igreja de Santa Maria M\u00e3e da Provid\u00eancia. Os novos cardeais receberam das m\u00e3os do papa um anel, s\u00edmbolo do novo compromisso universal com a Igreja, e o solid\u00e9u cardinal\u00edcio, vermelho como o sangue dos m\u00e1rtires que doaram suas vidas pelo Evangelho.<\/span><\/p>\n<p style=\"text-align: justify\">Em sua homilia, o papa Francisco convidou os novos cardeais a escutarem a voz do Esp\u00edrito Santo. Disse tamb\u00e9m que \u201cimitar a santidade e a perfei\u00e7\u00e3o de Deus pode parecer uma meta inating\u00edvel\u201d, mas segundo o papa \u00e9 poss\u00edvel pois a \u201csantidade crist\u00e3 \u00e9 antes de mais fruto da docilidade \u2013 deliberada e cultivada &#8211; ao Esp\u00edrito de Deus\u201d.<\/p>\n<p style=\"text-align: justify\">\u201cCristo veio para nos salvar, para nos mostrar o caminho, o \u00fanico caminho de sa\u00edda das areias movedi\u00e7as do pecado, e este caminho \u00e9 a miseric\u00f3rdia. Ser santo n\u00e3o \u00e9 um luxo, \u00e9 necess\u00e1rio para a salva\u00e7\u00e3o do mundo.\u201d<\/p>\n<p style=\"text-align: justify\"><strong>Testemunho<\/strong> <br \/>O papa ainda se referiu os novos membros do Col\u00e9gio Cardinal\u00edcio como \u201cqueridos irm\u00e3os cardeais\u201d e disse que \u201co Senhor e a M\u00e3e da Igreja pedem-lhes ardor e zelo no testemunho da santidade. \u00c9 neste suplemento de alma que consiste a santidade de um cardeal\u201d.<\/p>\n<p style=\"text-align: justify\">Ao final da homilia o papa lembrou que \u00e9 preciso aben\u00e7oar aqueles que falam mal e s\u00e3o hostis. \u201cSaudemos com um sorriso a quem talvez n\u00e3o mere\u00e7a; n\u00e3o aspiremos a fazer-nos valer, mas oponhamos a mansid\u00e3o \u00e0 prepot\u00eancia; esque\u00e7amos as humilha\u00e7\u00f5es sofridas. Deixemo-nos guiar pelo Esp\u00edrito de Cristo: Ele santificou-se a si pr\u00f3prio na cruz, para podermos ser \u201ccanais\u201d por onde corre a sua caridade. Este \u00e9 o comportamento, esta \u00e9 a conduta de um cardeal\u201d.<\/p>\n","protected":false},"excerpt":{"rendered":"<p>\u201cO cardeal entra na Igreja de Roma, n\u00e3o entra numa corte. Evitemos todos e h\u00e1bitos e comportamentos de corte: intrigas, cr\u00edticas, fac\u00e7\u00f5es, favoritismos, prefer\u00eancia\u201d, disse o papa Francisco em missa presidida por ele e concelebrada por 18 novos cardeais, no domingo, 23, na bas\u00edlica de S\u00e3o Pedro. Um dos cardeais n\u00e3o participou. Ele tem 98 &hellip;<\/p>\n<p class=\"read-more\"> <a class=\"\" href=\"https:\/\/www.cnbb.org.br\/papa-francisco-preside-missa-com-os-novos-cardeais-2\/\"> <span class=\"screen-reader-text\">Papa Francisco preside missa com os novos cardeais<\/span> Leia mais &raquo;<\/a><\/p>\n","protected":false},"author":83,"featured_media":27696,"comment_status":"open","ping_status":"open","sticky":false,"template":"","format":"standard","meta":{"site-sidebar-layout":"default","site-content-layout":"default","ast-global-header-display":"","ast-banner-title-visibility":"","ast-main-header-display":"","ast-hfb-above-header-display":"","ast-hfb-below-header-display":"","ast-hfb-mobile-header-display":"","site-post-title":"","ast-breadcrumbs-content":"","ast-featured-img":"","footer-sml-layout":"","theme-transparent-header-meta":"","adv-header-id-meta":"","stick-header-meta":"","header-above-stick-meta":"","header-main-stick-meta":"","header-below-stick-meta":""},"categories":[784],"tags":[],"acf":[],"_links":{"self":[{"href":"https:\/\/www.cnbb.org.br\/cnbb-app\/wp\/v2\/posts\/28545"}],"collection":[{"href":"https:\/\/www.cnbb.org.br\/cnbb-app\/wp\/v2\/posts"}],"about":[{"href":"https:\/\/www.cnbb.org.br\/cnbb-app\/wp\/v2\/types\/post"}],"author":[{"embeddable":true,"href":"https:\/\/www.cnbb.org.br\/cnbb-app\/wp\/v2\/users\/83"}],"replies":[{"embeddable":true,"href":"https:\/\/www.cnbb.org.br\/cnbb-app\/wp\/v2\/comments?post=28545"}],"version-history":[{"count":0,"href":"https:\/\/www.cnbb.org.br\/cnbb-app\/wp\/v2\/posts\/28545\/revisions"}],"wp:featuredmedia":[{"embeddable":true,"href":"https:\/\/www.cnbb.org.br\/cnbb-app\/wp\/v2\/media\/27696"}],"wp:attachment":[{"href":"https:\/\/www.cnbb.org.br\/cnbb-app\/wp\/v2\/media?parent=28545"}],"wp:term":[{"taxonomy":"category","embeddable":true,"href":"https:\/\/www.cnbb.org.br\/cnbb-app\/wp\/v2\/categories?post=28545"},{"taxonomy":"post_tag","embeddable":true,"href":"https:\/\/www.cnbb.org.br\/cnbb-app\/wp\/v2\/tags?post=28545"}],"curies":[{"name":"wp","href":"https:\/\/api.w.org\/{rel}","templated":true}]}}