{"id":28569,"date":"2014-05-22T00:00:00","date_gmt":"2014-05-22T03:00:00","guid":{"rendered":"https:\/\/www.cnbb.org.br\/cardeal-orani-tempesta-e-nomeado-para-novas-funcoes-no-vaticano-2\/"},"modified":"2014-05-22T00:00:00","modified_gmt":"2014-05-22T03:00:00","slug":"cardeal-orani-tempesta-e-nomeado-para-novas-funcoes-no-vaticano-2","status":"publish","type":"post","link":"https:\/\/www.cnbb.org.br\/cardeal-orani-tempesta-e-nomeado-para-novas-funcoes-no-vaticano-2\/","title":{"rendered":"Cardeal Orani Tempesta \u00e9 nomeado para novas fun\u00e7\u00f5es no Vaticano"},"content":{"rendered":"<p style=\"text-align: justify\"><span style=\"line-height: 1.3em\">O papa Francisco nomeou hoje, 22, o arcebispo do Rio de Janeiro (RJ), cardeal Orani Jo\u00e3o Tempesta, novo membro da Congrega\u00e7\u00e3o para a Educa\u00e7\u00e3o Cat\u00f3lica e do Pontif\u00edcio Conselho para os Leigos.<\/span><\/p>\n<p><!--more--><\/p>\n<p style=\"text-align: justify\"><span style=\"line-height: 1.3em\">Os cardeais criados no \u00faltimo Consist\u00f3rio, em 22 de fevereiro, tamb\u00e9m foram nomeados para os diversos Dicast\u00e9rios da C\u00faria Romana. O papa nomeou para a Congrega\u00e7\u00e3o para os Bispos e Pontif\u00edcia Comiss\u00e3o para a Am\u00e9rica Latina o cardeal Lorenzo Baldisseri, ex-n\u00fancio apost\u00f3lico no Brasil, atualmente secret\u00e1rio-geral do S\u00ednodo dos Bispos.<\/span><\/p>\n<p style=\"text-align: justify\"><strong>Membros do Brasil<\/strong><\/p>\n<p style=\"text-align: justify\">Atuam nos Dicast\u00e9rios da C\u00faria, os cardeais brasileiros, o presidente da CNBB e arcebispo de Aparecida, cardeal Raymundo Damasceno Assis, no Pontif\u00edcio Conselho das Comunica\u00e7\u00f5es Sociais e na Pontif\u00edcia Comiss\u00e3o para a Am\u00e9rica Latina; o cardeal Jo\u00e3o Braz de Aviz, nas Congrega\u00e7\u00f5es para os Bispos, para o Clero e para a Educa\u00e7\u00e3o Cat\u00f3lica, do Pontif\u00edcio Conselho para os Leigos e do Pontif\u00edcio Comit\u00ea para os Congressos Eucar\u00edsticos Internacionais.<\/p>\n<p style=\"text-align: justify\"><span style=\"line-height: 1.3em\">O arcebispo de S\u00e3o Paulo (PA), cardeal Odilo Pedro Scherer, \u00e9 membro das Congrega\u00e7\u00f5es para o Clero e para a Educa\u00e7\u00e3o Cat\u00f3lica, dos Pontif\u00edcios Conselhos para a Fam\u00edlia e para a Promo\u00e7\u00e3o da Nova Evangeliza\u00e7\u00e3o e da Pontif\u00edcia Comiss\u00e3o para a Am\u00e9rica Latina.<\/span><\/p>\n<p style=\"text-align: justify\">\u00a0<em>CNBB com informa\u00e7\u00e3o da Sala de Imprensa do Vaticano\/Gaudium Press.<\/em><\/p>\n","protected":false},"excerpt":{"rendered":"<p>O papa Francisco nomeou hoje, 22, o arcebispo do Rio de Janeiro (RJ), cardeal Orani Jo\u00e3o Tempesta, novo membro da Congrega\u00e7\u00e3o para a Educa\u00e7\u00e3o Cat\u00f3lica e do Pontif\u00edcio Conselho para os Leigos.<\/p>\n","protected":false},"author":83,"featured_media":22722,"comment_status":"open","ping_status":"open","sticky":false,"template":"","format":"standard","meta":{"site-sidebar-layout":"default","site-content-layout":"default","ast-global-header-display":"","ast-banner-title-visibility":"","ast-main-header-display":"","ast-hfb-above-header-display":"","ast-hfb-below-header-display":"","ast-hfb-mobile-header-display":"","site-post-title":"","ast-breadcrumbs-content":"","ast-featured-img":"","footer-sml-layout":"","theme-transparent-header-meta":"","adv-header-id-meta":"","stick-header-meta":"","header-above-stick-meta":"","header-main-stick-meta":"","header-below-stick-meta":""},"categories":[784],"tags":[],"acf":[],"_links":{"self":[{"href":"https:\/\/www.cnbb.org.br\/cnbb-app\/wp\/v2\/posts\/28569"}],"collection":[{"href":"https:\/\/www.cnbb.org.br\/cnbb-app\/wp\/v2\/posts"}],"about":[{"href":"https:\/\/www.cnbb.org.br\/cnbb-app\/wp\/v2\/types\/post"}],"author":[{"embeddable":true,"href":"https:\/\/www.cnbb.org.br\/cnbb-app\/wp\/v2\/users\/83"}],"replies":[{"embeddable":true,"href":"https:\/\/www.cnbb.org.br\/cnbb-app\/wp\/v2\/comments?post=28569"}],"version-history":[{"count":0,"href":"https:\/\/www.cnbb.org.br\/cnbb-app\/wp\/v2\/posts\/28569\/revisions"}],"wp:featuredmedia":[{"embeddable":true,"href":"https:\/\/www.cnbb.org.br\/cnbb-app\/wp\/v2\/media\/22722"}],"wp:attachment":[{"href":"https:\/\/www.cnbb.org.br\/cnbb-app\/wp\/v2\/media?parent=28569"}],"wp:term":[{"taxonomy":"category","embeddable":true,"href":"https:\/\/www.cnbb.org.br\/cnbb-app\/wp\/v2\/categories?post=28569"},{"taxonomy":"post_tag","embeddable":true,"href":"https:\/\/www.cnbb.org.br\/cnbb-app\/wp\/v2\/tags?post=28569"}],"curies":[{"name":"wp","href":"https:\/\/api.w.org\/{rel}","templated":true}]}}