{"id":28579,"date":"2014-06-13T00:00:00","date_gmt":"2014-06-13T03:00:00","guid":{"rendered":"https:\/\/www.cnbb.org.br\/papa-recebe-pastoral-dos-nomades-em-audiencia-2\/"},"modified":"2014-06-13T00:00:00","modified_gmt":"2014-06-13T03:00:00","slug":"papa-recebe-pastoral-dos-nomades-em-audiencia-2","status":"publish","type":"post","link":"https:\/\/www.cnbb.org.br\/papa-recebe-pastoral-dos-nomades-em-audiencia-2\/","title":{"rendered":"Papa recebe representantes da Pastoral dos Ciganos"},"content":{"rendered":"<p style=\"text-align: justify\">O bispo de Eun\u00e1polis (BA) e respons\u00e1vel pela Pastoral dos N\u00f4mades da Confer\u00eancia Nacional dos Bispos do Brasil (CNBB), dom Jos\u00e9 Edson Santana Oliveira, foi recebido pelo papa Francisco, no dia 6 de junho, em audi\u00eancia. Dom Jos\u00e9 Edson estava no Vaticano para participar do encontro mundial dos promotores episcopais e diretores nacionais da Pastoral dos Ciganos, promovido pelo Pontif\u00edcio Conselho da Pastoral para os Migrantes e Itinerantes da Santa S\u00e9.\u00a0<span>O diretor executivo da Pastoral dos Ciganos no Brasil, padre Wallace do Carmo Zanon, tamb\u00e9m participou do evento.<\/span><\/p>\n<p>  <!--more-->  <\/p>\n<p style=\"text-align: justify\"><span style=\"line-height: 1.3em\">O encontro teve como tema \u201cA Igreja e os ciganos: anunciar o Evangelho nas periferias\u201d e o objetivo foi rever o empenho pastoral da Igreja a favor destes povos, a partir da situa\u00e7\u00e3o atual. Os participantes prepararam, ainda, \u00a0o 50\u00ba anivers\u00e1rio da visita do papa Paulo VI a Pomezia, em Roma, por ocasi\u00e3o da peregrina\u00e7\u00e3o internacional dos ciganos, que aconteceu em setembro de 1965.<\/span><\/p>\n<p style=\"text-align: justify\">Participaram do encontro bispos, padres, religiosas, leigos, peritos, operadores pastorais e consultores representando 26 pa\u00edses da Am\u00e9rica, da \u00c1sia e da Europa.<\/p>\n<p style=\"text-align: justify\"><strong>Audi\u00eancia<\/strong><\/p>\n<p style=\"text-align: justify\">O papa Francisco, ao recordar o tema do encontro, ressaltou a rela\u00e7\u00e3o que existe entre a comunidade eclesial e o povo n\u00f4made. \u201cA hist\u00f3ria de um caminho para se conhecer, para se encontrar; e ainda tem o desafio para o hoje, um desafio que se refere, seja \u00e0 pastoral ordin\u00e1ria, seja \u00e0 nova evangeliza\u00e7\u00e3o\u201d, disse.<\/p>\n<p style=\"text-align: justify\">Em seu discurso, Francisco relatou casos em que os ciganos s\u00e3o desprezados, mantidos \u00e0s margens da sociedade e vistos com hostilidade e desconfian\u00e7a. Ele lembrou a falta de envolvimento dessa popula\u00e7\u00e3o nas din\u00e2micas pol\u00edticas, econ\u00f4micas e sociais do territ\u00f3rio. Para o papa os n\u00f4mades s\u00e3o chamados a contribuir para o bem comum \u201cpor meio de caminhos adequados de co-responsabilidade, na observa\u00e7\u00e3o dos deveres e na promo\u00e7\u00e3o dos direitos de cada um\u201d, orientou.<\/p>\n<p style=\"text-align: justify\">Francisco tamb\u00e9m falou da situa\u00e7\u00e3o de vulnerabilidade a que est\u00e3o expostos e da necessidade de empenho das institui\u00e7\u00f5es locais e nacionais, bem como das comunidades internacionais para \u201cpara identificar projetos e atua\u00e7\u00f5es voltados ao melhoramento da qualidade de vida\u201d.<\/p>\n<p style=\"text-align: justify\">\u201cNo que diz respeito \u00e0 situa\u00e7\u00e3o dos ciganos em todo o mundo, hoje \u00e9 imprescind\u00edvel desenvolver novas abordagens em \u00e2mbito civil, cultural e social, bem como na estrat\u00e9gia pastoral da Igreja para lidar com os desafios que surgem de formas modernas de persegui\u00e7\u00e3o, de opress\u00e3o e, \u00e0s vezes, at\u00e9 de escravid\u00e3o\u201d, destacou.<\/p>\n<p style=\"text-align: justify\">Para o secret\u00e1rio executivo da Pastoral dos N\u00f4mades da CNBB, padre Wallace do Carmo Zanon, o papa incentivou os promotores episcopais e diretores nacionais da Pastoral a estares junto dos ciganos. \u201cO papa, com alto conhecimento, sabendo que os ciganos s\u00e3o um povo que necessita muito do carinho e do amor da Igreja, nos d\u00e1 essa oportunidade de mostrar que n\u00f3s devemos ter algo de concreto, mostrar aos ciganos a alegria do Evangelho\u201d, disse.<\/p>\n<h5 style=\"text-align: justify\"><span style=\"font-size: 0.83em;line-height: 1.3em\">Com informa\u00e7\u00f5es da R\u00e1dio Vaticano e News.Va<\/span><\/h5>\n","protected":false},"excerpt":{"rendered":"<p>O bispo de Eun\u00e1polis (BA) e respons\u00e1vel pela Pastoral dos N\u00f4mades da Confer\u00eancia Nacional dos Bispos do Brasil (CNBB), dom Jos\u00e9 Edson Santana Oliveira, foi recebido pelo papa Francisco, no dia 6 de junho, em audi\u00eancia. Dom Jos\u00e9 Edson estava no Vaticano para participar do encontro mundial dos promotores episcopais e diretores nacionais da Pastoral &hellip;<\/p>\n<p class=\"read-more\"> <a class=\"\" href=\"https:\/\/www.cnbb.org.br\/papa-recebe-pastoral-dos-nomades-em-audiencia-2\/\"> <span class=\"screen-reader-text\">Papa recebe representantes da Pastoral dos Ciganos<\/span> Leia mais &raquo;<\/a><\/p>\n","protected":false},"author":83,"featured_media":27755,"comment_status":"open","ping_status":"open","sticky":false,"template":"","format":"standard","meta":{"site-sidebar-layout":"default","site-content-layout":"default","ast-global-header-display":"","ast-banner-title-visibility":"","ast-main-header-display":"","ast-hfb-above-header-display":"","ast-hfb-below-header-display":"","ast-hfb-mobile-header-display":"","site-post-title":"","ast-breadcrumbs-content":"","ast-featured-img":"","footer-sml-layout":"","theme-transparent-header-meta":"","adv-header-id-meta":"","stick-header-meta":"","header-above-stick-meta":"","header-main-stick-meta":"","header-below-stick-meta":""},"categories":[784],"tags":[],"acf":[],"_links":{"self":[{"href":"https:\/\/www.cnbb.org.br\/cnbb-app\/wp\/v2\/posts\/28579"}],"collection":[{"href":"https:\/\/www.cnbb.org.br\/cnbb-app\/wp\/v2\/posts"}],"about":[{"href":"https:\/\/www.cnbb.org.br\/cnbb-app\/wp\/v2\/types\/post"}],"author":[{"embeddable":true,"href":"https:\/\/www.cnbb.org.br\/cnbb-app\/wp\/v2\/users\/83"}],"replies":[{"embeddable":true,"href":"https:\/\/www.cnbb.org.br\/cnbb-app\/wp\/v2\/comments?post=28579"}],"version-history":[{"count":0,"href":"https:\/\/www.cnbb.org.br\/cnbb-app\/wp\/v2\/posts\/28579\/revisions"}],"wp:featuredmedia":[{"embeddable":true,"href":"https:\/\/www.cnbb.org.br\/cnbb-app\/wp\/v2\/media\/27755"}],"wp:attachment":[{"href":"https:\/\/www.cnbb.org.br\/cnbb-app\/wp\/v2\/media?parent=28579"}],"wp:term":[{"taxonomy":"category","embeddable":true,"href":"https:\/\/www.cnbb.org.br\/cnbb-app\/wp\/v2\/categories?post=28579"},{"taxonomy":"post_tag","embeddable":true,"href":"https:\/\/www.cnbb.org.br\/cnbb-app\/wp\/v2\/tags?post=28579"}],"curies":[{"name":"wp","href":"https:\/\/api.w.org\/{rel}","templated":true}]}}