{"id":28596,"date":"2014-09-09T00:00:00","date_gmt":"2014-09-09T03:00:00","guid":{"rendered":"https:\/\/www.cnbb.org.br\/novo-apelo-pela-paz-na-ucrania-2\/"},"modified":"2014-09-09T00:00:00","modified_gmt":"2014-09-09T03:00:00","slug":"novo-apelo-pela-paz-na-ucrania-2","status":"publish","type":"post","link":"https:\/\/www.cnbb.org.br\/novo-apelo-pela-paz-na-ucrania-2\/","title":{"rendered":"Papa faz novo apelo pela paz na Ucr\u00e2nia"},"content":{"rendered":"<p style=\"text-align: justify\">No \u00faltimo domingo, 7, ap\u00f3s rezar o Angelus, o papa Francisco voltou a lan\u00e7ar um apelo pela paz na Ucr\u00e2nia. \u201cNestes \u00faltimos dias, disseram ter tomado medidas significativas para alcan\u00e7ar uma tr\u00e9gua nas regi\u00f5es envolvidas no conflito na Ucr\u00e2nia oriental, embora tenhamos escutado hoje not\u00edcias pouco confortantes\u201d, disse Francisco.<\/p>\n<p>  <!--more-->  <\/p>\n<p style=\"text-align: justify\">O pont\u00edfice seguiu afirmando que espera que as medidas possam aliviar a popula\u00e7\u00e3o e contribuir para os esfor\u00e7os de uma paz duradoura. \u201cRezemos para que, na l\u00f3gica do jogo, continue o di\u00e1logo iniciado e que ele d\u00ea o resultado esperado. Maria Rainha da Paz, rogai por n\u00f3s\u201d, pediu.<\/p>\n<p style=\"text-align: justify\">O bispo de Roma tamb\u00e9m uniu sua voz a dos bispos de Lesoto, na \u00c1frica, que v\u00eam apelando pela paz no pequeno pa\u00eds. \u201cCondeno todos os atos de viol\u00eancia e rezo ao Senhor para que no reino de Lesoto se reestabele\u00e7a a paz, a justi\u00e7a e a fraternidade\u201d, afirmou o papa.<\/p>\n<p style=\"text-align: justify\">Ele tamb\u00e9m recordou que no \u00faltimo domingo, um comboio de trinta volunt\u00e1rios da Cruz Vermelha italiana partiu para o Iraque, onde dezenas de milhares de pessoas encontram-se refugiadas. \u201cExpressando um profundo sentimento de apre\u00e7o por esta obra generosa e concreta, concedo minha ben\u00e7\u00e3o a eles e a todas as pessoas que tentam ajudar todos os nossos irm\u00e3os perseguidos e oprimidos\u201d, disse Francisco.<\/p>\n<p style=\"text-align: justify\">Ao final, o papa falou sobre a festa da Natividade da Virgem Maria, celebrada na segunda-feira. Ele lembrou que quando a m\u00e3e faz anivers\u00e1rio, devemos felicit\u00e1-la. \u201cSeria seu anivers\u00e1rio. Desde manh\u00e3 cedo, do seu cora\u00e7\u00e3o e dos seus l\u00e1bios, se cumprimenta a Virgem. Diz-se um feliz anivers\u00e1rio e reze uma Ave Maria para que ela venha aos cora\u00e7\u00f5es dos seus filhos e filhas\u201d, concluiu.<\/p>\n<p style=\"text-align: justify\">\u00a0<\/p>\n","protected":false},"excerpt":{"rendered":"<p>No \u00faltimo domingo, 7, ap\u00f3s rezar o Angelus, o papa Francisco voltou a lan\u00e7ar um apelo pela paz na Ucr\u00e2nia. \u201cNestes \u00faltimos dias, disseram ter tomado medidas significativas para alcan\u00e7ar uma tr\u00e9gua nas regi\u00f5es envolvidas no conflito na Ucr\u00e2nia oriental, embora tenhamos escutado hoje not\u00edcias pouco confortantes\u201d, disse Francisco.<\/p>\n","protected":false},"author":83,"featured_media":27785,"comment_status":"open","ping_status":"open","sticky":false,"template":"","format":"standard","meta":{"site-sidebar-layout":"default","site-content-layout":"default","ast-global-header-display":"","ast-banner-title-visibility":"","ast-main-header-display":"","ast-hfb-above-header-display":"","ast-hfb-below-header-display":"","ast-hfb-mobile-header-display":"","site-post-title":"","ast-breadcrumbs-content":"","ast-featured-img":"","footer-sml-layout":"","theme-transparent-header-meta":"","adv-header-id-meta":"","stick-header-meta":"","header-above-stick-meta":"","header-main-stick-meta":"","header-below-stick-meta":""},"categories":[784],"tags":[],"acf":[],"_links":{"self":[{"href":"https:\/\/www.cnbb.org.br\/cnbb-app\/wp\/v2\/posts\/28596"}],"collection":[{"href":"https:\/\/www.cnbb.org.br\/cnbb-app\/wp\/v2\/posts"}],"about":[{"href":"https:\/\/www.cnbb.org.br\/cnbb-app\/wp\/v2\/types\/post"}],"author":[{"embeddable":true,"href":"https:\/\/www.cnbb.org.br\/cnbb-app\/wp\/v2\/users\/83"}],"replies":[{"embeddable":true,"href":"https:\/\/www.cnbb.org.br\/cnbb-app\/wp\/v2\/comments?post=28596"}],"version-history":[{"count":0,"href":"https:\/\/www.cnbb.org.br\/cnbb-app\/wp\/v2\/posts\/28596\/revisions"}],"wp:featuredmedia":[{"embeddable":true,"href":"https:\/\/www.cnbb.org.br\/cnbb-app\/wp\/v2\/media\/27785"}],"wp:attachment":[{"href":"https:\/\/www.cnbb.org.br\/cnbb-app\/wp\/v2\/media?parent=28596"}],"wp:term":[{"taxonomy":"category","embeddable":true,"href":"https:\/\/www.cnbb.org.br\/cnbb-app\/wp\/v2\/categories?post=28596"},{"taxonomy":"post_tag","embeddable":true,"href":"https:\/\/www.cnbb.org.br\/cnbb-app\/wp\/v2\/tags?post=28596"}],"curies":[{"name":"wp","href":"https:\/\/api.w.org\/{rel}","templated":true}]}}