{"id":28597,"date":"2014-09-10T00:00:00","date_gmt":"2014-09-10T03:00:00","guid":{"rendered":"https:\/\/www.cnbb.org.br\/criterios-do-papa-francisco-para-o-bem-comum-e-a-paz-social-2\/"},"modified":"2014-09-10T00:00:00","modified_gmt":"2014-09-10T03:00:00","slug":"criterios-do-papa-francisco-para-o-bem-comum-e-a-paz-social-2","status":"publish","type":"post","link":"https:\/\/www.cnbb.org.br\/criterios-do-papa-francisco-para-o-bem-comum-e-a-paz-social-2\/","title":{"rendered":"Crit\u00e9rios do Papa Francisco para o bem Comum e a Paz Social"},"content":{"rendered":"<p style=\"text-align: right\"><strong><span>Dom Roberto Francisco Ferreria Paz<br \/>Bispo de Campos (RJ)<\/span><\/strong><\/p>\n<p style=\"text-align: justify\">No cap\u00edtulo IV da \u201cEvangelii Gaudium\u201d, o Papa Francisco apresenta quatro grandes postulados da Doutrina Social que podem nos servir neste processo eleitoral como discernimento e reflex\u00e3o. O primeiro crit\u00e9rio \u00e9 que o tempo \u00e9 superior ao espa\u00e7o. Significa nunca deixar a vis\u00e3o de longo prazo, a esperan\u00e7a que sustenta a caminhada e ser capaz de gerar processos, a\u00e7\u00f5es que tragam transforma\u00e7\u00f5es e mudan\u00e7as profundas. As elei\u00e7\u00f5es muitas vezes ficam relegadas a seu contexto imediato priorizando uma pol\u00edtica de resultados e n\u00e3o uma din\u00e2mica social de empenhos cont\u00ednuos e permanentes para o bem comum.<\/p>\n<p>  <!--more-->  <\/p>\n<p style=\"text-align: justify\">\u00a0<\/p>\n<p style=\"text-align: justify\">O segundo postulado \u00e9 que a unidade prevalece sobre o conflito. Neste ponto somos convidados a n\u00e3o ignorar a realidade conflitiva e contradit\u00f3ria, mas trabalhar para a comunh\u00e3o e reconcilia\u00e7\u00e3o, construindo uma vis\u00e3o pol\u00edtica de supera\u00e7\u00e3o tanto dos oportunismos como das polariza\u00e7\u00f5es est\u00e9reis. O crist\u00e3o \u00e9 anunciador de uma paz que recapitula tudo em Cristo e no seu Reino, alargando e superando a vis\u00e3o dos interesses conflitivos para a das converg\u00eancias a n\u00edvel de Estado, de Na\u00e7\u00e3o, construindo pontes e valorizando diferen\u00e7as numa unidade maior e centrada em valores permanentes.<\/p>\n<p style=\"text-align: justify\">O terceiro crit\u00e9rio nos faz ver que a Realidade \u00e9 mais importante que a id\u00e9ia. Aqui o Papa afirma certamente a possibilidade de uma intera\u00e7\u00e3o positiva entre a id\u00e9ia e a realidade, mas deve-se evitar cair em idealismos e nominalismos ideol\u00f3gicos que nos tiram a percep\u00e7\u00e3o dos fatos e nos afastam das pessoas, etiquetando-as segundo nossa prefer\u00eancia e construto de id\u00e9ias.<br \/> Os crist\u00e3os se orientam pela Palavra da verdade, que \u00e9 real e ilumina todos os ambientes e relacionamentos pessoais e sociais. Finalmente o referencial que o todo \u00e9 superior a parte. Trabalha-se neste t\u00f3pico a tens\u00e3o entre um universalismo abstrato e um localismo bairrista. Torna-se necess\u00e1rio manter as ra\u00edzes e os p\u00e9s no ch\u00e3o, mas ter um olhar global e abrangente, sabendo que o todo \u00e9 superior a soma das partes. As elei\u00e7\u00f5es n\u00e3o podem nos fazer esquecer o paradigma maior da civiliza\u00e7\u00e3o humana que est\u00e1 em crise e da perspectiva da grande mudan\u00e7a de \u00e9poca.<\/p>\n<p style=\"text-align: justify\">Especialmente para os crist\u00e3os \u00e9 exigida a fidelidade a totalidade e integralidade do Evangelho, nos impele a anunci\u00e1-lo como Boa Nova da vida plena para todos\/as pessoas e criaturas. Como podemos apreciar estes elementos de ju\u00edzo pol\u00edtico contribuem a n\u00e3o nos deixar cair em propagandas eleitorais ilus\u00f3rias e manipuladoras, estimulando nossa consci\u00eancia crist\u00e3 e s\u00f3cio-pol\u00edtica.<\/p>\n<p style=\"text-align: justify\">Deus seja louvado!<\/p>\n<p>\u00a0<\/p>\n","protected":false},"excerpt":{"rendered":"<p>Dom Roberto Francisco Ferreria PazBispo de Campos (RJ) No cap\u00edtulo IV da \u201cEvangelii Gaudium\u201d, o Papa Francisco apresenta quatro grandes postulados da Doutrina Social que podem nos servir neste processo eleitoral como discernimento e reflex\u00e3o. O primeiro crit\u00e9rio \u00e9 que o tempo \u00e9 superior ao espa\u00e7o. Significa nunca deixar a vis\u00e3o de longo prazo, a &hellip;<\/p>\n<p class=\"read-more\"> <a class=\"\" href=\"https:\/\/www.cnbb.org.br\/criterios-do-papa-francisco-para-o-bem-comum-e-a-paz-social-2\/\"> <span class=\"screen-reader-text\">Crit\u00e9rios do Papa Francisco para o bem Comum e a Paz Social<\/span> Leia mais &raquo;<\/a><\/p>\n","protected":false},"author":83,"featured_media":0,"comment_status":"open","ping_status":"open","sticky":false,"template":"","format":"standard","meta":{"site-sidebar-layout":"default","site-content-layout":"default","ast-global-header-display":"","ast-banner-title-visibility":"","ast-main-header-display":"","ast-hfb-above-header-display":"","ast-hfb-below-header-display":"","ast-hfb-mobile-header-display":"","site-post-title":"","ast-breadcrumbs-content":"","ast-featured-img":"","footer-sml-layout":"","theme-transparent-header-meta":"","adv-header-id-meta":"","stick-header-meta":"","header-above-stick-meta":"","header-main-stick-meta":"","header-below-stick-meta":""},"categories":[784],"tags":[],"acf":[],"_links":{"self":[{"href":"https:\/\/www.cnbb.org.br\/cnbb-app\/wp\/v2\/posts\/28597"}],"collection":[{"href":"https:\/\/www.cnbb.org.br\/cnbb-app\/wp\/v2\/posts"}],"about":[{"href":"https:\/\/www.cnbb.org.br\/cnbb-app\/wp\/v2\/types\/post"}],"author":[{"embeddable":true,"href":"https:\/\/www.cnbb.org.br\/cnbb-app\/wp\/v2\/users\/83"}],"replies":[{"embeddable":true,"href":"https:\/\/www.cnbb.org.br\/cnbb-app\/wp\/v2\/comments?post=28597"}],"version-history":[{"count":0,"href":"https:\/\/www.cnbb.org.br\/cnbb-app\/wp\/v2\/posts\/28597\/revisions"}],"wp:attachment":[{"href":"https:\/\/www.cnbb.org.br\/cnbb-app\/wp\/v2\/media?parent=28597"}],"wp:term":[{"taxonomy":"category","embeddable":true,"href":"https:\/\/www.cnbb.org.br\/cnbb-app\/wp\/v2\/categories?post=28597"},{"taxonomy":"post_tag","embeddable":true,"href":"https:\/\/www.cnbb.org.br\/cnbb-app\/wp\/v2\/tags?post=28597"}],"curies":[{"name":"wp","href":"https:\/\/api.w.org\/{rel}","templated":true}]}}