{"id":28603,"date":"2014-09-21T00:00:00","date_gmt":"2014-09-21T03:00:00","guid":{"rendered":"https:\/\/www.cnbb.org.br\/papa-destaca-convivencia-pacifica-entre-diferentes-religioes-na-albania-2\/"},"modified":"2014-09-21T00:00:00","modified_gmt":"2014-09-21T03:00:00","slug":"papa-destaca-convivencia-pacifica-entre-diferentes-religioes-na-albania-2","status":"publish","type":"post","link":"https:\/\/www.cnbb.org.br\/papa-destaca-convivencia-pacifica-entre-diferentes-religioes-na-albania-2\/","title":{"rendered":"Na Alb\u00e2nia, papa destaca conviv\u00eancia pac\u00edfica entre as religi\u00f5es"},"content":{"rendered":"<p style=\"text-align: justify\">\u201cEstou muito contente de encontrar-me convosco nesta nobre terra da Alb\u00e2nia, terra de herois que sacrificaram sua vida pela independ\u00eancia do pa\u00eds, terra dos m\u00e1rtires, que deram testemunho de sua f\u00e9 nos tempos dif\u00edceis de persegui\u00e7\u00e3o\u201d, disse o papa Francisco \u00e0s autoridades albanesas que o receberam neste domingo, 21, em Tirana, capital albanesa. Entre os presentes estavam o presidente alban\u00eas, Bujar Nishani, o n\u00fancio apost\u00f3lico, dom Ramiro Moliner Ingl\u00e9s, e o primeiro ministro, Edi Rama.<\/p>\n<p>  <!--more-->  <\/p>\n<p style=\"text-align: justify\">Na oportunidade, Francisco falou sobre o caminho da Alb\u00e2nia na recupera\u00e7\u00e3o de suas liberdades civis e religiosas, alertou para a instrumentaliza\u00e7\u00e3o das diferen\u00e7as entre as religi\u00f5es e elogiou a conviv\u00eancia pac\u00edfica e a colabora\u00e7\u00e3o entre os membros de diversos credos na terra albanesa.<\/p>\n<p style=\"text-align: justify\">\u201cPassou quase um quarto de s\u00e9culo desde que a Alb\u00e2nia encontrou de novo o caminho \u00e1rduo, por\u00e9m, emocionante, da liberdade. Gra\u00e7as a ele, a sociedade albanesa p\u00f4de iniciar um caminho de reconstru\u00e7\u00e3o material e espiritual, implantou tantas iniciativas e abriu-se \u00e0 colabora\u00e7\u00e3o e ao interc\u00e2mbio com os pa\u00edses vizinhos dos Balc\u00e3s e Mediterr\u00e2neos, da Europa e de todo o mundo. A liberdade recuperada permite-lhes olhar para o futuro com confian\u00e7a e esperan\u00e7a, colocar em marcha projetos e tecer novas rela\u00e7\u00f5es de amizade com as na\u00e7\u00f5es pr\u00f3ximas e distantes\u201d, exp\u00f4s o papa.<\/p>\n<p style=\"text-align: justify\">Sobre os direitos humanos, Francisco destacou a liberdade religiosa e de express\u00e3o como condi\u00e7\u00e3o pr\u00e9via para o desenvolvimento social e econ\u00f4mico de um pa\u00eds. \u201cQuando se respeita a dignidade do homem, seus direitos s\u00e3o reconhecidos e tutelados, floresce tamb\u00e9m a criatividade e a engenhosidade. A personalidade humana mostra suas m\u00faltiplas iniciativas em favor do bem comum\u201d, ressaltou.<\/p>\n<p style=\"text-align: justify\">\u00a0<strong style=\"line-height: 1.3em\">Paz<\/strong><\/p>\n<p style=\"text-align: justify\">Francisco manifestou alegria com a conviv\u00eancia pac\u00edfica e a colabora\u00e7\u00e3o entre os que pertencem a diversas religi\u00f5es no pa\u00eds. Disse que esta \u201cfeliz\u201d caracter\u00edstica precisa ser preservada com todo cuidado e interesse. \u201cO clima de respeito e confian\u00e7a rec\u00edproca entre cat\u00f3licos, ortodoxos e mu\u00e7ulmanos \u00e9 um bem precioso para o pa\u00eds e adquire um relevo especial neste tempo em que, por parte de grupos extremistas, se desnaturaliza o aut\u00eantico sentido religioso, e em que as diferen\u00e7as entre as diversas confiss\u00f5es se distorcem e se instrumentalizam, fazendo delas um fator perigoso de conflito e viol\u00eancia, ao inv\u00e9s de uma ocasi\u00e3o de di\u00e1logo aberto e respeitoso e de reflex\u00e3o comum sobre o significado do crer em Deus e seguir sua lei\u201d, acrescentou.<\/p>\n<p style=\"text-align: justify\">Para o papa Francisco, \u201cningu\u00e9m pode esconder-se em Deus quando projeta e realiza atos de viol\u00eancia e abusos, nem quando toma a religi\u00e3o como pretexto para as pr\u00f3prias a\u00e7\u00f5es contr\u00e1rias \u00e0 dignidade do homem e seus direitos fundamentais.\u00a0<\/p>\n<p style=\"text-align: justify\">Francisco enfatizou que, a exemplo do que demonstra a Alb\u00e2nia, \u00e9 poss\u00edvel e realiz\u00e1vel a conviv\u00eancia pac\u00edfica e frut\u00edfera entre pessoas e comunidades que pertencem a diferentes religi\u00f5es. \u201c\u00c9 um bem inestim\u00e1vel para a paz e o desenvolvimento harmoniosos de um povo\u201d, afirmou.<\/p>\n<p style=\"text-align: justify\"><span style=\"line-height: 1.3em\">Disse que ap\u00f3s o inverno de isolamento e de persegui\u00e7\u00f5es na Alb\u00e2nia, veio a primavera da liberdade. Citou as elei\u00e7\u00f5es livres e as novas estruturas institucionais, que t\u00eam consolidado o pluralismo democr\u00e1tico e a recupera\u00e7\u00e3o da atividade econ\u00f4mica.<\/span><\/p>\n<p style=\"text-align: justify\">Quanto \u00e0 Igreja Cat\u00f3lica, Francisco lembrou que lugares de culto s\u00e3o edificados ou constru\u00eddos, a exemplo do Santu\u00e1rio da Virgem do Bom Conselho em Scutari. Falou ainda das funda\u00e7\u00f5es de escolas e importantes centros educativos e de assist\u00eancia. \u201cA presen\u00e7a da Igreja e sua a\u00e7\u00e3o \u00e9 percebida justamente como um servi\u00e7o n\u00e3o somente para a comunidade cat\u00f3lica, mas para toda a na\u00e7\u00e3o\u201d, disse.<\/p>\n<p style=\"text-align: justify\">O papa recordou ainda da beata Madre Teresa e dos m\u00e1rtires, \u201cque deram testemunho heroico de sua f\u00e9\u201d.<\/p>\n<p style=\"text-align: justify\"><strong>Juventude<\/strong><\/p>\n<p style=\"text-align: justify\">Ap\u00f3s o encontro com as autoridades albanesas, Francisco celebrou missa na Pra\u00e7a Madre Teresa, onde falou aos presentes de diferentes lugares da Alb\u00e2nia e de outros pa\u00edses vizinhos, com especial aten\u00e7\u00e3o \u00e0 juventude. \u201cQueridos jovens, v\u00f3s sois a nova gera\u00e7\u00e3o da Alb\u00e2nia, o futuro do pa\u00eds. Com a for\u00e7a do Evangelho e o exemplo de vossos antepassados e dos m\u00e1rtires, digam n\u00e3o \u00e0 idolatria do dinheiro, n\u00e3o \u00e0 enganosa liberdade individualista, n\u00e3o \u00e0s depend\u00eancias e \u00e0 viol\u00eancia; digam sim \u00e0 cultura do encontro e da solidariedade, \u00e0 beleza insepar\u00e1vel do bem e da verdade, \u00e0 vida entregue com generosidade e fidelidade \u00e0s pequenas coisas. Assim construireis a Alb\u00e2nia e um mundo melhor, seguindo os passos de vossos antepassados, tamb\u00e9m dos que hoje levam adiante a Alb\u00e2nia\u201d.<\/p>\n<p style=\"text-align: justify\"><span style=\"line-height: 1.3em\">Esta \u00e9 a quarta viagem apost\u00f3lica de Francisco e a segunda de um pont\u00edfice \u00e0 Terra da \u00c1guia, como \u00e9 conhecida a Alb\u00e2nia. Em 1993, o papa Jo\u00e3o Paulo II esteve no pa\u00eds, ap\u00f3s o estabelecimento das rela\u00e7\u00f5es diplom\u00e1ticas entre Santa S\u00e9 e a Rep\u00fablica albanesa.<\/span><\/p>\n<h5 style=\"text-align: justify\"><span style=\"line-height: 1.3em\">Com informa\u00e7\u00f5es da ag\u00eancia VIS e fotografia da R\u00e1dio Vaticano<\/span><\/h5>\n","protected":false},"excerpt":{"rendered":"<p>\u201cEstou muito contente de encontrar-me convosco nesta nobre terra da Alb\u00e2nia, terra de herois que sacrificaram sua vida pela independ\u00eancia do pa\u00eds, terra dos m\u00e1rtires, que deram testemunho de sua f\u00e9 nos tempos dif\u00edceis de persegui\u00e7\u00e3o\u201d, disse o papa Francisco \u00e0s autoridades albanesas que o receberam neste domingo, 21, em Tirana, capital albanesa. Entre os &hellip;<\/p>\n<p class=\"read-more\"> <a class=\"\" href=\"https:\/\/www.cnbb.org.br\/papa-destaca-convivencia-pacifica-entre-diferentes-religioes-na-albania-2\/\"> <span class=\"screen-reader-text\">Na Alb\u00e2nia, papa destaca conviv\u00eancia pac\u00edfica entre as religi\u00f5es<\/span> Leia mais &raquo;<\/a><\/p>\n","protected":false},"author":83,"featured_media":27795,"comment_status":"open","ping_status":"open","sticky":false,"template":"","format":"standard","meta":{"site-sidebar-layout":"default","site-content-layout":"default","ast-global-header-display":"","ast-banner-title-visibility":"","ast-main-header-display":"","ast-hfb-above-header-display":"","ast-hfb-below-header-display":"","ast-hfb-mobile-header-display":"","site-post-title":"","ast-breadcrumbs-content":"","ast-featured-img":"","footer-sml-layout":"","theme-transparent-header-meta":"","adv-header-id-meta":"","stick-header-meta":"","header-above-stick-meta":"","header-main-stick-meta":"","header-below-stick-meta":""},"categories":[784],"tags":[],"acf":[],"_links":{"self":[{"href":"https:\/\/www.cnbb.org.br\/cnbb-app\/wp\/v2\/posts\/28603"}],"collection":[{"href":"https:\/\/www.cnbb.org.br\/cnbb-app\/wp\/v2\/posts"}],"about":[{"href":"https:\/\/www.cnbb.org.br\/cnbb-app\/wp\/v2\/types\/post"}],"author":[{"embeddable":true,"href":"https:\/\/www.cnbb.org.br\/cnbb-app\/wp\/v2\/users\/83"}],"replies":[{"embeddable":true,"href":"https:\/\/www.cnbb.org.br\/cnbb-app\/wp\/v2\/comments?post=28603"}],"version-history":[{"count":0,"href":"https:\/\/www.cnbb.org.br\/cnbb-app\/wp\/v2\/posts\/28603\/revisions"}],"wp:featuredmedia":[{"embeddable":true,"href":"https:\/\/www.cnbb.org.br\/cnbb-app\/wp\/v2\/media\/27795"}],"wp:attachment":[{"href":"https:\/\/www.cnbb.org.br\/cnbb-app\/wp\/v2\/media?parent=28603"}],"wp:term":[{"taxonomy":"category","embeddable":true,"href":"https:\/\/www.cnbb.org.br\/cnbb-app\/wp\/v2\/categories?post=28603"},{"taxonomy":"post_tag","embeddable":true,"href":"https:\/\/www.cnbb.org.br\/cnbb-app\/wp\/v2\/tags?post=28603"}],"curies":[{"name":"wp","href":"https:\/\/api.w.org\/{rel}","templated":true}]}}