{"id":28605,"date":"2014-09-30T00:00:00","date_gmt":"2014-09-30T03:00:00","guid":{"rendered":"https:\/\/www.cnbb.org.br\/presidencia-da-cnbb-tem-audiencia-com-o-papa-francisco-no-vaticano-2\/"},"modified":"2014-09-30T00:00:00","modified_gmt":"2014-09-30T03:00:00","slug":"presidencia-da-cnbb-tem-audiencia-com-o-papa-francisco-no-vaticano-2","status":"publish","type":"post","link":"https:\/\/www.cnbb.org.br\/presidencia-da-cnbb-tem-audiencia-com-o-papa-francisco-no-vaticano-2\/","title":{"rendered":"Presid\u00eancia da CNBB encontra-se com o papa Francisco"},"content":{"rendered":"<p style=\"text-align: justify\"><span style=\"line-height: 1.3em\">O papa Francisco recebeu, na manh\u00e3 desta ter\u00e7a-feira, 30, em audi\u00eancia no Vaticano, \u00a0a Presid\u00eancia da Confer\u00eancia Nacional dos Bispos do Brasil (CNBB).<\/span><\/p>\n<p><!--more--><\/p>\n<p style=\"text-align: justify\">\u00a0<span style=\"line-height: 1.3em\">Antes do encontro, o presidente da CNBB e arcebispo de Aparecida (SP), cardeal Raymundo Damasceno Assis; o vice-presidente e arcebispo de S\u00e3o Lu\u00eds (MA), dom Jos\u00e9 Belis\u00e1rio da Silva; e o secret\u00e1rio-geral e bispo auxiliar de Bras\u00edlia, dom Leonardo Ulrich Steiner, participaram da missa di\u00e1ria presidida pelo papa na Casa Santa Marta.<\/span><\/p>\n<p style=\"text-align: justify\">No encontro com Francisco, a Presid\u00eancia da entidade apresentou ao papa temas relacionados \u00e0 52\u00aa Assembleia Geral dos Bispos do Brasil, ocorrida de 30 de abril a 9 de maio deste ano, em Aparecida (SP), \u00a0e as atividades de evangeliza\u00e7\u00e3o da Igreja no Brasil.<\/p>\n<p style=\"text-align: justify\"><strong>\u00daltimos encontros<\/strong><\/p>\n<p style=\"text-align: justify\">No in\u00edcio deste ano, a Presid\u00eancia da CNBB esteve com o papa Francisco, no Vaticano, ap\u00f3s a realiza\u00e7\u00e3o da Jornada Mundial da Juventude Rio 2013, ocorrida em julho, no Brasil. Na ocasi\u00e3o, foi entregue ao papa um livro de fotografias da Jornada, organizado pelas Edi\u00e7\u00f5es CNBB, contendo dezenas de testemunhos de jovens, que acolheram a cruz peregrina e o \u00edcone de Nossa Senhora, em suas dioceses.<\/p>\n<p style=\"text-align: justify\">Ainda nesta \u00faltima visita, foi abordada a quest\u00e3o da miss\u00e3o na Amaz\u00f4nia, considerada por Francisco uma regi\u00e3o relevante para o caminho atual e o futuro da Igreja no Brasil e para toda a sociedade. Neste m\u00eas, a CNBB e outras entidades deram um passo importante que foi a cria\u00e7\u00e3o da Rede Eclesial Pan-Amaz\u00f4nica.<\/p>\n<p style=\"text-align: justify\">\n<p style=\"text-align: justify\"><strong><em>\u00a0<\/em><\/strong><\/p>\n","protected":false},"excerpt":{"rendered":"<p>O papa Francisco recebeu, na manh\u00e3 desta ter\u00e7a-feira, 30, em audi\u00eancia no Vaticano, \u00a0a Presid\u00eancia da Confer\u00eancia Nacional dos Bispos do Brasil (CNBB).<\/p>\n","protected":false},"author":83,"featured_media":27799,"comment_status":"open","ping_status":"open","sticky":false,"template":"","format":"standard","meta":{"site-sidebar-layout":"default","site-content-layout":"default","ast-global-header-display":"","ast-banner-title-visibility":"","ast-main-header-display":"","ast-hfb-above-header-display":"","ast-hfb-below-header-display":"","ast-hfb-mobile-header-display":"","site-post-title":"","ast-breadcrumbs-content":"","ast-featured-img":"","footer-sml-layout":"","theme-transparent-header-meta":"","adv-header-id-meta":"","stick-header-meta":"","header-above-stick-meta":"","header-main-stick-meta":"","header-below-stick-meta":""},"categories":[784],"tags":[],"acf":[],"_links":{"self":[{"href":"https:\/\/www.cnbb.org.br\/cnbb-app\/wp\/v2\/posts\/28605"}],"collection":[{"href":"https:\/\/www.cnbb.org.br\/cnbb-app\/wp\/v2\/posts"}],"about":[{"href":"https:\/\/www.cnbb.org.br\/cnbb-app\/wp\/v2\/types\/post"}],"author":[{"embeddable":true,"href":"https:\/\/www.cnbb.org.br\/cnbb-app\/wp\/v2\/users\/83"}],"replies":[{"embeddable":true,"href":"https:\/\/www.cnbb.org.br\/cnbb-app\/wp\/v2\/comments?post=28605"}],"version-history":[{"count":0,"href":"https:\/\/www.cnbb.org.br\/cnbb-app\/wp\/v2\/posts\/28605\/revisions"}],"wp:featuredmedia":[{"embeddable":true,"href":"https:\/\/www.cnbb.org.br\/cnbb-app\/wp\/v2\/media\/27799"}],"wp:attachment":[{"href":"https:\/\/www.cnbb.org.br\/cnbb-app\/wp\/v2\/media?parent=28605"}],"wp:term":[{"taxonomy":"category","embeddable":true,"href":"https:\/\/www.cnbb.org.br\/cnbb-app\/wp\/v2\/categories?post=28605"},{"taxonomy":"post_tag","embeddable":true,"href":"https:\/\/www.cnbb.org.br\/cnbb-app\/wp\/v2\/tags?post=28605"}],"curies":[{"name":"wp","href":"https:\/\/api.w.org\/{rel}","templated":true}]}}