{"id":28607,"date":"2014-10-01T00:00:00","date_gmt":"2014-10-01T03:00:00","guid":{"rendered":"https:\/\/www.cnbb.org.br\/papa-recebe-participantes-da-assembleia-dos-focolares-2\/"},"modified":"2014-10-01T00:00:00","modified_gmt":"2014-10-01T03:00:00","slug":"papa-recebe-participantes-da-assembleia-dos-focolares-2","status":"publish","type":"post","link":"https:\/\/www.cnbb.org.br\/papa-recebe-participantes-da-assembleia-dos-focolares-2\/","title":{"rendered":"Papa recebe participantes da assembleia dos Focolares"},"content":{"rendered":"<p style=\"text-align: justify\">\n<p style=\"text-align: justify\"><span style=\"line-height: 1.3em\">A presidente do Movimento Focolares, Maria Emmaus Voce, reeleita durante assembleia geral realizada de 1\u00ba a 28 de setembro, e cerca de 500 participantes do encontro foram recebidos pelo papa Francisco, no dia 26, na Sala Clementina, no Vaticano. A ocasi\u00e3o foi transmitida pela internet aos membros do movimento espalhados por todo o mundo.<\/span><\/p>\n<p>  <!--more-->  <\/p>\n<p style=\"text-align: justify\"><span style=\"line-height: 1.3em\">Em seu discurso aos presentes, o papa Francisco lembrou da fundadora dos Focolares, Chiara Lubich, e \u201csua fecunda exist\u00eancia\u201d. Francisco destacou que o Movimento nasceu no \u201ccora\u00e7\u00e3o da Igreja\u201d e que, atualmente, \u201cestende seus ramos em todas as express\u00f5es da fam\u00edlia crist\u00e3 e tamb\u00e9m entre os membros das diversas religi\u00f5es e entre muitos que cultivam a justi\u00e7a e a solidariedade na busca da verdade\u201d.<\/span><\/p>\n<p style=\"text-align: justify\">Para Francisco, os membros do Movimento devem \u201ccontemplar, sair e fazer escola\u201d. As tr\u00eas palavras do papa referem-se \u00e0 miss\u00e3o esperada dos Focolares diante daquilo que se aguarda da Igreja. \u201cOferecer, com responsabilidade e criatividade, a sua peculiar contribui\u00e7\u00e3o\u201d, disse.<\/p>\n<p style=\"text-align: justify\">Chiara Lubich tamb\u00e9m foi lembrada pelo papa no momento em que falou sobre prerrogativas para se conseguir \u201cpenetrar na mais alta contempla\u00e7\u00e3o e permanecer misturado a todos\u201d, como considerava a fundadora.<\/p>\n<p style=\"text-align: justify\">Ao final, Francisco citou a carta apost\u00f3lica <em>Novo Millenio Ineunte<\/em>, de S\u00e3o Jo\u00e3o Paulo II. Para ele, \u201c\u00e9 necess\u00e1rio formar homens e mulheres novos e para tal fim \u00e9 necess\u00e1ria uma escola de humanidade na medida da humanidade de Jesus\u201d. \u201cSem uma adequada obra de forma\u00e7\u00e3o das novas gera\u00e7\u00f5es \u00e9 ilus\u00f3rio pensar em poder realizar um projeto s\u00e9rio e duradouro a servi\u00e7o de uma nova humanidade\u201d, afirmou.<\/p>\n<p style=\"text-align: justify\"><strong>Assembleia<\/strong><\/p>\n<p style=\"text-align: justify\">O encontro aconteceu de 1\u00ba a 28 de setembro, em Castel Gandolfo, a cerca de 40 km do Vaticano. Participaram 494 delegados e alguns convidados. O processo de participa\u00e7\u00e3o foi iniciado com a coleta de mais de 3000 question\u00e1rios sobre a atua\u00e7\u00e3o do movimento. Membros de todo o mundo acompanharam o evento numa \u201ccomunh\u00e3o planet\u00e1ria via internet\u201d, segundo a organiza\u00e7\u00e3o. \u201cO que emergiu da Assembleia foi condividido, tornou-se proposta de vida para todos\u201d, afirmou a presidente Maria Voce.<\/p>\n<p style=\"text-align: justify\">O grande desafio da Assembleia foi conseguir avan\u00e7ar nos trabalhos partindo da grande diversidade entre os presentes.<\/p>\n<p style=\"text-align: justify\"><strong>Miss\u00e3o<\/strong><\/p>\n<p style=\"text-align: justify\">Os Focolares nasceram h\u00e1 cerca de 70 anos em Trento (norte da It\u00e1lia), durante a Segunda Guerra Mundial. Chiara Lubich e suas companheiras decidiram consagrar sua vida \u00e0 viv\u00eancia do Evangelho e deram in\u00edcio a um movimento de difus\u00e3o do amor ao pr\u00f3ximo como ideal de vida. O Movimento Focolarino se espalhou pelo mundo a partir de uma proposta voltada ao di\u00e1logo inter-religioso e ecum\u00eanico.<\/p>\n<p style=\"text-align: justify\">\u00a0<\/p>\n<h5 style=\"text-align: justify\">Com informa\u00e7\u00f5es e fotografia da Assessoria de Imprensa do Movimento Focolares e da R\u00e1dio Vaticano<\/h5>\n<p>\u00a0<\/p>\n<p>\u00a0<\/p>\n<p>\u00a0<\/p>\n","protected":false},"excerpt":{"rendered":"<p>A presidente do Movimento Focolares, Maria Emmaus Voce, reeleita durante assembleia geral realizada de 1\u00ba a 28 de setembro, e cerca de 500 participantes do encontro foram recebidos pelo papa Francisco, no dia 26, na Sala Clementina, no Vaticano. A ocasi\u00e3o foi transmitida pela internet aos membros do movimento espalhados por todo o mundo.<\/p>\n","protected":false},"author":83,"featured_media":27803,"comment_status":"open","ping_status":"open","sticky":false,"template":"","format":"standard","meta":{"site-sidebar-layout":"default","site-content-layout":"default","ast-global-header-display":"","ast-banner-title-visibility":"","ast-main-header-display":"","ast-hfb-above-header-display":"","ast-hfb-below-header-display":"","ast-hfb-mobile-header-display":"","site-post-title":"","ast-breadcrumbs-content":"","ast-featured-img":"","footer-sml-layout":"","theme-transparent-header-meta":"","adv-header-id-meta":"","stick-header-meta":"","header-above-stick-meta":"","header-main-stick-meta":"","header-below-stick-meta":""},"categories":[784],"tags":[],"acf":[],"_links":{"self":[{"href":"https:\/\/www.cnbb.org.br\/cnbb-app\/wp\/v2\/posts\/28607"}],"collection":[{"href":"https:\/\/www.cnbb.org.br\/cnbb-app\/wp\/v2\/posts"}],"about":[{"href":"https:\/\/www.cnbb.org.br\/cnbb-app\/wp\/v2\/types\/post"}],"author":[{"embeddable":true,"href":"https:\/\/www.cnbb.org.br\/cnbb-app\/wp\/v2\/users\/83"}],"replies":[{"embeddable":true,"href":"https:\/\/www.cnbb.org.br\/cnbb-app\/wp\/v2\/comments?post=28607"}],"version-history":[{"count":0,"href":"https:\/\/www.cnbb.org.br\/cnbb-app\/wp\/v2\/posts\/28607\/revisions"}],"wp:featuredmedia":[{"embeddable":true,"href":"https:\/\/www.cnbb.org.br\/cnbb-app\/wp\/v2\/media\/27803"}],"wp:attachment":[{"href":"https:\/\/www.cnbb.org.br\/cnbb-app\/wp\/v2\/media?parent=28607"}],"wp:term":[{"taxonomy":"category","embeddable":true,"href":"https:\/\/www.cnbb.org.br\/cnbb-app\/wp\/v2\/categories?post=28607"},{"taxonomy":"post_tag","embeddable":true,"href":"https:\/\/www.cnbb.org.br\/cnbb-app\/wp\/v2\/tags?post=28607"}],"curies":[{"name":"wp","href":"https:\/\/api.w.org\/{rel}","templated":true}]}}