{"id":28614,"date":"2014-10-13T00:00:00","date_gmt":"2014-10-13T03:00:00","guid":{"rendered":"https:\/\/www.cnbb.org.br\/assembleia-do-sinodo-apresenta-relatorio-com-primeiras-reflexoes-2\/"},"modified":"2014-10-13T00:00:00","modified_gmt":"2014-10-13T03:00:00","slug":"assembleia-do-sinodo-apresenta-relatorio-com-primeiras-reflexoes-2","status":"publish","type":"post","link":"https:\/\/www.cnbb.org.br\/assembleia-do-sinodo-apresenta-relatorio-com-primeiras-reflexoes-2\/","title":{"rendered":"Apresentado relat\u00f3rio das primeiras reflex\u00f5es do S\u00ednodo"},"content":{"rendered":"<p style=\"text-align: justify\"><span style=\"line-height: 1.3em\">Na abertura da segunda semana de trabalho da 3\u00aa Assembleia Extraordin\u00e1ria do S\u00ednodo dos Bispos sobre a Fam\u00edlia, foi apresentado o primeiro relat\u00f3rio, o <\/span><em style=\"line-height: 1.3em\">Relatio post disceptationem<\/em><span style=\"line-height: 1.3em\">, com os principais contributos propostos nas reflex\u00f5es dos padres sinodais. S\u00e3o 58 pontos que indicam as motiva\u00e7\u00f5es para as escolhas pastorais da a\u00e7\u00e3o evangelizadora da Igreja junto \u00e0s fam\u00edlias.<\/span><\/p>\n<p>  <!--more-->  <\/p>\n<p style=\"text-align: justify\"><span style=\"line-height: 1.3em\">O texto \u00e9 resultado da primeira semana de trabalho da Assembleia Extraordin\u00e1ria, sendo exposto pelo relator-geral, cardeal Peter Erdo. O documento desenvolve-se em tr\u00eas ideias-chave: escutar o contexto sociocultural em que vivem as fam\u00edlias hoje; olhar para Cristo e para o seu Evangelho da fam\u00edlia e confrontar-se sobre as prospetivas pastorais a iniciar.<\/span><\/p>\n<p style=\"text-align: justify\">A fam\u00edlia, realidade decisiva e preciosa, lugar das alegrias, dificuldades e afetos \u00e9, segundo este primeiro relat\u00f3rio, uma escola de humanidade que deve ser em primeiro lugar escutada na sua complexidade. Diante dessas realidades, a Igreja deve olhar com \u201cesperan\u00e7a e sentido\u201d, indica o texto.<\/p>\n<p style=\"text-align: justify\">\u201cTorna-se necess\u00e1rio um discernimento espiritual, no que diz respeito \u00e0s conviv\u00eancias, aos matrim\u00f4nios civis e aos divorciados recasados. Compete \u00e0 Igreja reconhecer aquelas sementes do Verbo espalhadas para al\u00e9m dos seus confins vis\u00edveis e sacramentais. (&#8230;) A Igreja dirige-se com respeito \u00e0queles que participam na sua vida em modo incompleto e imperfeito, apreciando mais os valores positivos que conservam do que os limites e as faltas\u201d, aponta o relat\u00f3rio.<\/p>\n<p style=\"text-align: justify\"><strong>Apoio \u00e0s fam\u00edlias<\/strong><\/p>\n<p style=\"text-align: justify\">De acordo com o texto, a Igreja precisar enfrentar a realidade da fam\u00edlia, a partir do seu \u00a0contexto sociocultural, e olhar para Jesus para reafirmar a indissolubilidade entre homem e mulher.<\/p>\n<p style=\"text-align: justify\">\u201cEvangelizar \u00e9 responsabilidade partilhada por todo o povo de Deus, cada uma segundo o pr\u00f3prio minist\u00e9rio e carisma. Sem o testemunho alegre dos c\u00f4njuges e das fam\u00edlias, o an\u00fancio, mesmo que correto, arrisca-se a ser incompreendido ou de se afogar no mar de palavras que caracteriza a nossa sociedade. As fam\u00edlias cat\u00f3licas s\u00e3o chamadas a ser elas pr\u00f3prias os sujeitos ativos de toda a pastoral familiar.\u00a0<\/p>\n<p style=\"text-align: justify\">Tamb\u00e9m \u00e9 enfatizada no relat\u00f3rio a miss\u00e3o da Pastoral Familiar e das fam\u00edlias como sujeitos ativos na pastoral familiar, sobretudo na prepara\u00e7\u00e3o dos noivos para o matrim\u00f4nio e no acompanhamento da vida familiar ap\u00f3s o sacramento.<\/p>\n<p style=\"text-align: justify\"><strong>Primeiras propostas<\/strong><\/p>\n<p style=\"text-align: justify\">Sobre as situa\u00e7\u00f5es de div\u00f3rcio e segunda uni\u00e3o, entre outros casos, o texto reflete sobre a necessidade de solu\u00e7\u00e3o intermedi\u00e1ria, ou seja, uma possibilidade n\u00e3o generalizada, mas fruto de um discernimento feito caso a caso, a partir de acompanhamento com respeito. \u00a0\u00c9 sublinhada, ainda, no relat\u00f3rio a import\u00e2ncia da abertura \u00e0 vida e da educa\u00e7\u00e3o dos filhos, e a miss\u00e3o da Igreja no apoio \u00e0s fam\u00edlias nas suas escolhas e responsabilidades.<\/p>\n<p style=\"text-align: justify\">Ao final de sua exposi\u00e7\u00e3o, o cardeal Erdo destacou que o Evangelho da fam\u00edlia \u00e9 alegria e, por isso, pede-nos uma \u201cconvers\u00e3o mission\u00e1ria\u201d que n\u00e3o seja um an\u00fancio meramente te\u00f3rico que apenas apresenta normas mas que proponha valores promovendo uma nova linguagem.<\/p>\n<p style=\"text-align: justify\">\u201cAs reflex\u00f5es propostas, fruto do di\u00e1logo sinodal desenvolvido em grande liberdade e num estilo de rec\u00edproca escuta, pretendem indicar prospetivas que dever\u00e3o ser maturadas pela reflex\u00e3o das Igrejas locais no ano que nos separa do S\u00ednodo Ordin\u00e1rio de 2015\u201d, disse.<\/p>\n<p style=\"text-align: justify\">A 14\u00aa Assembleia Geral ordin\u00e1ria do S\u00ednodo dos Bispos ser\u00e1 realizada de 4 a 25 de outubro de 2015, com o tema &#8220;A voca\u00e7\u00e3o e a miss\u00e3o da fam\u00edlia na Igreja, no mundo contempor\u00e2neo&#8221;.<\/p>\n<p style=\"text-align: justify\">Os pareces dos pr\u00f3ximos trabalhos desta Assembleia ser\u00e3o apresentados na pr\u00f3xima quinta-feira, 16 de outubro.<\/p>\n<h5 style=\"text-align: justify\"><strong><em>Com informa\u00e7\u00f5es e fotos do News.va.\u00a0<\/em><\/strong><\/h5>\n","protected":false},"excerpt":{"rendered":"<p>Na abertura da segunda semana de trabalho da 3\u00aa Assembleia Extraordin\u00e1ria do S\u00ednodo dos Bispos sobre a Fam\u00edlia, foi apresentado o primeiro relat\u00f3rio, o Relatio post disceptationem, com os principais contributos propostos nas reflex\u00f5es dos padres sinodais. S\u00e3o 58 pontos que indicam as motiva\u00e7\u00f5es para as escolhas pastorais da a\u00e7\u00e3o evangelizadora da Igreja junto \u00e0s &hellip;<\/p>\n<p class=\"read-more\"> <a class=\"\" href=\"https:\/\/www.cnbb.org.br\/assembleia-do-sinodo-apresenta-relatorio-com-primeiras-reflexoes-2\/\"> <span class=\"screen-reader-text\">Apresentado relat\u00f3rio das primeiras reflex\u00f5es do S\u00ednodo<\/span> Leia mais &raquo;<\/a><\/p>\n","protected":false},"author":83,"featured_media":27817,"comment_status":"open","ping_status":"open","sticky":false,"template":"","format":"standard","meta":{"site-sidebar-layout":"default","site-content-layout":"default","ast-global-header-display":"","ast-banner-title-visibility":"","ast-main-header-display":"","ast-hfb-above-header-display":"","ast-hfb-below-header-display":"","ast-hfb-mobile-header-display":"","site-post-title":"","ast-breadcrumbs-content":"","ast-featured-img":"","footer-sml-layout":"","theme-transparent-header-meta":"","adv-header-id-meta":"","stick-header-meta":"","header-above-stick-meta":"","header-main-stick-meta":"","header-below-stick-meta":""},"categories":[784],"tags":[],"acf":[],"_links":{"self":[{"href":"https:\/\/www.cnbb.org.br\/cnbb-app\/wp\/v2\/posts\/28614"}],"collection":[{"href":"https:\/\/www.cnbb.org.br\/cnbb-app\/wp\/v2\/posts"}],"about":[{"href":"https:\/\/www.cnbb.org.br\/cnbb-app\/wp\/v2\/types\/post"}],"author":[{"embeddable":true,"href":"https:\/\/www.cnbb.org.br\/cnbb-app\/wp\/v2\/users\/83"}],"replies":[{"embeddable":true,"href":"https:\/\/www.cnbb.org.br\/cnbb-app\/wp\/v2\/comments?post=28614"}],"version-history":[{"count":0,"href":"https:\/\/www.cnbb.org.br\/cnbb-app\/wp\/v2\/posts\/28614\/revisions"}],"wp:featuredmedia":[{"embeddable":true,"href":"https:\/\/www.cnbb.org.br\/cnbb-app\/wp\/v2\/media\/27817"}],"wp:attachment":[{"href":"https:\/\/www.cnbb.org.br\/cnbb-app\/wp\/v2\/media?parent=28614"}],"wp:term":[{"taxonomy":"category","embeddable":true,"href":"https:\/\/www.cnbb.org.br\/cnbb-app\/wp\/v2\/categories?post=28614"},{"taxonomy":"post_tag","embeddable":true,"href":"https:\/\/www.cnbb.org.br\/cnbb-app\/wp\/v2\/tags?post=28614"}],"curies":[{"name":"wp","href":"https:\/\/api.w.org\/{rel}","templated":true}]}}