{"id":28618,"date":"2014-10-20T00:00:00","date_gmt":"2014-10-20T02:00:00","guid":{"rendered":"https:\/\/www.cnbb.org.br\/oriente-medio-2\/"},"modified":"2014-10-20T00:00:00","modified_gmt":"2014-10-20T02:00:00","slug":"oriente-medio-2","status":"publish","type":"post","link":"https:\/\/www.cnbb.org.br\/oriente-medio-2\/","title":{"rendered":"Cardeais e patriarcas discutem a paz no Oriente M\u00e9dio"},"content":{"rendered":"<p style=\"text-align: justify\">O Consist\u00f3rio P\u00fablico para a canoniza\u00e7\u00e3o do beato Jos\u00e9 Vaz e Maria Cristina da Imaculada Concei\u00e7\u00e3o foi dedicado ao Oriente M\u00e9dio e, em particular, \u00e0 situa\u00e7\u00e3o dos crist\u00e3os que vivem nesta regi\u00e3o. \u201cCompartilhamos o desejo de paz e estabilidade no Oriente M\u00e9dio e a vontade de fomentar a resolu\u00e7\u00e3o dos conflitos por meio do di\u00e1logo, reconcilia\u00e7\u00e3o e compromisso pol\u00edtico\u201d, disse o papa Francisco aos 86 cardeais e \u00a0patriarcas do Oriente M\u00e9dio presentes no evento, ocorrido hoje, 20, no Vaticano.\u00a0<\/p>\n<p>  <!--more-->  <\/p>\n<p style=\"text-align: justify\"><span style=\"line-height: 1.3em\">Na ocasi\u00e3o, Francisco expressou o desejo de dar a maior ajuda poss\u00edvel \u00e0s comunidades crist\u00e3s, para sustentar a sua perman\u00eancia na regi\u00e3o. \u201cN\u00e3o podemos resignarmos a pensar no Oriente M\u00e9dio sem os crist\u00e3os, que h\u00e1 dois mil anos confessam o nome de Jesus\u201d, afirmou.<\/span><\/p>\n<p style=\"text-align: justify\">Este tamb\u00e9m foi um apelo dos patriarcas do Iraque, S\u00edria, Egito, Terra Santa, Palestina e L\u00edbano. Segundo o diretor da Sala de Imprensa da Santa S\u00e9, padre Federido Lombardi, em seus discursos, os patriarcas falaram &#8220;insistentemente&#8221; sobre a perman\u00eancia dos crist\u00e3os no Oriente M\u00e9dio. &#8220;Eles t\u00eam um papel essencial tanto para a Igreja presente no mundo inteiro, a fim de que n\u00e3o perca a sua dimens\u00e3o oriental, quanto tamb\u00e9m pelo papel que essas comunidades sempre tiveram como mediadoras de paz, mesmo sendo geralmente minorias em seus pa\u00edses&#8221;, explicou o padre.\u00a0<\/p>\n<p style=\"text-align: justify\"><strong>Preocupa\u00e7\u00e3o<\/strong><br \/><span style=\"line-height: 1.3em\">O papa expressou, ainda, preocupa\u00e7\u00e3o com os acontecimentos recentes, sobretudo no Iraque e na S\u00edria. \u201cEstamos assistindo a um fen\u00f4meno de terrorismo de dimens\u00f5es at\u00e9 agora inimagin\u00e1veis. Muitos de nossos irm\u00e3os est\u00e3o sendo perseguidos e abandonado seus lugares de uma forma brutal. Parece que se tem perdido a consci\u00eancia do valor da vida humana, que a pessoa n\u00e3o conta e que pode ser sacrificada por causa de outros interesses\u201d, assinalou Francisco.<\/span><\/p>\n<p style=\"text-align: justify\">Para o papa, esta situa\u00e7\u00e3o requer ora\u00e7\u00e3o constante e uma resposta adequada tamb\u00e9m por parte da Comunidade Internacional. \u201cEstou certo de que, com a ajuda do Senhor, da reuni\u00e3o de hoje nasceram valiosas reflex\u00f5es e sugest\u00f5es para poder ajudar nossos irm\u00e3os que sofrem e para sair ao encontro do drama da redu\u00e7\u00e3o da presen\u00e7a crist\u00e3 na terra onde nasceu e desde a qual se difundiu o cristianismo\u201d, disse.<\/p>\n<p style=\"text-align: justify\"><strong>Canoniza\u00e7\u00e3o <\/strong><\/p>\n<p style=\"text-align: justify\">O Consist\u00f3rio tratou das canoniza\u00e7\u00f5es do padre Jos\u00e9 Vaz, ap\u00f3stolo de Ceil\u00e3o (Sri Lanka), e de Maria Cristina da Imaculada Concei\u00e7\u00e3o, fundadora da Congrega\u00e7\u00e3o das Irm\u00e3s V\u00edtimas Expiat\u00f3rias do Sant\u00edssimo Sacramento.\u00a0<\/p>\n<p style=\"text-align: justify\"><span><\/p>\n<p><\/span><\/p>\n","protected":false},"excerpt":{"rendered":"<p>O Consist\u00f3rio P\u00fablico para a canoniza\u00e7\u00e3o do beato Jos\u00e9 Vaz e Maria Cristina da Imaculada Concei\u00e7\u00e3o foi dedicado ao Oriente M\u00e9dio e, em particular, \u00e0 situa\u00e7\u00e3o dos crist\u00e3os que vivem nesta regi\u00e3o. \u201cCompartilhamos o desejo de paz e estabilidade no Oriente M\u00e9dio e a vontade de fomentar a resolu\u00e7\u00e3o dos conflitos por meio do di\u00e1logo, &hellip;<\/p>\n<p class=\"read-more\"> <a class=\"\" href=\"https:\/\/www.cnbb.org.br\/oriente-medio-2\/\"> <span class=\"screen-reader-text\">Cardeais e patriarcas discutem a paz no Oriente M\u00e9dio<\/span> Leia mais &raquo;<\/a><\/p>\n","protected":false},"author":83,"featured_media":27824,"comment_status":"open","ping_status":"open","sticky":false,"template":"","format":"standard","meta":{"site-sidebar-layout":"default","site-content-layout":"default","ast-global-header-display":"","ast-banner-title-visibility":"","ast-main-header-display":"","ast-hfb-above-header-display":"","ast-hfb-below-header-display":"","ast-hfb-mobile-header-display":"","site-post-title":"","ast-breadcrumbs-content":"","ast-featured-img":"","footer-sml-layout":"","theme-transparent-header-meta":"","adv-header-id-meta":"","stick-header-meta":"","header-above-stick-meta":"","header-main-stick-meta":"","header-below-stick-meta":""},"categories":[784],"tags":[],"acf":[],"_links":{"self":[{"href":"https:\/\/www.cnbb.org.br\/cnbb-app\/wp\/v2\/posts\/28618"}],"collection":[{"href":"https:\/\/www.cnbb.org.br\/cnbb-app\/wp\/v2\/posts"}],"about":[{"href":"https:\/\/www.cnbb.org.br\/cnbb-app\/wp\/v2\/types\/post"}],"author":[{"embeddable":true,"href":"https:\/\/www.cnbb.org.br\/cnbb-app\/wp\/v2\/users\/83"}],"replies":[{"embeddable":true,"href":"https:\/\/www.cnbb.org.br\/cnbb-app\/wp\/v2\/comments?post=28618"}],"version-history":[{"count":0,"href":"https:\/\/www.cnbb.org.br\/cnbb-app\/wp\/v2\/posts\/28618\/revisions"}],"wp:featuredmedia":[{"embeddable":true,"href":"https:\/\/www.cnbb.org.br\/cnbb-app\/wp\/v2\/media\/27824"}],"wp:attachment":[{"href":"https:\/\/www.cnbb.org.br\/cnbb-app\/wp\/v2\/media?parent=28618"}],"wp:term":[{"taxonomy":"category","embeddable":true,"href":"https:\/\/www.cnbb.org.br\/cnbb-app\/wp\/v2\/categories?post=28618"},{"taxonomy":"post_tag","embeddable":true,"href":"https:\/\/www.cnbb.org.br\/cnbb-app\/wp\/v2\/tags?post=28618"}],"curies":[{"name":"wp","href":"https:\/\/api.w.org\/{rel}","templated":true}]}}