{"id":28620,"date":"2014-10-22T00:00:00","date_gmt":"2014-10-22T02:00:00","guid":{"rendered":"https:\/\/www.cnbb.org.br\/cardeais-apresentam-assuntos-abordados-no-sinodo-dos-bispos-2\/"},"modified":"2014-10-22T00:00:00","modified_gmt":"2014-10-22T02:00:00","slug":"cardeais-apresentam-assuntos-abordados-no-sinodo-dos-bispos-2","status":"publish","type":"post","link":"https:\/\/www.cnbb.org.br\/cardeais-apresentam-assuntos-abordados-no-sinodo-dos-bispos-2\/","title":{"rendered":"Cardeais apresentam assuntos abordados  no S\u00ednodo dos Bispos"},"content":{"rendered":"<p style=\"text-align: justify\">\u201cEstamos vivendo um processo sinodal, de amadurecimento, aprofundamento de todas as quest\u00f5es que envolvem a fam\u00edlia no contexto da evangeliza\u00e7\u00e3o\u201d, esclareceu o arcebispo de Aparecida (SP) e presidente da Confer\u00eancia Nacional dos Bispos do Brasil (CNBB), cardeal Raymundo Damasceno Assis, nesta ter\u00e7a-feira, 21, aos bispos do Conselho Permanente, reunidos em Bras\u00edlia (DF).\u00a0 O cardeal foi um dos tr\u00eas presidentes delegados da 3\u00aa Assembleia Extraordin\u00e1ria do S\u00ednodo, realizada de 5 a 19 de outubro, com o tema \u201cOs desafios pastorais da fam\u00edlia no contexto da evangeliza\u00e7\u00e3o\u201d.<\/p>\n<p><!--more--><\/p>\n<p style=\"text-align: justify\">Segundo o arcebispo, uma novidade \u00e9 que o S\u00ednodo acontece em duas etapas. A primeira foi a Assembleia Extraordin\u00e1ria. J\u00e1 a segunda, a 14\u00aa Assembleia do S\u00ednodo dos Bispos,\u00a0 acontecer\u00e1, de 4 a 25 de outubro de 2015, com o tema \u201cA voca\u00e7\u00e3o e a miss\u00e3o da fam\u00edlia na Igreja, no mundo contempor\u00e2neo\u201d.<\/p>\n<p style=\"text-align: justify\">Dom Damasceno disse que esta primeira fase do S\u00ednodo foi marcada por interven\u00e7\u00f5es e testemunhos sobre v\u00e1rios aspectos relacionados \u00e0 fam\u00edlia na atualidade. O cardeal apontou os temas mais abordados durante o evento como os desafios culturais e econ\u00f4micos, div\u00f3rcio, viol\u00eancia no ambiente familiar, a vida sacramental dos casais em segunda uni\u00e3o, uni\u00e3o civil de pessoas do mesmo sexo.<\/p>\n<p style=\"text-align: justify\">Para o arcebispo de S\u00e3o Paulo e um dos padres sinodais, cardeal Odilo Pedro Scherer, o S\u00ednodo provocou o questionamento sobre os desafios pastorais da Igreja no contexto da evangeliza\u00e7\u00e3o. \u201cDiante de todos esses desafios, o que a Igreja vai fazer? Como se posicionar e que atitudes tomar?\u201d, disse serem estas as principais quest\u00f5es do S\u00ednodo.\u00a0 De acordo com dom Odilo, \u201co grande eixo \u00e9 o da nova evangeliza\u00e7\u00e3o. Isso continua na assembleia do ano que vem, mas ampliando o horizonte. O tema ser\u00e1 a voca\u00e7\u00e3o e a miss\u00e3o da fam\u00edlia na Igreja, no mundo contempor\u00e2neo. No pr\u00f3ximo ano, entrar\u00e3o mais as quest\u00f5es doutrinais\u201d, assinalou.<\/p>\n<p style=\"text-align: justify\">Dom Odilo explicou, ainda, que o S\u00ednodo n\u00e3o toma decis\u00f5es. \u201c\u00c9 um organismo consultivo. O papa convoca o S\u00ednodo para ouvir a Igreja. O que \u00e9 produzido n\u00e3o \u00e9 uma decis\u00e3o, mas proposta\u201d,\u00a0 acrescentou.<\/p>\n<p style=\"text-align: justify\">O arcebispo de S\u00e3o Paulo lembrou tamb\u00e9m que o S\u00ednodo \u00e9 fruto do Conc\u00edlio Vaticano II e que &#8220;foi institu\u00eddo por Paulo VI para dar continuidade \u00e0s quest\u00f5es do Conc\u00edlio e as que viriam depois\u201d.<\/p>\n<p style=\"text-align: justify\">Al\u00e9m de dom Raymundo Damasceno Assis e de dom Odilo Pedro Scherer, representaram o Brasil na 3\u00aa Assembleia Extraordin\u00e1ria do S\u00ednodo dos Bispos os cardeais: Jo\u00e3o Braz de Aviz, prefeito da Congrega\u00e7\u00e3o para os Institutos de Vida Consagrada e as Sociedades de Vida Apost\u00f3lica; Orani Jo\u00e3o Tempesta, arcebispo do Rio de Janeiro. Tamb\u00e9m participaram da Assembleia o eparca da Eparquia Maronita de Nossa Senhora do L\u00edbano (SP), dom Edgard Amine Madi, e o casal respons\u00e1vel pelas equipes de Nossa Senhora da super-regi\u00e3o do Brasil, Arturo e Hermelinda Zamberline.<\/p>\n<p style=\"text-align: justify\">O evento reuniu 191 padres sinodais e 62 participantes entre especialistas, auditores e delegados fraternos.<\/p>\n","protected":false},"excerpt":{"rendered":"<p>\u201cEstamos vivendo um processo sinodal, de amadurecimento, aprofundamento de todas as quest\u00f5es que envolvem a fam\u00edlia no contexto da evangeliza\u00e7\u00e3o\u201d, esclareceu o arcebispo de Aparecida (SP) e presidente da Confer\u00eancia Nacional dos Bispos do Brasil (CNBB), cardeal Raymundo Damasceno Assis, nesta ter\u00e7a-feira, 21, aos bispos do Conselho Permanente, reunidos em Bras\u00edlia (DF).\u00a0 O cardeal foi &hellip;<\/p>\n<p class=\"read-more\"> <a class=\"\" href=\"https:\/\/www.cnbb.org.br\/cardeais-apresentam-assuntos-abordados-no-sinodo-dos-bispos-2\/\"> <span class=\"screen-reader-text\">Cardeais apresentam assuntos abordados  no S\u00ednodo dos Bispos<\/span> Leia mais &raquo;<\/a><\/p>\n","protected":false},"author":83,"featured_media":27828,"comment_status":"open","ping_status":"open","sticky":false,"template":"","format":"standard","meta":{"site-sidebar-layout":"default","site-content-layout":"default","ast-global-header-display":"","ast-banner-title-visibility":"","ast-main-header-display":"","ast-hfb-above-header-display":"","ast-hfb-below-header-display":"","ast-hfb-mobile-header-display":"","site-post-title":"","ast-breadcrumbs-content":"","ast-featured-img":"","footer-sml-layout":"","theme-transparent-header-meta":"","adv-header-id-meta":"","stick-header-meta":"","header-above-stick-meta":"","header-main-stick-meta":"","header-below-stick-meta":""},"categories":[784],"tags":[],"acf":[],"_links":{"self":[{"href":"https:\/\/www.cnbb.org.br\/cnbb-app\/wp\/v2\/posts\/28620"}],"collection":[{"href":"https:\/\/www.cnbb.org.br\/cnbb-app\/wp\/v2\/posts"}],"about":[{"href":"https:\/\/www.cnbb.org.br\/cnbb-app\/wp\/v2\/types\/post"}],"author":[{"embeddable":true,"href":"https:\/\/www.cnbb.org.br\/cnbb-app\/wp\/v2\/users\/83"}],"replies":[{"embeddable":true,"href":"https:\/\/www.cnbb.org.br\/cnbb-app\/wp\/v2\/comments?post=28620"}],"version-history":[{"count":0,"href":"https:\/\/www.cnbb.org.br\/cnbb-app\/wp\/v2\/posts\/28620\/revisions"}],"wp:featuredmedia":[{"embeddable":true,"href":"https:\/\/www.cnbb.org.br\/cnbb-app\/wp\/v2\/media\/27828"}],"wp:attachment":[{"href":"https:\/\/www.cnbb.org.br\/cnbb-app\/wp\/v2\/media?parent=28620"}],"wp:term":[{"taxonomy":"category","embeddable":true,"href":"https:\/\/www.cnbb.org.br\/cnbb-app\/wp\/v2\/categories?post=28620"},{"taxonomy":"post_tag","embeddable":true,"href":"https:\/\/www.cnbb.org.br\/cnbb-app\/wp\/v2\/tags?post=28620"}],"curies":[{"name":"wp","href":"https:\/\/api.w.org\/{rel}","templated":true}]}}