{"id":28623,"date":"2014-11-26T00:00:00","date_gmt":"2014-11-26T02:00:00","guid":{"rendered":"https:\/\/www.cnbb.org.br\/congresso-mundial-em-roma-discute-mobilidade-humana-2\/"},"modified":"2014-11-26T00:00:00","modified_gmt":"2014-11-26T02:00:00","slug":"congresso-mundial-em-roma-discute-mobilidade-humana-2","status":"publish","type":"post","link":"https:\/\/www.cnbb.org.br\/congresso-mundial-em-roma-discute-mobilidade-humana-2\/","title":{"rendered":"Congresso Mundial em Roma discute mobilidade humana"},"content":{"rendered":"<p style=\"text-align: justify\">Promovido pelo Pontif\u00edcio Conselho para a Pastoral dos Migrantes e dos Itinerantes, realizou-se em Roma, de 17 a 21 de novembro, o VII Congresso Mundial de Pastoral das Migra\u00e7\u00f5es. O encontro teve como objetivo discutir sobre as migra\u00e7\u00f5es por motivos laborais, que marca t\u00e3o fortemente a sociedade contempor\u00e2nea, para, a partir destas reflex\u00f5es e das pr\u00e1ticas pastorais existentes, identificar e propor \u00e0 Igreja novas orienta\u00e7\u00f5es pastorais em \u00e2mbitos internacional, regional e local.<\/p>\n<p>  <!--more-->  <\/p>\n<p style=\"text-align: justify\">Cerca de 300 participantes\u00a0 debateram, estudaram e partilharam experi\u00eancias e pr\u00e1ticas pastorais sobre os temas: di\u00e1spora e coopera\u00e7\u00e3o ao desenvolvimento do mundo e da Igreja; a fam\u00edlia migrante; os migrantes como parceiros no desenvolvimento dos pa\u00edses de origem, de tr\u00e2nsito e de destino; o papel das mulheres migrantes entre coopera\u00e7\u00e3o e desenvolvimento; dignidade do migrante, criado \u00e0 imagem e semelhan\u00e7a de Deus; jovens migrantes: potencialidades na constru\u00e7\u00e3o de pontes de coopera\u00e7\u00e3o entre as sociedades com vista ao desenvolvimento.<\/p>\n<p style=\"text-align: justify\">Em grupos, os participantes\u00a0apresentaram propostas de a\u00e7\u00e3o em torno de quatro grandes temas: \u201cA fam\u00edlia migrante no contexto da Di\u00e1spora\u201d; \u201cMigrantes como parceiros e especificamente a Mulher Migrante como parceira na sociedade, na igreja, na pastoral\u201d; \u201cA dignidade dos Migrantes\u201d e \u201cJovens Migrantes\u201d.<\/p>\n<p style=\"text-align: justify\">A secret\u00e1ria executiva do Setor Pastoral da Mobilidade Humana da Confer\u00eancia Nacional dos Bispos do Brasil (CNBB), irm\u00e3 Rosita Milesi, exp\u00f4s no congresso sobre \u201cMulheres Migrantes\u201d.\u00a0Segundo irm\u00e3 Rosita, as mulheres, atualmente, migram por necessidade, em busca do sustento para os filhos e a fam\u00edlia.\u00a0\u201cH\u00e1 que se reconhecer a dimens\u00e3o positiva do papel da mulher, apoi\u00e1-la, dispensar-lhe espec\u00edfica aten\u00e7\u00e3o pastoral\u201d, disse.\u00a0O bispo referencial da Pastoral da Mobilidade Humana da CNBB, dom Jos\u00e9 Luis Ferreira Sales, tamb\u00e9m acompanhou o congresso.<\/p>\n<p style=\"text-align: justify\">Um breve documento final do encontro relata que as migra\u00e7\u00f5es continuam sendo um sinal dos tempos, fortemente marcados pelo medo e a falta de hospitalidade. O documento ainda ser\u00e1 complementado e divulgado em sua totalidade. De acordo com irm\u00e3 Rosita, os participantes concordaram na necessidade de animar a todos, inclusive sociedade civil e governo, a trabalhar em favor da ado\u00e7\u00e3o de pol\u00edticas migrat\u00f3rias mais eficazes e amplas, com plena ades\u00e3o \u00e0s conven\u00e7\u00f5es internacionais, a fim de garantir oportunidades de emprego e dignas condi\u00e7\u00f5es de vida. Ao mesmo tempo, sublinharam a responsabilidade da pr\u00f3pria Igreja numa a\u00e7\u00e3o articulada entre as estruturas eclesiais nos pa\u00edses de origem, tr\u00e2nsito e destino, visando fortalecer tamb\u00e9m a pastoral transnacional, voltada a melhor apoiar e promover a necess\u00e1ria assist\u00eancia aos migrantes.<\/p>\n<p style=\"text-align: justify\">No encerramento do evento, os participantes tiveram um encontro com o papa Francisco, que al\u00e9m de destacar v\u00e1rias orienta\u00e7\u00f5es pastorais emanadas anteriormente, ressaltou que a Igreja, como M\u00e3e, deve ser sem fronteiras, acolhendo a todas as pessoas com respeito e dignidade. Francisco ressaltou ainda, que a presen\u00e7a dos imigrantes faz recordar a necessidade de erradicar a desigualdade, a injusti\u00e7a e os abusos, e lembrar que eles s\u00e3o parceiros na constru\u00e7\u00e3o de uma rica identidade para as comunidades.<\/p>\n<p style=\"text-align: justify\">\u00a0<\/p>\n<p>\u00a0<\/p>\n","protected":false},"excerpt":{"rendered":"<p>Promovido pelo Pontif\u00edcio Conselho para a Pastoral dos Migrantes e dos Itinerantes, realizou-se em Roma, de 17 a 21 de novembro, o VII Congresso Mundial de Pastoral das Migra\u00e7\u00f5es. O encontro teve como objetivo discutir sobre as migra\u00e7\u00f5es por motivos laborais, que marca t\u00e3o fortemente a sociedade contempor\u00e2nea, para, a partir destas reflex\u00f5es e das &hellip;<\/p>\n<p class=\"read-more\"> <a class=\"\" href=\"https:\/\/www.cnbb.org.br\/congresso-mundial-em-roma-discute-mobilidade-humana-2\/\"> <span class=\"screen-reader-text\">Congresso Mundial em Roma discute mobilidade humana<\/span> Leia mais &raquo;<\/a><\/p>\n","protected":false},"author":83,"featured_media":27833,"comment_status":"open","ping_status":"open","sticky":false,"template":"","format":"standard","meta":{"site-sidebar-layout":"default","site-content-layout":"default","ast-global-header-display":"","ast-banner-title-visibility":"","ast-main-header-display":"","ast-hfb-above-header-display":"","ast-hfb-below-header-display":"","ast-hfb-mobile-header-display":"","site-post-title":"","ast-breadcrumbs-content":"","ast-featured-img":"","footer-sml-layout":"","theme-transparent-header-meta":"","adv-header-id-meta":"","stick-header-meta":"","header-above-stick-meta":"","header-main-stick-meta":"","header-below-stick-meta":""},"categories":[784],"tags":[],"acf":[],"_links":{"self":[{"href":"https:\/\/www.cnbb.org.br\/cnbb-app\/wp\/v2\/posts\/28623"}],"collection":[{"href":"https:\/\/www.cnbb.org.br\/cnbb-app\/wp\/v2\/posts"}],"about":[{"href":"https:\/\/www.cnbb.org.br\/cnbb-app\/wp\/v2\/types\/post"}],"author":[{"embeddable":true,"href":"https:\/\/www.cnbb.org.br\/cnbb-app\/wp\/v2\/users\/83"}],"replies":[{"embeddable":true,"href":"https:\/\/www.cnbb.org.br\/cnbb-app\/wp\/v2\/comments?post=28623"}],"version-history":[{"count":0,"href":"https:\/\/www.cnbb.org.br\/cnbb-app\/wp\/v2\/posts\/28623\/revisions"}],"wp:featuredmedia":[{"embeddable":true,"href":"https:\/\/www.cnbb.org.br\/cnbb-app\/wp\/v2\/media\/27833"}],"wp:attachment":[{"href":"https:\/\/www.cnbb.org.br\/cnbb-app\/wp\/v2\/media?parent=28623"}],"wp:term":[{"taxonomy":"category","embeddable":true,"href":"https:\/\/www.cnbb.org.br\/cnbb-app\/wp\/v2\/categories?post=28623"},{"taxonomy":"post_tag","embeddable":true,"href":"https:\/\/www.cnbb.org.br\/cnbb-app\/wp\/v2\/tags?post=28623"}],"curies":[{"name":"wp","href":"https:\/\/api.w.org\/{rel}","templated":true}]}}