{"id":28631,"date":"2014-12-10T00:00:00","date_gmt":"2014-12-10T02:00:00","guid":{"rendered":"https:\/\/www.cnbb.org.br\/vaticano-divulga-primeiro-documento-para-o-sinodo-2\/"},"modified":"2014-12-10T00:00:00","modified_gmt":"2014-12-10T02:00:00","slug":"vaticano-divulga-primeiro-documento-para-o-sinodo-2","status":"publish","type":"post","link":"https:\/\/www.cnbb.org.br\/vaticano-divulga-primeiro-documento-para-o-sinodo-2\/","title":{"rendered":"Vaticano divulga primeiro documento para o S\u00ednodo"},"content":{"rendered":"<p style=\"text-align: justify\" align=\"center\"><span style=\"line-height: 1.3em\">Parte do relat\u00f3rio elaborado pela \u00faltima Assembleia Extraordin\u00e1ria, realizada no \u00faltimo m\u00eas de outubro, integra o primeiro dos documentos a serem apresentados pelo Vaticano para a 14\u00aa Assembleia Geral Ordin\u00e1ria do S\u00ednodo dos Bispos. A reuni\u00e3o sinodal acontecer\u00e1 no per\u00edodo de 4 a 25 de outubro de 2015 com a participa\u00e7\u00e3o de padres sinodais de diversas partes do mundo.<\/span><\/p>\n<p><!--more--><\/p>\n<p style=\"text-align: justify\" align=\"center\">\u00a0<span style=\"line-height: 1.3em\">O pr\u00f3ximo S\u00ednodo debater\u00e1 \u201cA voca\u00e7\u00e3o e a miss\u00e3o da fam\u00edlia na Igreja e no mundo contempor\u00e2neo\u201d. Ser\u00e1 uma continua\u00e7\u00e3o das reflex\u00f5es iniciadas em 2014 sobre os desafios da evangeliza\u00e7\u00e3o da fam\u00edlia. A realiza\u00e7\u00e3o do S\u00ednodo em duas etapas foi escolha do papa Francisco, que pela primeira vez adotou esse modelo para os trabalhos da Assembleia.<\/span><\/p>\n<p style=\"text-align: justify\">O <a href=\"http:\/\/press.vatican.va\/content\/salastampa\/pt\/bollettino\/pubblico\/2014\/12\/09\/0935\/02013.html\" target=\"_blank\" rel=\"noopener noreferrer\">texto<\/a> foi divulgado pelo Vaticano na ter\u00e7a-feira, 9. Intitulado de lineamenta, traz reflex\u00f5es da Assembleia Extraordin\u00e1ria, que antecedeu o S\u00ednodo Ordin\u00e1rio. O documento est\u00e1 organizado em tr\u00eas partes: \u201cA escuta \u2013 o contexto e os desafios sobre fam\u00edlia\u201d, \u201cO olhar sobre Cristo: o Evangelho da Fam\u00edlia\u201d e \u201cO confronto: perspectivas pastorais\u201d.<\/p>\n<p style=\"text-align: justify\">Para facilitar o aprofundamento dos temas contidos no relat\u00f3rio, foram acrescentadas \u00e0 lineamenta algumas perguntas que ajudar\u00e3o a elaborar o <em>Instrumentum laboris<\/em>\u00a0 (Documento de Trabalho) da pr\u00f3xima Assembleia.<\/p>\n<p style=\"text-align: justify\">A <a href=\"http:\/\/press.vatican.va\/content\/salastampa\/pt\/bollettino\/pubblico\/2014\/12\/09\/0935\/02013.html\" target=\"_blank\" rel=\"noopener noreferrer\">primeira vers\u00e3o do Documento<\/a> publicado em italiano foi enviada \u00e0s Confer\u00eancias Episcopais, aos S\u00ednodos das Igrejas Orientais Cat\u00f3licas\u00a0<em>sui iuris<\/em>, \u00e0 Uni\u00e3o dos Superiores Religiosos e aos Dicast\u00e9rios da C\u00faria Romana.\u00a0 A proposta \u00e9 que ele seja estudado e debatido nas comunidades, com a participa\u00e7\u00e3o dos fi\u00e9is. Os resultados dessa consulta ser\u00e3o enviados \u00e0 Secretaria Geral do S\u00ednodo dos Bispos at\u00e9 15 de abril do pr\u00f3ximo ano.<\/p>\n<p style=\"text-align: justify\">Acesse o <a href=\"http:\/\/press.vatican.va\/content\/salastampa\/pt\/bollettino\/pubblico\/2014\/12\/09\/0935\/02013.html\" target=\"_blank\" rel=\"noopener noreferrer\">texto completo aqui &#8211; vers\u00e3o em italiano.\u00a0<\/a><\/p>\n<p style=\"text-align: justify\">Com informa\u00e7\u00f5es do News.va.<\/p>\n","protected":false},"excerpt":{"rendered":"<p>Parte do relat\u00f3rio elaborado pela \u00faltima Assembleia Extraordin\u00e1ria, realizada no \u00faltimo m\u00eas de outubro, integra o primeiro dos documentos a serem apresentados pelo Vaticano para a 14\u00aa Assembleia Geral Ordin\u00e1ria do S\u00ednodo dos Bispos. A reuni\u00e3o sinodal acontecer\u00e1 no per\u00edodo de 4 a 25 de outubro de 2015 com a participa\u00e7\u00e3o de padres sinodais de &hellip;<\/p>\n<p class=\"read-more\"> <a class=\"\" href=\"https:\/\/www.cnbb.org.br\/vaticano-divulga-primeiro-documento-para-o-sinodo-2\/\"> <span class=\"screen-reader-text\">Vaticano divulga primeiro documento para o S\u00ednodo<\/span> Leia mais &raquo;<\/a><\/p>\n","protected":false},"author":83,"featured_media":18136,"comment_status":"open","ping_status":"open","sticky":false,"template":"","format":"standard","meta":{"site-sidebar-layout":"default","site-content-layout":"default","ast-global-header-display":"","ast-banner-title-visibility":"","ast-main-header-display":"","ast-hfb-above-header-display":"","ast-hfb-below-header-display":"","ast-hfb-mobile-header-display":"","site-post-title":"","ast-breadcrumbs-content":"","ast-featured-img":"","footer-sml-layout":"","theme-transparent-header-meta":"","adv-header-id-meta":"","stick-header-meta":"","header-above-stick-meta":"","header-main-stick-meta":"","header-below-stick-meta":""},"categories":[784],"tags":[],"acf":[],"_links":{"self":[{"href":"https:\/\/www.cnbb.org.br\/cnbb-app\/wp\/v2\/posts\/28631"}],"collection":[{"href":"https:\/\/www.cnbb.org.br\/cnbb-app\/wp\/v2\/posts"}],"about":[{"href":"https:\/\/www.cnbb.org.br\/cnbb-app\/wp\/v2\/types\/post"}],"author":[{"embeddable":true,"href":"https:\/\/www.cnbb.org.br\/cnbb-app\/wp\/v2\/users\/83"}],"replies":[{"embeddable":true,"href":"https:\/\/www.cnbb.org.br\/cnbb-app\/wp\/v2\/comments?post=28631"}],"version-history":[{"count":0,"href":"https:\/\/www.cnbb.org.br\/cnbb-app\/wp\/v2\/posts\/28631\/revisions"}],"wp:featuredmedia":[{"embeddable":true,"href":"https:\/\/www.cnbb.org.br\/cnbb-app\/wp\/v2\/media\/18136"}],"wp:attachment":[{"href":"https:\/\/www.cnbb.org.br\/cnbb-app\/wp\/v2\/media?parent=28631"}],"wp:term":[{"taxonomy":"category","embeddable":true,"href":"https:\/\/www.cnbb.org.br\/cnbb-app\/wp\/v2\/categories?post=28631"},{"taxonomy":"post_tag","embeddable":true,"href":"https:\/\/www.cnbb.org.br\/cnbb-app\/wp\/v2\/tags?post=28631"}],"curies":[{"name":"wp","href":"https:\/\/api.w.org\/{rel}","templated":true}]}}