{"id":28632,"date":"2014-12-12T00:00:00","date_gmt":"2014-12-12T02:00:00","guid":{"rendered":"https:\/\/www.cnbb.org.br\/papa-francisco-convoca-consistorio-para-criacao-de-novos-cardeais-2\/"},"modified":"2014-12-12T00:00:00","modified_gmt":"2014-12-12T02:00:00","slug":"papa-francisco-convoca-consistorio-para-criacao-de-novos-cardeais-2","status":"publish","type":"post","link":"https:\/\/www.cnbb.org.br\/papa-francisco-convoca-consistorio-para-criacao-de-novos-cardeais-2\/","title":{"rendered":"Papa Francisco convoca Consist\u00f3rio para cria\u00e7\u00e3o de novos cardeais"},"content":{"rendered":"<p style=\"text-align: justify\"><span style=\"line-height: 1.3em\">A Santa S\u00e9 informou a decis\u00e3o do papa Francisco em realizar um Consist\u00f3rio para a cria\u00e7\u00e3o de novos cardeais. A reuni\u00e3o ocorrer\u00e1 no Vaticano, dias 14 e 15 de fevereiro.\u00a0Os nomes dos novos purpurados ser\u00e3o divulgados somente um m\u00eas antes do Consist\u00f3rio.\u00a0<\/span><span style=\"line-height: 1.3em\">O comunicado foi transmitido pelo diretor da Sala de Imprensa, padre Federico Lombardi, durante coletiva sobre o Grupo dos nove cardeais, que esteve reunido em Roma de 9 a 11 de dezembro, para tratar da reforma da C\u00faria.<\/span><\/p>\n<p>  <!--more-->  <\/p>\n<p style=\"text-align: justify\">Segundo o padre Federico Lombardi, o<span style=\"line-height: 1.3em\">\u00a0papa Francisco participou dos encontros do grupo dos nove cardeais, \u201cescutando tudo com grande aten\u00e7\u00e3o\u201d. Os dois primeiros dias do encontro foram dedicados ao relat\u00f3rio e reflex\u00f5es sobre as observa\u00e7\u00f5es feitas por ocasi\u00e3o da reuni\u00e3o dos chefes de Dicast\u00e9rio da C\u00faria, presidida pelo papa Francisco, em 24 de novembro, quando foram apresentadas novas propostas e orienta\u00e7\u00f5es sobre a reforma da C\u00faria.<\/span><\/p>\n<p style=\"text-align: justify\">Entre os assuntos, foram tratados a reorganiza\u00e7\u00e3o de alguns Pontif\u00edcios Conselhos, como o dos Leigos, da Fam\u00edlia, da Justi\u00e7a, Paz e Caridade. Conforme padre Lombardi, trata-se de um processo de reforma, de aprofundamentos \u00a0e n\u00e3o foram tomadas decis\u00f5es.\u00a0<\/p>\n<h5 style=\"text-align: justify\">Com informa\u00e7\u00f5es do News.va<\/h5>\n","protected":false},"excerpt":{"rendered":"<p>A Santa S\u00e9 informou a decis\u00e3o do papa Francisco em realizar um Consist\u00f3rio para a cria\u00e7\u00e3o de novos cardeais. A reuni\u00e3o ocorrer\u00e1 no Vaticano, dias 14 e 15 de fevereiro.\u00a0Os nomes dos novos purpurados ser\u00e3o divulgados somente um m\u00eas antes do Consist\u00f3rio.\u00a0O comunicado foi transmitido pelo diretor da Sala de Imprensa, padre Federico Lombardi, durante &hellip;<\/p>\n<p class=\"read-more\"> <a class=\"\" href=\"https:\/\/www.cnbb.org.br\/papa-francisco-convoca-consistorio-para-criacao-de-novos-cardeais-2\/\"> <span class=\"screen-reader-text\">Papa Francisco convoca Consist\u00f3rio para cria\u00e7\u00e3o de novos cardeais<\/span> Leia mais &raquo;<\/a><\/p>\n","protected":false},"author":83,"featured_media":27326,"comment_status":"open","ping_status":"open","sticky":false,"template":"","format":"standard","meta":{"site-sidebar-layout":"default","site-content-layout":"default","ast-global-header-display":"","ast-banner-title-visibility":"","ast-main-header-display":"","ast-hfb-above-header-display":"","ast-hfb-below-header-display":"","ast-hfb-mobile-header-display":"","site-post-title":"","ast-breadcrumbs-content":"","ast-featured-img":"","footer-sml-layout":"","theme-transparent-header-meta":"","adv-header-id-meta":"","stick-header-meta":"","header-above-stick-meta":"","header-main-stick-meta":"","header-below-stick-meta":""},"categories":[784],"tags":[],"acf":[],"_links":{"self":[{"href":"https:\/\/www.cnbb.org.br\/cnbb-app\/wp\/v2\/posts\/28632"}],"collection":[{"href":"https:\/\/www.cnbb.org.br\/cnbb-app\/wp\/v2\/posts"}],"about":[{"href":"https:\/\/www.cnbb.org.br\/cnbb-app\/wp\/v2\/types\/post"}],"author":[{"embeddable":true,"href":"https:\/\/www.cnbb.org.br\/cnbb-app\/wp\/v2\/users\/83"}],"replies":[{"embeddable":true,"href":"https:\/\/www.cnbb.org.br\/cnbb-app\/wp\/v2\/comments?post=28632"}],"version-history":[{"count":0,"href":"https:\/\/www.cnbb.org.br\/cnbb-app\/wp\/v2\/posts\/28632\/revisions"}],"wp:featuredmedia":[{"embeddable":true,"href":"https:\/\/www.cnbb.org.br\/cnbb-app\/wp\/v2\/media\/27326"}],"wp:attachment":[{"href":"https:\/\/www.cnbb.org.br\/cnbb-app\/wp\/v2\/media?parent=28632"}],"wp:term":[{"taxonomy":"category","embeddable":true,"href":"https:\/\/www.cnbb.org.br\/cnbb-app\/wp\/v2\/categories?post=28632"},{"taxonomy":"post_tag","embeddable":true,"href":"https:\/\/www.cnbb.org.br\/cnbb-app\/wp\/v2\/tags?post=28632"}],"curies":[{"name":"wp","href":"https:\/\/api.w.org\/{rel}","templated":true}]}}