{"id":28635,"date":"2014-12-22T00:00:00","date_gmt":"2014-12-22T02:00:00","guid":{"rendered":"https:\/\/www.cnbb.org.br\/francisco-pede-que-fieis-abram-as-portas-a-cristo-2\/"},"modified":"2014-12-22T00:00:00","modified_gmt":"2014-12-22T02:00:00","slug":"francisco-pede-que-fieis-abram-as-portas-a-cristo-2","status":"publish","type":"post","link":"https:\/\/www.cnbb.org.br\/francisco-pede-que-fieis-abram-as-portas-a-cristo-2\/","title":{"rendered":"Francisco pede que fi\u00e9is \u201cabram as portas a Cristo\u201d"},"content":{"rendered":"<p style=\"text-align: justify\"><span style=\"line-height: 1.3em\">Milhares de fi\u00e9is estiveram reunidos neste quarto e \u00faltimo domingo do Advento, na Pra\u00e7a S\u00e3o Pedro, no Vaticano. Durante o encontro, o papa Francisco convidou os presentes a meditar sobre o an\u00fancio do Anjo Gabriel e Maria.<\/span><\/p>\n<p>  <!--more-->  <\/p>\n<p style=\"text-align: justify\">\u00a0<span style=\"line-height: 1.3em\">Francisco disse que pensando nesta jovem simples de Nazar\u00e9 h\u00e1 dois aspectos essenciais de sua atitude, que s\u00e3o o modelo de prepara\u00e7\u00e3o para o Natal. \u201cAntes de tudo, a sua f\u00e9, que consiste em escutar a Palavra de Deus e entregar-se a esta palavra com total disponibilidade de mente e de cora\u00e7\u00e3o. Maria respondeu \u2018sim\u2019 sem saber os caminhos que deveria percorrer, as dores que sofreria, os ricos que enfrentaria, mas estava consciente que era o Senhor que lhe pedia. Ela confia totalmente Nele e se abandona a seu amor\u201d.<\/span><\/p>\n<p style=\"text-align: justify\">O outro ponto a ser meditado \u00e9 a capacidade da M\u00e3e de Cristo de reconhecer o tempo de Deus. \u201cMaria \u00e9 aquela que tornou poss\u00edvel a encarna\u00e7\u00e3o do Filho de Deus, a revela\u00e7\u00e3o do mist\u00e9rio, guardado em segredo durante s\u00e9culos, como escreve o ap\u00f3stolo Paulo\u201d.<\/p>\n<p style=\"text-align: justify\">O pont\u00edfice lembra que Maria ensina os fi\u00e9is a acolher o momento favor\u00e1vel em que Jesus passa na vida de cada um e pede uma reposta r\u00e1pida e generosa. Ele reiterou que, como Maria, todos s\u00e3o chamados a responder um \u2018sim\u2019 pessoal e sincero ao chamado, colocando-se plenamente \u00e0 disposi\u00e7\u00e3o de Deus e de sua miseric\u00f3rdia.<\/p>\n<p style=\"text-align: justify\">Deixando de lado seu discurso, Francisco falou de improviso. \u201cQuantas vezes Jesus passa em nossa vida e quantas vezes nos manda um anjo e n\u00f3s n\u00e3o percebemos porque estamos imersos em nossos pensamentos, ocupados com os nossos neg\u00f3cios e nestes dias, at\u00e9 com os preparativos para o Natal! Ele passa e n\u00e3o notamos que bateu em nossa porta, pedindo acolhimento\u201d, disse.<\/p>\n<p style=\"text-align: justify\">O papa alertou que quando se sente no cora\u00e7\u00e3o a vontade de ser melhor, \u00e9 o Senhor que faz sentir este desejo. \u201c\u00c9 ele que est\u00e1 batendo, n\u00e3o o deixem passar. Jesus bate na porta de nosso cora\u00e7\u00e3o para nos dar a paz de esp\u00edrito; abramos as portas a Cristo\u201d, pediu. \u00a0<\/p>\n<p style=\"text-align: justify\">Antes de rezar a ora\u00e7\u00e3o do Angelus, o papa concluiu sua reflex\u00e3o recordando a presen\u00e7a silenciosa de S\u00e3o Jos\u00e9 ao lado de Maria. \u201cO exemplo de Maria e de Jos\u00e9 \u00e9 para todos n\u00f3s um convite a acolher Jesus com total abertura de esp\u00edrito. Por amor Ele se fez nosso irm\u00e3o; Ele vem trazer ao mundo o dom da paz. Cristo \u00e9 a nossa verdadeira paz. Entreguemo-nos \u00e0 intercess\u00e3o de nossa M\u00e3e e de S\u00e3o Jos\u00e9 para vivermos um Natal realmente crist\u00e3o, livres de toda mundanidade e prontos para acolher o Salvador, Deus conosco\u201d, encerrou Francisco.<\/p>\n<p><span style=\"font-size: xx-small\"><strong><em>Com informa\u00e7\u00f5es da News.va e foto da R\u00e1dio Vaticano<\/em><\/strong><\/span><\/p>\n<p>\u00a0<\/p>\n","protected":false},"excerpt":{"rendered":"<p>Milhares de fi\u00e9is estiveram reunidos neste quarto e \u00faltimo domingo do Advento, na Pra\u00e7a S\u00e3o Pedro, no Vaticano. Durante o encontro, o papa Francisco convidou os presentes a meditar sobre o an\u00fancio do Anjo Gabriel e Maria.<\/p>\n","protected":false},"author":83,"featured_media":27853,"comment_status":"open","ping_status":"open","sticky":false,"template":"","format":"standard","meta":{"site-sidebar-layout":"default","site-content-layout":"default","ast-global-header-display":"","ast-banner-title-visibility":"","ast-main-header-display":"","ast-hfb-above-header-display":"","ast-hfb-below-header-display":"","ast-hfb-mobile-header-display":"","site-post-title":"","ast-breadcrumbs-content":"","ast-featured-img":"","footer-sml-layout":"","theme-transparent-header-meta":"","adv-header-id-meta":"","stick-header-meta":"","header-above-stick-meta":"","header-main-stick-meta":"","header-below-stick-meta":""},"categories":[784],"tags":[],"acf":[],"_links":{"self":[{"href":"https:\/\/www.cnbb.org.br\/cnbb-app\/wp\/v2\/posts\/28635"}],"collection":[{"href":"https:\/\/www.cnbb.org.br\/cnbb-app\/wp\/v2\/posts"}],"about":[{"href":"https:\/\/www.cnbb.org.br\/cnbb-app\/wp\/v2\/types\/post"}],"author":[{"embeddable":true,"href":"https:\/\/www.cnbb.org.br\/cnbb-app\/wp\/v2\/users\/83"}],"replies":[{"embeddable":true,"href":"https:\/\/www.cnbb.org.br\/cnbb-app\/wp\/v2\/comments?post=28635"}],"version-history":[{"count":0,"href":"https:\/\/www.cnbb.org.br\/cnbb-app\/wp\/v2\/posts\/28635\/revisions"}],"wp:featuredmedia":[{"embeddable":true,"href":"https:\/\/www.cnbb.org.br\/cnbb-app\/wp\/v2\/media\/27853"}],"wp:attachment":[{"href":"https:\/\/www.cnbb.org.br\/cnbb-app\/wp\/v2\/media?parent=28635"}],"wp:term":[{"taxonomy":"category","embeddable":true,"href":"https:\/\/www.cnbb.org.br\/cnbb-app\/wp\/v2\/categories?post=28635"},{"taxonomy":"post_tag","embeddable":true,"href":"https:\/\/www.cnbb.org.br\/cnbb-app\/wp\/v2\/tags?post=28635"}],"curies":[{"name":"wp","href":"https:\/\/api.w.org\/{rel}","templated":true}]}}