{"id":28636,"date":"2014-12-22T00:00:00","date_gmt":"2014-12-22T02:00:00","guid":{"rendered":"https:\/\/www.cnbb.org.br\/em-audiencia-especial-papa-recebe-trabalhadores-do-vaticano-para-felicitacoes-pelo-natal-e-pede-perdao-pelas-faltas-2\/"},"modified":"2014-12-22T00:00:00","modified_gmt":"2014-12-22T02:00:00","slug":"em-audiencia-especial-papa-recebe-trabalhadores-do-vaticano-para-felicitacoes-pelo-natal-e-pede-perdao-pelas-faltas-2","status":"publish","type":"post","link":"https:\/\/www.cnbb.org.br\/em-audiencia-especial-papa-recebe-trabalhadores-do-vaticano-para-felicitacoes-pelo-natal-e-pede-perdao-pelas-faltas-2\/","title":{"rendered":"Em audi\u00eancia especial, papa recebe trabalhadores do Vaticano para felicita\u00e7\u00f5es natalinas"},"content":{"rendered":"<p style=\"text-align: justify\"><span style=\"line-height: 1.3em\">Em audi\u00eancia especial, o papa Francisco recebeu, na manh\u00e3 desta segunda-feira, 22, os funcion\u00e1rios do Vaticano para as felicita\u00e7\u00f5es natalinas. \u00c9 a primeira vez que um papa realiza este gesto. Ele agradeceu calorosamente pelo trabalho de cada um. Aos italianos, dedicou palavras especiais porque, segundo ele, \u201cdurante toda a hist\u00f3ria da Igreja e da C\u00faria Romana, trabalharam habitualmente com \u00e2nimo generoso e fiel, colocando-se a servi\u00e7o dos grandes santos, papas, m\u00e1rtires, mission\u00e1rios e artistas\u201d. Francisco tamb\u00e9m n\u00e3o se esqueceu dos trabalhadores de outros pa\u00edses, que \u201ctrabalham generosamente, longe de suas p\u00e1trias e fam\u00edlias, e que representam para a C\u00faria o rosto do catolicismo da Igreja\u201d.<\/span><\/p>\n<p><!--more--><\/p>\n<p style=\"text-align: justify\"><span style=\"line-height: 1.3em\">O Papa encorajou todos a meditar para \u201cfazerem um exame de consci\u00eancia em prepara\u00e7\u00e3o ao Santo Natal e Ano Novo\u201d, exortando-os a aproximarem-se do sacramento da confiss\u00e3o &#8221;estado de esp\u00edrito d\u00f3cil para receber a miseric\u00f3rdia do Senhor que bate \u00e0 porta dos nossos cora\u00e7\u00f5es a alegria da fam\u00edlia\u201d.<\/span><\/p>\n<p style=\"text-align: justify\">O pont\u00edfice agradeceu ao empenho e esfor\u00e7o di\u00e1rio, afirmando que a C\u00faria expressa um corpo vivo e os membros do corpo que parecem ser mais fracos s\u00e3o os mais necess\u00e1rios, enquanto os que parecem menos honrados s\u00e3o os que merecem maior respeito. \u201cDeus formou um corpo para que n\u00e3o haja divis\u00e3o, sendo que os membros tiveram cuidado uns com os outros\u201d, lembra o papa.<\/p>\n<p style=\"text-align: justify\"><strong>Exorta\u00e7\u00f5es<\/strong><\/p>\n<p style=\"text-align: justify\">Francisco escolheu a palavra \u201ccuidado\u201d para caracterizar o encontro. O santo padre explicou que \u201ccuidar implica manifestar interesse rigoroso, que compromete tanto a nossa alma como a nossa atividade; fazer algo a algu\u00e9m significa olhar com aten\u00e7\u00e3o a qualquer pessoa que necessite cuidado, sem pensar em nada mais\u201d.<\/p>\n<p style=\"text-align: justify\">Neste Natal, o papa exortou todos a cuidarem da vida espiritual, do relacionamento com Deus, da vida familiar e da rela\u00e7\u00e3o com os demais. Segundo ele, \u00e9 preciso cuidar a forma de falar, purificando a l\u00edngua de palavras ofensivas, cuidar das feridas do cora\u00e7\u00e3o com o \u00f3leo do perd\u00e3o, e ainda cuidar do trabalho, realizando-o com entusiasmo, humildade e paix\u00e3o.<\/p>\n<p style=\"text-align: justify\">No mesmo sentido, para celebrar a data com santidade, o bispo de Roma recomendou ainda que todos tenham cuidado com a inveja, lux\u00faria, \u00f3dio e sentimentos negativos, que devoram a paz interior e nos transforma em pessoas destrutivas. \u201cCuidem tamb\u00e9m do ressentimento, que leva \u00e0 vingan\u00e7a; e a pregui\u00e7a, que leva \u00e0 eutan\u00e1sia existencial. Sem esquecer dos cuidados com os pobres, idosos, doentes, famintos e sem-teto.\u201d<\/p>\n<p style=\"text-align: justify\">Em rela\u00e7\u00e3o ao Natal, o Papa pediu que n\u00e3o seja nunca uma festa de consumismo comercial, de apar\u00eancia ou de presentes in\u00fateis, ou mesmo de desperd\u00edcios sup\u00e9rfluos, mas que seja a festa da alegria de acolher o Senhor no pres\u00e9pio e no cora\u00e7\u00e3o. \u00a0\u201cO verdadeiro Natal \u00e9 a festa da pobreza de Deus, que se despojou de si mesmo, tomando forma de escravo, de Deus que se esconde dos inteligentes e s\u00e1bios para se revelar aos pequenos, simples e pobres; do Filho que n\u00e3o veio para ser servido, mas para servir e para dar a sua vida como pre\u00e7o de resgate para muitos\u201d, disse.<\/p>\n<p style=\"text-align: justify\">Antes de se despedir, o papa pediu perd\u00e3o. \u201cN\u00e3o quero acabar estas palavras de felicita\u00e7\u00f5es sem vos pedir perd\u00e3o pelas faltas, minhas e de meus colaboradores, e tamb\u00e9m por alguns esc\u00e2ndalos, que fazem t\u00e3o mal. Perdoem-me\u201d, concluiu Francisco.<\/p>\n<p style=\"text-align: justify\"><span style=\"font-size: xx-small\"><em><strong>Foto da R\u00e1dio Vaticano<\/strong><\/em><\/span><\/p>\n<p style=\"text-align: justify\">\n<p>&nbsp;<\/p>\n","protected":false},"excerpt":{"rendered":"<p>Em audi\u00eancia especial, o papa Francisco recebeu, na manh\u00e3 desta segunda-feira, 22, os funcion\u00e1rios do Vaticano para as felicita\u00e7\u00f5es natalinas. \u00c9 a primeira vez que um papa realiza este gesto. Ele agradeceu calorosamente pelo trabalho de cada um. Aos italianos, dedicou palavras especiais porque, segundo ele, \u201cdurante toda a hist\u00f3ria da Igreja e da C\u00faria &hellip;<\/p>\n<p class=\"read-more\"> <a class=\"\" href=\"https:\/\/www.cnbb.org.br\/em-audiencia-especial-papa-recebe-trabalhadores-do-vaticano-para-felicitacoes-pelo-natal-e-pede-perdao-pelas-faltas-2\/\"> <span class=\"screen-reader-text\">Em audi\u00eancia especial, papa recebe trabalhadores do Vaticano para felicita\u00e7\u00f5es natalinas<\/span> Leia mais &raquo;<\/a><\/p>\n","protected":false},"author":83,"featured_media":27855,"comment_status":"open","ping_status":"open","sticky":false,"template":"","format":"standard","meta":{"site-sidebar-layout":"default","site-content-layout":"default","ast-global-header-display":"","ast-banner-title-visibility":"","ast-main-header-display":"","ast-hfb-above-header-display":"","ast-hfb-below-header-display":"","ast-hfb-mobile-header-display":"","site-post-title":"","ast-breadcrumbs-content":"","ast-featured-img":"","footer-sml-layout":"","theme-transparent-header-meta":"","adv-header-id-meta":"","stick-header-meta":"","header-above-stick-meta":"","header-main-stick-meta":"","header-below-stick-meta":""},"categories":[784],"tags":[],"acf":[],"_links":{"self":[{"href":"https:\/\/www.cnbb.org.br\/cnbb-app\/wp\/v2\/posts\/28636"}],"collection":[{"href":"https:\/\/www.cnbb.org.br\/cnbb-app\/wp\/v2\/posts"}],"about":[{"href":"https:\/\/www.cnbb.org.br\/cnbb-app\/wp\/v2\/types\/post"}],"author":[{"embeddable":true,"href":"https:\/\/www.cnbb.org.br\/cnbb-app\/wp\/v2\/users\/83"}],"replies":[{"embeddable":true,"href":"https:\/\/www.cnbb.org.br\/cnbb-app\/wp\/v2\/comments?post=28636"}],"version-history":[{"count":0,"href":"https:\/\/www.cnbb.org.br\/cnbb-app\/wp\/v2\/posts\/28636\/revisions"}],"wp:featuredmedia":[{"embeddable":true,"href":"https:\/\/www.cnbb.org.br\/cnbb-app\/wp\/v2\/media\/27855"}],"wp:attachment":[{"href":"https:\/\/www.cnbb.org.br\/cnbb-app\/wp\/v2\/media?parent=28636"}],"wp:term":[{"taxonomy":"category","embeddable":true,"href":"https:\/\/www.cnbb.org.br\/cnbb-app\/wp\/v2\/categories?post=28636"},{"taxonomy":"post_tag","embeddable":true,"href":"https:\/\/www.cnbb.org.br\/cnbb-app\/wp\/v2\/tags?post=28636"}],"curies":[{"name":"wp","href":"https:\/\/api.w.org\/{rel}","templated":true}]}}