{"id":28651,"date":"2015-01-19T00:00:00","date_gmt":"2015-01-19T02:00:00","guid":{"rendered":"https:\/\/www.cnbb.org.br\/papa-reune-quase-7-milhoes-de-fieis-em-manila-2\/"},"modified":"2015-01-19T00:00:00","modified_gmt":"2015-01-19T02:00:00","slug":"papa-reune-quase-7-milhoes-de-fieis-em-manila-2","status":"publish","type":"post","link":"https:\/\/www.cnbb.org.br\/papa-reune-quase-7-milhoes-de-fieis-em-manila-2\/","title":{"rendered":"Papa re\u00fane quase 7 milh\u00f5es de fi\u00e9is em Manila"},"content":{"rendered":"<p style=\"text-align: justify\">\u201cA fam\u00edlia deve ser protegida contra ataques insidiosos e programas contr\u00e1rios \u00e0 verdade\u201d, pediu o papa Francisco durante missa de encerramento de sua visita pastoral \u00e0s Filipinas. A concentra\u00e7\u00e3o ocorreu no <span>Rizal Park<\/span>, em Manila, no domingo, 18.<\/p>\n<p>  <!--more-->  <\/p>\n<p style=\"text-align: justify\"><span style=\"line-height: 1.3em\">De acordo com dados da organiza\u00e7\u00e3o, a cerim\u00f4nia reuniu o maior n\u00famero de participantes da hist\u00f3ria, desde a visita de S\u00e3o Jo\u00e3o Paulo II, em 1995, por ocasi\u00e3o da Jornada Mundial da Juventude (JMJ). Quase 7 milh\u00f5es de peregrinos participaram da missa campal.\u00a0<\/span><\/p>\n<p style=\"text-align: justify\">Em sua homilia, Francisco pediu a multid\u00e3o de fi\u00e9is que sejam promotores do Evangelho no pa\u00eds e na \u00c1sia, \u201cpara que a beleza do mundo criado por Deus n\u00e3o seja marcada por injusti\u00e7as, corrup\u00e7\u00e3o e abusos\u201d.<\/p>\n<p style=\"text-align: justify\">Dois jovens, uma menina e um menino, saudaram o papa com mensagem. No momento em que lia o texto, a jovem ficou emocionado e n\u00e3o conteve as l\u00e1grimas. Francisco abra\u00e7ou a menina e agradeceu pelo seu testemunho. Deixando de lado o discurso que tinha preparado, o papa justificou: \u201cA realidade que voc\u00eas apresentaram \u00e9 superior a todas as respostas que eu tinha preparado\u201d<\/p>\n<p style=\"text-align: justify\"><strong><img decoding=\"async\" loading=\"lazy\" class=\" alignright size-full wp-image-24556\" src=\"https:\/\/www.cnbb.org.br\/wp-content\/uploads\/2020\/03\/papa-francisco-despedida-asia.jpg\" border=\"0\" width=\"276\" height=\"236\" style=\"float: right\" \/>Agradecimentos<\/strong><\/p>\n<p style=\"text-align: justify\">Durante cerim\u00f4nia de despedida oficial na Base A\u00e9rea de Villamor, o cardeal Luis Antonio Tagle, arcebispo de Manila, acompanhou o papa Francisco durante toda a viagem, agradeceu a visita pastoral do pont\u00edfice.<\/p>\n<p style=\"text-align: justify\">&#8220;Os meninos da rua, os \u00f3rf\u00e3os, os sem-teto, os empregados, os agricultores, os pescadores, os doentes, os idosos esquecidos, as fam\u00edlias de pessoas desaparecidas, todos lhe querem dizer \u2018obrigado Santo Padre!\u2019, disse o cardeal.<\/p>\n<p style=\"text-align: justify\">O cardeal Tagle tamb\u00e9m expressou o reconhecimento dos trabalhadores filipinos, os sobreviventes de desastres, daqueles que n\u00e3o s\u00e3o cat\u00f3licos e de todos os promotores de paz que foram tocados pela visita.<\/p>\n<p style=\"text-align: justify\">O papa embarcou para Roma no in\u00edcio da manh\u00e3 de hoje, 19. Deve chegar ao Vaticano por volta das 14h40 (hor\u00e1rio de Bras\u00edlia). Nesta semana, Francisco prosseguir\u00e1 com atividades previstas. Na quarta-feira, 21, participa da audi\u00eancia geral.\u00a0<\/p>\n<p><strong>Leia a \u00edntegra da homilia do papa Francisco:<\/strong><\/p>\n<p style=\"text-align: justify\">\u00abUm menino nasceu para n\u00f3s, um filho nos foi dado\u00bb (Is 9, 5).<\/p>\n<p style=\"text-align: justify\">Sinto uma alegria particular por celebrar convosco o domingo do \u00abSanto Ni\u00f1o\u00bb. A imagem do Santo Menino Jesus acompanhou a difus\u00e3o do Evangelho neste pa\u00eds desde o in\u00edcio. Vestido com os trajes reais, coroado e ornado com o ceptro, o globo e a cruz, recorda-nos continuamente a liga\u00e7\u00e3o entre o Reino de Deus e o mist\u00e9rio da inf\u00e2ncia espiritual. Disto mesmo nos fala Ele no Evangelho de hoje: \u00abQuem n\u00e3o receber o Reino de Deus como um pequenino, n\u00e3o entrar\u00e1 nele\u00bb (Mc 10, 15). O \u00abSanto Ni\u00f1o\u00bb continua a anunciar-nos que a luz da gra\u00e7a de Deus brilhou sobre um mundo que habitava nas trevas, trazendo a Boa-Nova da nossa liberta\u00e7\u00e3o da escravid\u00e3o e guiando-nos pela senda da paz, do direito e da justi\u00e7a. Al\u00e9m disso, recorda-nos que fomos chamados para espalhar o Reino de Cristo no mundo.<\/p>\n<p style=\"text-align: justify\">Ao longo da minha visita, ouvi-vos cantar: \u00abSomos todos filhos de Deus\u00bb. Isto \u00e9 o que o \u00abSanto Ni\u00f1o\u00bb nos vem dizer. Recorda-nos a nossa identidade mais profunda. Todos n\u00f3s somos filhos de Deus, membros da fam\u00edlia de Deus. S\u00e3o Paulo disse-nos hoje que, em Cristo, nos tornamos filhos adotivos de Deus, irm\u00e3os e irm\u00e3s em Cristo. Isto \u00e9 o que n\u00f3s somos. Esta \u00e9 a nossa identidade. Vimos uma bel\u00edssima express\u00e3o disto, quando os filipinos se uniram em torno dos nossos irm\u00e3os e irm\u00e3s atingidos pelo tuf\u00e3o.<\/p>\n<p style=\"text-align: justify\">O Ap\u00f3stolo diz-nos que fomos abundantemente aben\u00e7oados porque Deus nos escolheu: \u00abno alto do C\u00e9u [Ele] nos aben\u00e7oou com toda a esp\u00e9cie de b\u00ean\u00e7\u00e3os espirituais em Cristo\u00bb (Ef 1, 3). Estas palavras t\u00eam uma resson\u00e2ncia especial nas Filipinas, porque \u00e9 o maior pa\u00eds cat\u00f3lico na \u00c1sia. E isto \u00e9 j\u00e1 um dom especial de Deus, uma b\u00ean\u00e7\u00e3o; mas \u00e9 tamb\u00e9m uma voca\u00e7\u00e3o: os filipinos est\u00e3o chamados a ser ex\u00edmios mission\u00e1rios da f\u00e9 na \u00c1sia.<\/p>\n<p style=\"text-align: justify\">Deus escolheu-nos e aben\u00e7oou-nos com uma finalidade: ser santos e irrepreens\u00edveis na sua presen\u00e7a (cf. Ef 1, 4). Escolheu cada um de n\u00f3s para ser testemunha, neste mundo, da sua verdade e da sua justi\u00e7a. Criou o mundo como um jardim espl\u00eandido e pediu-nos para cuidar dele. Todavia, com o pecado, o homem desfigurou aquela beleza natural; pelo pecado, o homem destruiu tamb\u00e9m a unidade e a beleza da nossa fam\u00edlia humana, criando estruturas sociais que perpetuam a pobreza, a ignor\u00e2ncia e a corrup\u00e7\u00e3o.<\/p>\n<p style=\"text-align: justify\">\u00c0s vezes, vendo os problemas, as dificuldades e as injusti\u00e7as, somos tentados a desistir. Quase parece que as promessas do Evangelho n\u00e3o s\u00e3o realiz\u00e1veis, s\u00e3o irreais. Mas a B\u00edblia diz-nos que a grande amea\u00e7a ao plano de Deus a nosso respeito \u00e9, e sempre foi, a mentira. O diabo \u00e9 o pai da mentira. Muitas vezes, ele esconde as suas ins\u00eddias por detr\u00e1s da apar\u00eancia da sofistica\u00e7\u00e3o, do fasc\u00ednio de ser \u00abmoderno\u00bb, de ser \u00abcomo todos os outros\u00bb. Distrai-nos com a miragem de prazeres ef\u00e9meros e passatempos superficiais. Desta forma, desperdi\u00e7amos os dons recebidos de Deus, entretendo-nos com apetrechos f\u00fateis; gastamos o nosso dinheiro em jogos de azar e na bebida; fechamo-nos em n\u00f3s mesmos. Esquecemos de nos centrar nas coisas que realmente contam. Esquecemo-nos de permanecer interiormente como crian\u00e7as. Na realidade, estas \u2013 como nos ensina o Senhor \u2013 t\u00eam uma sabedoria pr\u00f3pria, que n\u00e3o \u00e9 a sabedoria do mundo. \u00c9 por isso que a mensagem do \u00abSanto Ni\u00f1o\u00bb \u00e9 t\u00e3o importante. Fala profundamente a cada um de n\u00f3s; recorda-nos a nossa identidade mais profunda, aquilo que somos chamados a ser como fam\u00edlia de Deus.<\/p>\n<p style=\"text-align: justify\">O \u00abSanto Ni\u00f1o\u00bb recorda-nos tamb\u00e9m que esta identidade deve ser protegida. Cristo Menino \u00e9 o protetor deste grande pa\u00eds. Quando Ele veio ao nosso mundo, a sua pr\u00f3pria vida esteve amea\u00e7ada por um rei corrupto. O pr\u00f3prio Jesus viu-Se na necessidade de ser protegido. Ele teve um protector na terra: S\u00e3o Jos\u00e9. Teve uma fam\u00edlia aqui na terra: a Sagrada Fam\u00edlia de Nazar\u00e9. Desta forma, recorda-nos a import\u00e2ncia de proteger as nossas fam\u00edlias e a fam\u00edlia mais ampla que \u00e9 a Igreja, a fam\u00edlia de Deus, e o mundo, a nossa fam\u00edlia humana. Hoje, infelizmente, a fam\u00edlia tem necessidade de ser protegida de ataques insidiosos e programas contr\u00e1rios a tudo o que n\u00f3s consideramos de mais verdadeiro e sagrado, tudo o que h\u00e1 de mais nobre e belo na nossa cultura.<\/p>\n<p style=\"text-align: justify\">No Evangelho, Jesus acolhe as crian\u00e7as, abra\u00e7a-as e aben\u00e7oa-as. Tamb\u00e9m n\u00f3s temos o dever de proteger, guiar e encorajar os nossos jovens, ajudando-os a construir uma sociedade digna do seu grande patrim\u00f4nio espiritual e cultural. Especificamente, temos necessidade de ver cada crian\u00e7a como um dom que deve ser acolhido, amado e protegido. E devemos cuidar dos jovens, n\u00e3o permitindo que lhes seja roubada a esperan\u00e7a e sejam condenados a viver pela estrada.<\/p>\n<p style=\"text-align: justify\">Uma crian\u00e7a fr\u00e1gil trouxe ao mundo a bondade de Deus, a miseric\u00f3rdia e a justi\u00e7a. Resistiu \u00e0 desonestidade e \u00e0 corrup\u00e7\u00e3o, que s\u00e3o a heran\u00e7a do pecado, e triunfou sobre elas com o poder da cruz. Agora, no final da minha visita \u00e0s Filipinas, entrego-vos a Jesus que veio estar entre n\u00f3s como crian\u00e7a. Que Ele torne todo o amado povo deste pa\u00eds capaz de trabalhar unido, de se proteger mutuamente a come\u00e7ar pelas vossas fam\u00edlias e comunidades, na constru\u00e7\u00e3o dum mundo de justi\u00e7a, integridade e paz. O \u00abSanto Ni\u00f1o\u00bb continue a aben\u00e7oar as Filipinas e a sustentar os crist\u00e3os desta grande na\u00e7\u00e3o na sua voca\u00e7\u00e3o de ser testemunhas e mission\u00e1rios da alegria do Evangelho, na \u00c1sia e no mundo inteiro.<\/p>\n<p style=\"text-align: justify\">Por favor, rezai por mim. Deus vos aben\u00e7oe a todos!<\/p>\n<p style=\"text-align: justify\">PAPA FRANCISCO<\/p>\n<p style=\"text-align: justify\"><em>CNBB com informa\u00e7\u00f5es e fotos da R\u00e1dio Vaticano.<\/em><\/p>\n","protected":false},"excerpt":{"rendered":"<p>\u201cA fam\u00edlia deve ser protegida contra ataques insidiosos e programas contr\u00e1rios \u00e0 verdade\u201d, pediu o papa Francisco durante missa de encerramento de sua visita pastoral \u00e0s Filipinas. A concentra\u00e7\u00e3o ocorreu no Rizal Park, em Manila, no domingo, 18.<\/p>\n","protected":false},"author":83,"featured_media":27886,"comment_status":"open","ping_status":"open","sticky":false,"template":"","format":"standard","meta":{"site-sidebar-layout":"default","site-content-layout":"default","ast-global-header-display":"","ast-banner-title-visibility":"","ast-main-header-display":"","ast-hfb-above-header-display":"","ast-hfb-below-header-display":"","ast-hfb-mobile-header-display":"","site-post-title":"","ast-breadcrumbs-content":"","ast-featured-img":"","footer-sml-layout":"","theme-transparent-header-meta":"","adv-header-id-meta":"","stick-header-meta":"","header-above-stick-meta":"","header-main-stick-meta":"","header-below-stick-meta":""},"categories":[784],"tags":[],"acf":[],"_links":{"self":[{"href":"https:\/\/www.cnbb.org.br\/cnbb-app\/wp\/v2\/posts\/28651"}],"collection":[{"href":"https:\/\/www.cnbb.org.br\/cnbb-app\/wp\/v2\/posts"}],"about":[{"href":"https:\/\/www.cnbb.org.br\/cnbb-app\/wp\/v2\/types\/post"}],"author":[{"embeddable":true,"href":"https:\/\/www.cnbb.org.br\/cnbb-app\/wp\/v2\/users\/83"}],"replies":[{"embeddable":true,"href":"https:\/\/www.cnbb.org.br\/cnbb-app\/wp\/v2\/comments?post=28651"}],"version-history":[{"count":0,"href":"https:\/\/www.cnbb.org.br\/cnbb-app\/wp\/v2\/posts\/28651\/revisions"}],"wp:featuredmedia":[{"embeddable":true,"href":"https:\/\/www.cnbb.org.br\/cnbb-app\/wp\/v2\/media\/27886"}],"wp:attachment":[{"href":"https:\/\/www.cnbb.org.br\/cnbb-app\/wp\/v2\/media?parent=28651"}],"wp:term":[{"taxonomy":"category","embeddable":true,"href":"https:\/\/www.cnbb.org.br\/cnbb-app\/wp\/v2\/categories?post=28651"},{"taxonomy":"post_tag","embeddable":true,"href":"https:\/\/www.cnbb.org.br\/cnbb-app\/wp\/v2\/tags?post=28651"}],"curies":[{"name":"wp","href":"https:\/\/api.w.org\/{rel}","templated":true}]}}