{"id":28652,"date":"2015-01-22T00:00:00","date_gmt":"2015-01-22T02:00:00","guid":{"rendered":"https:\/\/www.cnbb.org.br\/o-cuidado-com-os-pobres-e-um-elemento-essencial-da-nossa-vida-diz-o-papa-2\/"},"modified":"2015-01-22T00:00:00","modified_gmt":"2015-01-22T02:00:00","slug":"o-cuidado-com-os-pobres-e-um-elemento-essencial-da-nossa-vida-diz-o-papa-2","status":"publish","type":"post","link":"https:\/\/www.cnbb.org.br\/o-cuidado-com-os-pobres-e-um-elemento-essencial-da-nossa-vida-diz-o-papa-2\/","title":{"rendered":"&#8220;O cuidado com os pobres \u00e9 um elemento essencial da nossa vida&#8221;, diz o papa"},"content":{"rendered":"<p style=\"text-align: justify\">Ap\u00f3s visita pastoral \u00e0 \u00c1sia, o papa Francisco dedicou a catequese da quarta-feira, 21, para recordar os momentos vividos no pa\u00eds. \u201cA viagem foi, sobretudo, um alegre encontro com as comunidades eclesiais que, naqueles pa\u00edses, d\u00e3o testemunho a Cristo&#8221;. Na oportunidade, Francisco alertou que o sistema econ\u00f4mico tem a responsabilidade por provocar a pobreza no mundo. &#8220;Estamos habituados a ver pessoas descartadas. Este \u00e9 o motivo principal da pobreza, n\u00e3o as fam\u00edlias numerosas&#8221; e, que &#8220;as fam\u00edlias saud\u00e1veis s\u00e3o essenciais \u00e0 vida da sociedade&#8221;.<\/p>\n<p>  <!--more-->  <\/p>\n<p style=\"text-align: justify\"><strong style=\"line-height: 1.3em\"><span style=\"line-height: 1.3em\">Confira a \u00edntegra da mensagem:<\/span><\/strong><\/p>\n<p style=\"text-align: center\">\u00a0<span style=\"text-align: center;line-height: 1.3em\">Sala Paulo VI \u2013 Vaticano<\/span><\/p>\n<p style=\"text-align: center\"><span style=\"line-height: 1.3em\">Quarta-feira, 21 de janeiro de 2015<\/span><\/p>\n<p style=\"text-align: center\"><span style=\"line-height: 1.3em\">Boletim da Santa S\u00e9<\/span><\/p>\n<p style=\"text-align: justify\"><span style=\"line-height: 1.3em\">Queridos irm\u00e3os e irm\u00e3s, bom dia.<\/span><\/p>\n<p style=\"text-align: justify\"><span style=\"line-height: 1.3em\">Hoje me concentrarei na viagem apost\u00f3lica ao Sri Lanka e Filipinas, que realizei na semana passada. Depois da visita \u00e0 Coreia h\u00e1 alguns meses, voltei \u00e0 \u00c1sia, continente de ricas tradi\u00e7\u00f5es culturais e espirituais. A viagem foi, sobretudo, um alegre encontro com as comunidades eclesiais que, naqueles pa\u00edses, d\u00e3o testemunho a Cristo: confirmei-as na f\u00e9 e na missionariedade. Conservarei sempre no cora\u00e7\u00e3o a recorda\u00e7\u00e3o do acolhimento festivo por parte da multid\u00e3o \u2013 em alguns casos at\u00e9 mesmo oce\u00e2nicas \u2013 que acompanhou os momentos marcantes da viagem. Al\u00e9m disso, encorajei o di\u00e1logo inter-religioso a servi\u00e7o da paz, bem como o caminho daqueles povos rumo \u00e0 unidade e o desenvolvimento social, especialmente com o protagonismo das fam\u00edlias e dos jovens.<\/span><\/p>\n<p style=\"text-align: justify\"><span style=\"line-height: 1.3em\">O momento culminante da minha estadia no Sri Lanka foi a canoniza\u00e7\u00e3o do grande mission\u00e1rio Jos\u00e9 Vaz. Este santo sacerdote administrava os sacramentos, muitas vezes em segredo, aos fi\u00e9is, mas ajudava indistintamente todos os necessitados, de toda religi\u00e3o e condi\u00e7\u00e3o social. O seu exemplo de santidade e amor ao pr\u00f3ximo continua a inspirar a Igreja no Sri Lanka no seu apostolado de caridade e de educa\u00e7\u00e3o. Indiquei S\u00e3o Jos\u00e9 Vaz como modelo para todos os crist\u00e3os, chamados hoje a propor a verdade salv\u00edfica do Evangelho em um contexto multirreligioso, com respeito para com os outros, com perseveran\u00e7a e com humildade.<\/span><\/p>\n<p style=\"text-align: justify\"><span style=\"line-height: 1.3em\">O Sri Lanka \u00e9 um pa\u00eds de grande beleza natural, cujo povo est\u00e1 procurando reconstruir a unidade depois de um longo e dram\u00e1tico conflito civil. No meu encontro com as autoridades do governo destaquei a import\u00e2ncia do di\u00e1logo, do respeito pela dignidade humana, do esfor\u00e7o de envolver todos para encontrar solu\u00e7\u00f5es adequadas para a reconcilia\u00e7\u00e3o e o bem comum.<\/span><\/p>\n<p style=\"text-align: justify\"><span style=\"line-height: 1.3em\">As diferentes religi\u00f5es t\u00eam um papel significativo a desenvolver a respeito. O meu encontro com os expoentes religiosos foi uma confirma\u00e7\u00e3o das boas rela\u00e7\u00f5es que j\u00e1 existem entre as v\u00e1rias comunidades. Em tal contexto, quis encorajar a coopera\u00e7\u00e3o j\u00e1 realizada entre os seguidores das diferentes tradi\u00e7\u00f5es religiosas, tamb\u00e9m a fim de poder curar com o b\u00e1lsamo do perd\u00e3o quantos ainda est\u00e3o aflitos com o sofrimento dos \u00faltimos anos. O tema da reconcilia\u00e7\u00e3o caracterizou tamb\u00e9m a minha visita ao santu\u00e1rio de Nossa Senhora de Madhu, muito venerada pelas popula\u00e7\u00f5es tamil e cingalesa e meta de peregrina\u00e7\u00e3o de membros de outras religi\u00f5es. Naquele lugar santo, pedimos a Maria, nossa M\u00e3e, para obter para todo o povo srilanqu\u00eas o dom da unidade e da paz.<\/span><\/p>\n<p style=\"text-align: justify\"><span style=\"line-height: 1.3em\">Do Sri Lanka, parti para as Filipinas, onde a Igreja se prepara para celebrar o quinto centen\u00e1rio da chegada do Evangelho. \u00c9 o principal pa\u00eds cat\u00f3lico da \u00c1sia e o povo filipino \u00e9 bem conhecido pela sua profunda f\u00e9, a sua religiosidade e o seu entusiasmo, mesmo na di\u00e1spora. No meu encontro com as autoridades nacionais, bem como nos momentos de ora\u00e7\u00e3o e durante a Missa conclusiva lotada, destaquei a constante fecundidade do Evangelho e a sua capacidade de inspirar uma sociedade digna do homem, em que h\u00e1 lugar para a dignidade de cada um e as aspira\u00e7\u00f5es do povo filipino.<\/span><\/p>\n<p style=\"text-align: justify\"><span style=\"line-height: 1.3em\">Escopo principal da visita, e motivo pelo qual decidi ir \u00e0s Filipinas \u2013 este foi o motivo principal \u2013 era poder exprimir a minha proximidade aos nossos irm\u00e3os e irm\u00e3s que sofreram a devasta\u00e7\u00e3o do tuf\u00e3o Yolanda. Fui a Tacloban, na regi\u00e3o mais gravemente atingida, onde prestei homenagem \u00e0 f\u00e9 e \u00e0 capacidade de recupera\u00e7\u00e3o da popula\u00e7\u00e3o local. Em Tacloban, infelizmente, as condi\u00e7\u00f5es clim\u00e1ticas adversas causaram outra v\u00edtima inocente: a jovem volunt\u00e1ria Kristel, morta por uma estrutura levada pelo vento. Depois, agradeci a quantos, de toda parte do mundo, responderam \u00e0 necessidade deles com uma generosa e abundante ajuda. A pot\u00eancia do amor de Deus, revelado no mist\u00e9rio da Cruz, tornou-se evidente no esp\u00edrito de solidariedade demonstrada pelos m\u00faltiplos atos de caridade e de sacrif\u00edcio que marcaram aqueles dias escuros.<\/span><\/p>\n<p style=\"text-align: justify\"><span style=\"line-height: 1.3em\">Os encontros com as fam\u00edlias e com os jovens, em Manila, foram momentos de destaque da visita nas Filipinas. As fam\u00edlias saud\u00e1veis s\u00e3o essenciais \u00e0 vida da sociedade. D\u00e1 consola\u00e7\u00e3o e esperan\u00e7a ver tantas fam\u00edlias numerosas que acolhem os filhos como um verdadeiro dom de Deus. Elas sabem que cada filho \u00e9 uma ben\u00e7\u00e3o. Ouvi dizer por alguns que as fam\u00edlias com muitos filhos e o nascimento de tantas crian\u00e7as est\u00e3o entre as causas da pobreza. Parece-me uma opini\u00e3o simplista. Posso dizer, todos podemos dizer, que a causa principal da pobreza \u00e9 um sistema econ\u00f4mico que tirou a pessoa do centro e colocou o deus dinheiro; um sistema econ\u00f4mico que exclui, exclui sempre: exclui as crian\u00e7as, os idosos, os jovens, sem trabalho&#8230; e que cria a cultura do descart\u00e1vel que vivemos. Estamos habituados a ver pessoas descartadas. Este \u00e9 o motivo principal da pobreza, n\u00e3o as fam\u00edlias numerosas. Evocando a figura de S\u00e3o Jos\u00e9, que protegeu a vida do &#8220;Santo Ni\u00f1o&#8221;, t\u00e3o venerado naquele pa\u00eds, recordei que \u00e9 preciso proteger as fam\u00edlias, que enfrentam diversas amea\u00e7as, a fim de que possam testemunhar a beleza da fam\u00edlia no projeto de Deus. \u00c9 preciso tamb\u00e9m defender as fam\u00edlias das novas coloniza\u00e7\u00f5es ideol\u00f3gicas, que atentam \u00e0 sua identidade e \u00e0 sua miss\u00e3o.<\/span><\/p>\n<p style=\"text-align: justify\"><span style=\"line-height: 1.3em\">E foi uma alegria para mim estar com os jovens das Filipinas, para escutar as suas esperan\u00e7as e as suas preocupa\u00e7\u00f5es. Quis oferecer a esses o meu encorajamento para o esfor\u00e7o deles em contribuir para a renova\u00e7\u00e3o da sociedade, especialmente atrav\u00e9s do servi\u00e7o aos pobres e a prote\u00e7\u00e3o do ambiente natural.<\/span><\/p>\n<p style=\"text-align: justify\"><span style=\"line-height: 1.3em\">O cuidado com os pobres \u00e9 um elemento essencial da nossa vida e testemunho crist\u00e3o \u2013 acenei para isso tamb\u00e9m na visita; comporta a rejei\u00e7\u00e3o de toda forma de corrup\u00e7\u00e3o, porque a corrup\u00e7\u00e3o rouba dos pobres e requer uma cultura de honestidade.<\/span><\/p>\n<p style=\"text-align: justify\"><span style=\"line-height: 1.3em\">Agrade\u00e7o ao Senhor por esta visita pastoral ao Sri Lanka e Filipinas. Pe\u00e7o-lhe para aben\u00e7oar sempre estes dois pa\u00edses e para confirmar a fidelidade dos crist\u00e3os \u00e0 mensagem evang\u00e9lica da nossa reden\u00e7\u00e3o, reconcilia\u00e7\u00e3o e comunh\u00e3o com Cristo. Obrigado.<\/span><\/p>\n","protected":false},"excerpt":{"rendered":"<p>Ap\u00f3s visita pastoral \u00e0 \u00c1sia, o papa Francisco dedicou a catequese da quarta-feira, 21, para recordar os momentos vividos no pa\u00eds. \u201cA viagem foi, sobretudo, um alegre encontro com as comunidades eclesiais que, naqueles pa\u00edses, d\u00e3o testemunho a Cristo&#8221;. Na oportunidade, Francisco alertou que o sistema econ\u00f4mico tem a responsabilidade por provocar a pobreza no &hellip;<\/p>\n<p class=\"read-more\"> <a class=\"\" href=\"https:\/\/www.cnbb.org.br\/o-cuidado-com-os-pobres-e-um-elemento-essencial-da-nossa-vida-diz-o-papa-2\/\"> <span class=\"screen-reader-text\">&#8220;O cuidado com os pobres \u00e9 um elemento essencial da nossa vida&#8221;, diz o papa<\/span> Leia mais &raquo;<\/a><\/p>\n","protected":false},"author":83,"featured_media":13514,"comment_status":"open","ping_status":"open","sticky":false,"template":"","format":"standard","meta":{"site-sidebar-layout":"default","site-content-layout":"default","ast-global-header-display":"","ast-banner-title-visibility":"","ast-main-header-display":"","ast-hfb-above-header-display":"","ast-hfb-below-header-display":"","ast-hfb-mobile-header-display":"","site-post-title":"","ast-breadcrumbs-content":"","ast-featured-img":"","footer-sml-layout":"","theme-transparent-header-meta":"","adv-header-id-meta":"","stick-header-meta":"","header-above-stick-meta":"","header-main-stick-meta":"","header-below-stick-meta":""},"categories":[784],"tags":[],"acf":[],"_links":{"self":[{"href":"https:\/\/www.cnbb.org.br\/cnbb-app\/wp\/v2\/posts\/28652"}],"collection":[{"href":"https:\/\/www.cnbb.org.br\/cnbb-app\/wp\/v2\/posts"}],"about":[{"href":"https:\/\/www.cnbb.org.br\/cnbb-app\/wp\/v2\/types\/post"}],"author":[{"embeddable":true,"href":"https:\/\/www.cnbb.org.br\/cnbb-app\/wp\/v2\/users\/83"}],"replies":[{"embeddable":true,"href":"https:\/\/www.cnbb.org.br\/cnbb-app\/wp\/v2\/comments?post=28652"}],"version-history":[{"count":0,"href":"https:\/\/www.cnbb.org.br\/cnbb-app\/wp\/v2\/posts\/28652\/revisions"}],"wp:featuredmedia":[{"embeddable":true,"href":"https:\/\/www.cnbb.org.br\/cnbb-app\/wp\/v2\/media\/13514"}],"wp:attachment":[{"href":"https:\/\/www.cnbb.org.br\/cnbb-app\/wp\/v2\/media?parent=28652"}],"wp:term":[{"taxonomy":"category","embeddable":true,"href":"https:\/\/www.cnbb.org.br\/cnbb-app\/wp\/v2\/categories?post=28652"},{"taxonomy":"post_tag","embeddable":true,"href":"https:\/\/www.cnbb.org.br\/cnbb-app\/wp\/v2\/tags?post=28652"}],"curies":[{"name":"wp","href":"https:\/\/api.w.org\/{rel}","templated":true}]}}