{"id":28671,"date":"2015-02-20T00:00:00","date_gmt":"2015-02-20T02:00:00","guid":{"rendered":"https:\/\/www.cnbb.org.br\/papa-recebe-bispos-da-ucrania\/"},"modified":"2015-02-20T00:00:00","modified_gmt":"2015-02-20T02:00:00","slug":"papa-recebe-bispos-da-ucrania","status":"publish","type":"post","link":"https:\/\/www.cnbb.org.br\/papa-recebe-bispos-da-ucrania\/","title":{"rendered":"Papa recebe bispos da Ucr\u00e2nia"},"content":{"rendered":"<p style=\"text-align: justify\">\u201cEstou particularmente pr\u00f3ximo a voc\u00eas com minhas ora\u00e7\u00f5es pelos mortos e por todos que foram afetados pela viol\u00eancia\u201d, disse o papa Francisco aos bispos ucranianos durante reuni\u00e3o, na Sala Clementina do Pal\u00e1cio Apost\u00f3lico. Estiveram com o papa os bispos da igreja Greco-cat\u00f3lica ucraniana, o bispo de Mukachevo, de rito bizantino e os da Confer\u00eancia Episcopal da Ucr\u00e2nia.<\/p>\n<p>  <!--more-->  <\/p>\n<p style=\"text-align: justify\">A visita ocorre em um momento no qual a Ucr\u00e2nia enfrenta grave e prolongado conflito. \u201cConhe\u00e7o os acontecimentos hist\u00f3ricos que t\u00eam marcado vossa terra e est\u00e3o todavia presentes na mem\u00f3ria coletiva. S\u00e3o quest\u00f5es que t\u00eam, em parte, uma base pol\u00edtica. Por\u00e9m, tamb\u00e9m h\u00e1 trag\u00e9dias socioculturais e humanas que esperam vossa contribui\u00e7\u00e3o direta e positiva. Em tais circunst\u00e2ncias, o importante \u00e9 escutar com aten\u00e7\u00e3o as vozes procedentes do territ\u00f3rio, onde vivem as pessoas confiadas ao vosso cuidado pastoral\u201d, pediu Francisco.<\/p>\n<p style=\"text-align: justify\">O papa expressou esperan\u00e7a ao dizer que a busca da paz \u00e9 poss\u00edvel. Fez tamb\u00e9m um apelo a todas as partes interessadas \u201cpara que se apliquem iniciativas alcan\u00e7adas de m\u00fatuo acordo, se respeite o princ\u00edpio do direito internacional e, em particular, se observe a tr\u00e9gua firmada recentemente e todos os demais compromissos que s\u00e3o condi\u00e7\u00f5es necess\u00e1rias para evitar a retomadas das hostilidades\u201d.<\/p>\n<p style=\"text-align: justify\">Francisco recordou aos bispos que, em \u00e2mbito local, eles t\u00eam entre si acordos espec\u00edficos e pr\u00e1ticos herdeiros de duas tradi\u00e7\u00f5es espirituais leg\u00edtimas: oriental e latina, estendidas a outros crist\u00e3os presentes em suas comunidades. \u201cEsta atitude \u00e9 uma honra que merece ser reconhecida\u201d, assinala. O papa reitera que, em \u00e2mbito nacional, \u201cs\u00e3o cidad\u00e3os de pleno direito de seu pa\u00eds e, portanto, t\u00eam direito a expor, tamb\u00e9m de forma comum, vosso pensamento sobre o seu destino\u201d, de modo a reafirmar os valores que comp\u00f5em o elemento coagulante da sociedade ucraniana, perseverando na incans\u00e1vel busca da harmonia e do bem comum.<\/p>\n<p style=\"text-align: justify\">Ao final do discurso, Francisco exortou-os a prestar aten\u00e7\u00e3o aos pobres. \u201cS\u00e3o vossa riqueza. E voc\u00eas s\u00e3o os pastores de um rebanho; sede cada vez mais conscientes disso, inclusive em vossas institui\u00e7\u00f5es internas de autogoverno que devem conceber-se sempre como instrumentos de comunh\u00e3o e de profecia\u201d, acrescentou.<\/p>\n","protected":false},"excerpt":{"rendered":"<p>\u201cEstou particularmente pr\u00f3ximo a voc\u00eas com minhas ora\u00e7\u00f5es pelos mortos e por todos que foram afetados pela viol\u00eancia\u201d, disse o papa Francisco aos bispos ucranianos durante reuni\u00e3o, na Sala Clementina do Pal\u00e1cio Apost\u00f3lico. Estiveram com o papa os bispos da igreja Greco-cat\u00f3lica ucraniana, o bispo de Mukachevo, de rito bizantino e os da Confer\u00eancia Episcopal &hellip;<\/p>\n<p class=\"read-more\"> <a class=\"\" href=\"https:\/\/www.cnbb.org.br\/papa-recebe-bispos-da-ucrania\/\"> <span class=\"screen-reader-text\">Papa recebe bispos da Ucr\u00e2nia<\/span> Leia mais &raquo;<\/a><\/p>\n","protected":false},"author":83,"featured_media":28672,"comment_status":"open","ping_status":"open","sticky":false,"template":"","format":"standard","meta":{"site-sidebar-layout":"default","site-content-layout":"default","ast-global-header-display":"","ast-banner-title-visibility":"","ast-main-header-display":"","ast-hfb-above-header-display":"","ast-hfb-below-header-display":"","ast-hfb-mobile-header-display":"","site-post-title":"","ast-breadcrumbs-content":"","ast-featured-img":"","footer-sml-layout":"","theme-transparent-header-meta":"","adv-header-id-meta":"","stick-header-meta":"","header-above-stick-meta":"","header-main-stick-meta":"","header-below-stick-meta":""},"categories":[784],"tags":[],"acf":[],"_links":{"self":[{"href":"https:\/\/www.cnbb.org.br\/cnbb-app\/wp\/v2\/posts\/28671"}],"collection":[{"href":"https:\/\/www.cnbb.org.br\/cnbb-app\/wp\/v2\/posts"}],"about":[{"href":"https:\/\/www.cnbb.org.br\/cnbb-app\/wp\/v2\/types\/post"}],"author":[{"embeddable":true,"href":"https:\/\/www.cnbb.org.br\/cnbb-app\/wp\/v2\/users\/83"}],"replies":[{"embeddable":true,"href":"https:\/\/www.cnbb.org.br\/cnbb-app\/wp\/v2\/comments?post=28671"}],"version-history":[{"count":0,"href":"https:\/\/www.cnbb.org.br\/cnbb-app\/wp\/v2\/posts\/28671\/revisions"}],"wp:featuredmedia":[{"embeddable":true,"href":"https:\/\/www.cnbb.org.br\/cnbb-app\/wp\/v2\/media\/28672"}],"wp:attachment":[{"href":"https:\/\/www.cnbb.org.br\/cnbb-app\/wp\/v2\/media?parent=28671"}],"wp:term":[{"taxonomy":"category","embeddable":true,"href":"https:\/\/www.cnbb.org.br\/cnbb-app\/wp\/v2\/categories?post=28671"},{"taxonomy":"post_tag","embeddable":true,"href":"https:\/\/www.cnbb.org.br\/cnbb-app\/wp\/v2\/tags?post=28671"}],"curies":[{"name":"wp","href":"https:\/\/api.w.org\/{rel}","templated":true}]}}