{"id":28673,"date":"2015-02-23T00:00:00","date_gmt":"2015-02-23T03:00:00","guid":{"rendered":"https:\/\/www.cnbb.org.br\/papa-francisco-participa-de-semana-de-exercicios-espirituais\/"},"modified":"2015-02-23T00:00:00","modified_gmt":"2015-02-23T03:00:00","slug":"papa-francisco-participa-de-semana-de-exercicios-espirituais","status":"publish","type":"post","link":"https:\/\/www.cnbb.org.br\/papa-francisco-participa-de-semana-de-exercicios-espirituais\/","title":{"rendered":"Papa Francisco participa de Semana de Exerc\u00edcios Espirituais"},"content":{"rendered":"<p style=\"text-align: justify\" align=\"center\"><span style=\"font-size: 12.1599998474121px;line-height: 1.3em\">\u201cRezem para que neste \u2018deserto\u2019 que s\u00e3o os Exerc\u00edcios, possamos escutar a voz de Jesus e tamb\u00e9m corrigir tantos defeitos que todos n\u00f3s temos e tamb\u00e9m fazer frente \u00e0s tenta\u00e7\u00f5es que a cada dia nos atacam. Vos pe\u00e7o, portanto, para nos acompanhar com a vossa ora\u00e7\u00e3o\u201d, pediu o papa Francisco na Ora\u00e7\u00e3o do Angelus, do domingo, 22.<\/span><\/p>\n<p>  <!--more-->  <\/p>\n<p style=\"text-align: justify\" align=\"center\"><span style=\"font-size: 12.1599998474121px;line-height: 1.3em\">Acompanhado de um grupo de bispos colaboradores da C\u00faria Romana, o papa participa da Semana de Exerc\u00edcio Espirituais da Quaresma at\u00e9 1\u00ba de mar\u00e7o.<\/span><\/p>\n<p style=\"text-align: justify\">O encontro acontece na cidade de Ariccia, em Roma, na Casa \u201cDivino Mestre\u201d, da Congrega\u00e7\u00e3o dos Padres e Irm\u00e3os Paulinos. Este ano, o sacerdote carmelita, padre Bruno Secondin, \u00e9 o respons\u00e1vel pelas prega\u00e7\u00f5es e medita\u00e7\u00f5es do retiro, que tem como tema \u201cSair da pr\u00f3pria Aldeia\u201d, com leitura pastoral do profeta Elias.<\/p>\n<p style=\"text-align: justify\">Durante estes dias de Exerc\u00edcios Espirituais est\u00e3o suspensas as audi\u00eancias privadas e especiais, inclusive a audi\u00eancia geral de quarta-feira, no Vaticano. N\u00e3o haver\u00e1, tamb\u00e9m, as celebra\u00e7\u00f5es das missas da manh\u00e3 na Casa Santa Marta.\u00a0<\/p>\n<p style=\"text-align: justify\"><strong><img decoding=\"async\" loading=\"lazy\" class=\" alignright size-full wp-image-24912\" src=\"https:\/\/www.cnbb.org.br\/wp-content\/uploads\/2020\/03\/papa-retiro-quaresma-2.jpg\" border=\"0\" width=\"260\" height=\"262\" style=\"float: right\" \/>Acolhida fraterna \u00a0 <\/strong><\/p>\n<p style=\"text-align: justify\"><span style=\"font-size: 12.1599998474121px;line-height: 1.3em\">Ao chegar na Casa \u201cDivino Mestre\u201d, o papa Francisco foi recebido pelo rec\u00e9m-eleito superior da Pia Sociedade de S\u00e3o Paulo, o padre brasileiro Valdir Jos\u00e9 de Castro. Em entrevista \u00e0 R\u00e1dio Vaticano, o sacerdote manifestou alegria pelo encontro com o papa.<\/span><\/p>\n<p style=\"text-align: justify\"><span style=\"font-size: 12.1599998474121px;line-height: 1.3em\">\u201cA presen\u00e7a do papa em nossa casa \u00e9 uma confirma\u00e7\u00e3o para a nossa evangeliza\u00e7\u00e3o com os meios de comunica\u00e7\u00e3o social. Ele esteve aqui no ano passado, sendo uma grande alegria e satisfa\u00e7\u00e3o t\u00ea-lo entre n\u00f3s\u201d, disse padre Valdir.<\/span><\/p>\n<p style=\"text-align: justify\"><span style=\"font-size: 12.1599998474121px;line-height: 1.3em\">Em 4 de fevereiro, padre Valdir Jos\u00e9 de Castro foi eleito superior geral da Congrega\u00e7\u00e3o dos Padres e Irm\u00e3os Paulinos. Ele \u00e9 o s\u00e9timo sucessor do fundador da Congrega\u00e7\u00e3o, padre Tiago Alberione.\u00a0 Padre Valdir \u00e9 jornalista, mestre em Comunica\u00e7\u00e3o e Mercado. \u00c9 doutor em Comunica\u00e7\u00e3o e Semi\u00f3tica. Ocupava, at\u00e9 a data da nomea\u00e7\u00e3o, a fun\u00e7\u00e3o de diretor da Faculdade Paulus de Tecnologia e Comunica\u00e7\u00e3o (Fapcom) e a presid\u00eancia da Pia Sociedade de S\u00e3o Paulo.<\/span><\/p>\n<p style=\"text-align: justify\"><em>CNBB com informa\u00e7\u00f5es e fotos do News.va.\u00a0<\/em><\/p>\n","protected":false},"excerpt":{"rendered":"<p>\u201cRezem para que neste \u2018deserto\u2019 que s\u00e3o os Exerc\u00edcios, possamos escutar a voz de Jesus e tamb\u00e9m corrigir tantos defeitos que todos n\u00f3s temos e tamb\u00e9m fazer frente \u00e0s tenta\u00e7\u00f5es que a cada dia nos atacam. Vos pe\u00e7o, portanto, para nos acompanhar com a vossa ora\u00e7\u00e3o\u201d, pediu o papa Francisco na Ora\u00e7\u00e3o do Angelus, do &hellip;<\/p>\n<p class=\"read-more\"> <a class=\"\" href=\"https:\/\/www.cnbb.org.br\/papa-francisco-participa-de-semana-de-exercicios-espirituais\/\"> <span class=\"screen-reader-text\">Papa Francisco participa de Semana de Exerc\u00edcios Espirituais<\/span> Leia mais &raquo;<\/a><\/p>\n","protected":false},"author":83,"featured_media":28674,"comment_status":"open","ping_status":"open","sticky":false,"template":"","format":"standard","meta":{"site-sidebar-layout":"default","site-content-layout":"default","ast-global-header-display":"","ast-banner-title-visibility":"","ast-main-header-display":"","ast-hfb-above-header-display":"","ast-hfb-below-header-display":"","ast-hfb-mobile-header-display":"","site-post-title":"","ast-breadcrumbs-content":"","ast-featured-img":"","footer-sml-layout":"","theme-transparent-header-meta":"","adv-header-id-meta":"","stick-header-meta":"","header-above-stick-meta":"","header-main-stick-meta":"","header-below-stick-meta":""},"categories":[784],"tags":[],"acf":[],"_links":{"self":[{"href":"https:\/\/www.cnbb.org.br\/cnbb-app\/wp\/v2\/posts\/28673"}],"collection":[{"href":"https:\/\/www.cnbb.org.br\/cnbb-app\/wp\/v2\/posts"}],"about":[{"href":"https:\/\/www.cnbb.org.br\/cnbb-app\/wp\/v2\/types\/post"}],"author":[{"embeddable":true,"href":"https:\/\/www.cnbb.org.br\/cnbb-app\/wp\/v2\/users\/83"}],"replies":[{"embeddable":true,"href":"https:\/\/www.cnbb.org.br\/cnbb-app\/wp\/v2\/comments?post=28673"}],"version-history":[{"count":0,"href":"https:\/\/www.cnbb.org.br\/cnbb-app\/wp\/v2\/posts\/28673\/revisions"}],"wp:featuredmedia":[{"embeddable":true,"href":"https:\/\/www.cnbb.org.br\/cnbb-app\/wp\/v2\/media\/28674"}],"wp:attachment":[{"href":"https:\/\/www.cnbb.org.br\/cnbb-app\/wp\/v2\/media?parent=28673"}],"wp:term":[{"taxonomy":"category","embeddable":true,"href":"https:\/\/www.cnbb.org.br\/cnbb-app\/wp\/v2\/categories?post=28673"},{"taxonomy":"post_tag","embeddable":true,"href":"https:\/\/www.cnbb.org.br\/cnbb-app\/wp\/v2\/tags?post=28673"}],"curies":[{"name":"wp","href":"https:\/\/api.w.org\/{rel}","templated":true}]}}