{"id":28690,"date":"2015-04-04T00:00:00","date_gmt":"2015-04-04T03:00:00","guid":{"rendered":"https:\/\/www.cnbb.org.br\/na-via-sacra-papa-francisco-lembra-dos-cristaos-perseguidos\/"},"modified":"2015-04-04T00:00:00","modified_gmt":"2015-04-04T03:00:00","slug":"na-via-sacra-papa-francisco-lembra-dos-cristaos-perseguidos","status":"publish","type":"post","link":"https:\/\/www.cnbb.org.br\/na-via-sacra-papa-francisco-lembra-dos-cristaos-perseguidos\/","title":{"rendered":"Na Via-Sacra, papa Francisco lembra dos crist\u00e3os perseguidos"},"content":{"rendered":"<p style=\"text-align: justify\">O papa Francisco presidiu a Via-Sacra, nesta Sexta-feira Santa, no Coliseu Romano. Dramas familiares do mundo atual, presen\u00e7a feminina na Igreja, abandono, indiferen\u00e7a, doen\u00e7as, tr\u00e1fico de seres humanos, crian\u00e7as-soldados, regime de escravid\u00e3o, pena de morte, entre outros, foram temas das medita\u00e7\u00f5es, conduzidas pelo bispo em\u00e9rito de Novara, dom Renato Corti, que utilizou como refer\u00eancias textos do papa Paulo VI, do cardeal Maria Martini e do ministro paquistan\u00eas Shahbaz Bhatti, assassinado em 2001.\u00a0Na 14\u00aa esta\u00e7\u00e3o, o papa Francisco fez uma ora\u00e7\u00e3o na qual recordou os \u201cirm\u00e3os perseguidos, decapitados e cruficicados pela f\u00e9\u201d. Leia, abaixo, a \u00edntegra da ora\u00e7\u00e3o:<\/p>\n<p><!--more--><\/p>\n<p style=\"text-align: justify\">\n<p style=\"text-align: justify\"><span style=\"font-size: 12.1599998474121px;line-height: 1.3em\">\u201c\u00d3 Cristo crucificado e vitorioso, a tua via-sacra \u00e9 a s\u00edntese de tua vida, \u00e9 o \u00edcone de tua obedi\u00eancia \u00e0 vontade do Pai, a realiza\u00e7\u00e3o do teu infinito amor por n\u00f3s pecadores, a prova de tua miss\u00e3o e o cumprimento definitivo da revela\u00e7\u00e3o e da hist\u00f3ria da salva\u00e7\u00e3o. O peso da tua cruz nos liberta de todos os nossos fardos. Na tua obedi\u00eancia \u00e0 vontade do Pai, n\u00f3s nos damos conta da nossa rebeli\u00e3o e desobedi\u00eancia. Em ti vendido, tra\u00eddo e crucificado pela tua gente, n\u00f3s vemos nossas cotidianas trai\u00e7\u00f5es e infidelidades. Na tua inoc\u00eancia, vemos a nossa culpa; no teu rosto esbofeteado, cuspido e desfigurado, vemos a brutalidade dos nossos pecados. Na crueldade da tua paix\u00e3o, vemos a crueldade do nosso cora\u00e7\u00e3o e das nossas a\u00e7\u00f5es. No teu sentir-te abandonado, vemos todos os abandonados pelos familiares, pela sociedade, pela aten\u00e7\u00e3o e pela solidariedade. No teu corpo sacrificado e dilacerado vemos os corpos dos nossos irm\u00e3os abandonados nas ruas, desfigurados pela nossa neglig\u00eancia e indiferen\u00e7a. Na tua sede, Senhor, vemos a sede do teu Pai misericordioso que em ti quis abra\u00e7ar, perdoar e salvar toda a humanidade. Em ti, divino Amor, vemos ainda hoje os nossos irm\u00e3os perseguidos, decapitados e crucificados pela sua f\u00e9 em ti, sob nossos olhos ou com frequ\u00eancia com nosso sil\u00eancio c\u00famplice. Imprime em nosso cora\u00e7\u00e3o sentimentos de f\u00e9, esperan\u00e7a, caridade, de dor pelos nossos pecados e leva-nos a nos arrepender pelos nossos pecados que te crucificaram. Leva-nos a transformar a nossa convers\u00e3o feita de palavras em convers\u00e3o de vida e de obras. Leva-nos a manter em n\u00f3s uma recorda\u00e7\u00e3o viva do teu rosto desfigurado para n\u00e3o esquecermos nunca o grande pre\u00e7o que tu pagaste para nos libertar. Jesus Crucificado, reaviva em n\u00f3s a f\u00e9 , que ela n\u00e3o ceda diante das tenta\u00e7\u00f5es. Reaviva em n\u00f3s a esperan\u00e7a, para que n\u00e3o se perca seguindo as sedu\u00e7\u00f5es do mundo; guarda em n\u00f3s a caridade, que n\u00e3o se deixe enganar pela corrup\u00e7\u00e3o e a mundanidade. Ensina-nos que a Cruz \u00e9 o caminho para Ressurrei\u00e7\u00e3o. Ensina-nos que a Santa-feira Santa \u00e9 a estrada para a P\u00e1scoa de luz. Ensina-nos que Deus jamais esquece nenhum de seus filhos e jamais se cansa de nos perdoar e de abra\u00e7ar com a sua infinita miseric\u00f3rdia. E ensina-nos a n\u00e3o nos cansar de pedir perd\u00e3o e de acreditar na miseric\u00f3rdia sem limites do Pai\u201d.<\/span><\/p>\n<p style=\"text-align: justify\"><span style=\"font-size: 12.1599998474121px;line-height: 1.3em\">\u00a0<\/span><\/p>\n<p style=\"text-align: justify\"><span style=\"font-size: 12.1599998474121px;line-height: 1.3em\">Com imagem e informa\u00e7\u00f5es da R\u00e1dio Vaticano<\/span><\/p>\n","protected":false},"excerpt":{"rendered":"<p>O papa Francisco presidiu a Via-Sacra, nesta Sexta-feira Santa, no Coliseu Romano. Dramas familiares do mundo atual, presen\u00e7a feminina na Igreja, abandono, indiferen\u00e7a, doen\u00e7as, tr\u00e1fico de seres humanos, crian\u00e7as-soldados, regime de escravid\u00e3o, pena de morte, entre outros, foram temas das medita\u00e7\u00f5es, conduzidas pelo bispo em\u00e9rito de Novara, dom Renato Corti, que utilizou como refer\u00eancias textos &hellip;<\/p>\n<p class=\"read-more\"> <a class=\"\" href=\"https:\/\/www.cnbb.org.br\/na-via-sacra-papa-francisco-lembra-dos-cristaos-perseguidos\/\"> <span class=\"screen-reader-text\">Na Via-Sacra, papa Francisco lembra dos crist\u00e3os perseguidos<\/span> Leia mais &raquo;<\/a><\/p>\n","protected":false},"author":83,"featured_media":28691,"comment_status":"open","ping_status":"open","sticky":false,"template":"","format":"standard","meta":{"site-sidebar-layout":"default","site-content-layout":"default","ast-global-header-display":"","ast-banner-title-visibility":"","ast-main-header-display":"","ast-hfb-above-header-display":"","ast-hfb-below-header-display":"","ast-hfb-mobile-header-display":"","site-post-title":"","ast-breadcrumbs-content":"","ast-featured-img":"","footer-sml-layout":"","theme-transparent-header-meta":"","adv-header-id-meta":"","stick-header-meta":"","header-above-stick-meta":"","header-main-stick-meta":"","header-below-stick-meta":""},"categories":[784],"tags":[],"acf":[],"_links":{"self":[{"href":"https:\/\/www.cnbb.org.br\/cnbb-app\/wp\/v2\/posts\/28690"}],"collection":[{"href":"https:\/\/www.cnbb.org.br\/cnbb-app\/wp\/v2\/posts"}],"about":[{"href":"https:\/\/www.cnbb.org.br\/cnbb-app\/wp\/v2\/types\/post"}],"author":[{"embeddable":true,"href":"https:\/\/www.cnbb.org.br\/cnbb-app\/wp\/v2\/users\/83"}],"replies":[{"embeddable":true,"href":"https:\/\/www.cnbb.org.br\/cnbb-app\/wp\/v2\/comments?post=28690"}],"version-history":[{"count":0,"href":"https:\/\/www.cnbb.org.br\/cnbb-app\/wp\/v2\/posts\/28690\/revisions"}],"wp:featuredmedia":[{"embeddable":true,"href":"https:\/\/www.cnbb.org.br\/cnbb-app\/wp\/v2\/media\/28691"}],"wp:attachment":[{"href":"https:\/\/www.cnbb.org.br\/cnbb-app\/wp\/v2\/media?parent=28690"}],"wp:term":[{"taxonomy":"category","embeddable":true,"href":"https:\/\/www.cnbb.org.br\/cnbb-app\/wp\/v2\/categories?post=28690"},{"taxonomy":"post_tag","embeddable":true,"href":"https:\/\/www.cnbb.org.br\/cnbb-app\/wp\/v2\/tags?post=28690"}],"curies":[{"name":"wp","href":"https:\/\/api.w.org\/{rel}","templated":true}]}}