{"id":28692,"date":"2015-04-05T00:00:00","date_gmt":"2015-04-05T03:00:00","guid":{"rendered":"https:\/\/www.cnbb.org.br\/papa-lembra-dos-cristaos-perseguidos-e-pede-pela-paz-e-liberdade-nos-paises-marcados-por-conflitos\/"},"modified":"2015-04-05T00:00:00","modified_gmt":"2015-04-05T03:00:00","slug":"papa-lembra-dos-cristaos-perseguidos-e-pede-pela-paz-e-liberdade-nos-paises-marcados-por-conflitos","status":"publish","type":"post","link":"https:\/\/www.cnbb.org.br\/papa-lembra-dos-cristaos-perseguidos-e-pede-pela-paz-e-liberdade-nos-paises-marcados-por-conflitos\/","title":{"rendered":"Papa lembra dos crist\u00e3os perseguidos e pede pela paz e liberdade nos pa\u00edses marcados por conflitos"},"content":{"rendered":"<p style=\"text-align: justify\">\n<p style=\"text-align: justify\">Na mensagem <em>Urbi et Orbi<\/em> deste Domingo de P\u00e1scoa, o papa Francisco falou sobre a humildade como o caminho da vida e da felicidade, sobre estar a servi\u00e7o, respeitar o pr\u00f3ximo e sobre o perd\u00e3o.<\/p>\n<p style=\"text-align: justify\">Francisco lembrou dos crist\u00e3os perseguidos pela f\u00e9. \u201cA Jesus vitorioso pedimos que alivie os sofrimentos de tantos irm\u00e3os nossos perseguidos por causa do seu nome, bem como de todos aqueles que sofrem injustamente as consequ\u00eancias dos conflitos e das viol\u00eancias em curso\u201d, rogou.<\/p>\n<p><!--more--><\/p>\n<p style=\"text-align: justify\">\u00a0<span style=\"font-size: 12.1599998474121px;line-height: 1.3em\">Pediu, ainda, pela paz na S\u00edria, Iraque, Terra Santa, L\u00edbia, I\u00eamen, Nig\u00e9ria, Sud\u00e3o, Rep\u00fablica Democr\u00e1tica do Congo, Ucr\u00e2nia. Recordou, de modo especial, os jovens mortos na \u00faltima quinta-feira na Universidade de Garissa, no Qu\u00eania.<\/span><\/p>\n<p style=\"text-align: justify\">\nLeia, abaixo, a \u00edntegra da mensagem:<\/p>\n<h2 style=\"text-align: center\"><strong>B\u00ean\u00e7\u00e3o &#8216;Urbi et Orbi&#8217;<\/strong><\/h2>\n<p style=\"text-align: left\">\nQueridos irm\u00e3os e irm\u00e3s,<br \/>\nJesus Cristo ressuscitou!<\/p>\n<p style=\"text-align: justify\">O amor venceu o \u00f3dio, a vida venceu a morte, a luz afugentou as trevas! Por nosso amor, Jesus Cristo despojou-Se da sua gl\u00f3ria divina; esvaziou-Se a Si pr\u00f3prio, assumiu a forma de servo e humilhou-Se at\u00e9 a morte, e morte de cruz. Por isso, Deus O exaltou e f\u00ea-Lo Senhor do universo. Jesus \u00e9 Senhor!<\/p>\n<p style=\"text-align: justify\">Com a sua morte e ressurrei\u00e7\u00e3o, Jesus indica a todos o caminho da vida e da felicidade: este caminho \u00e9 a humildade, que inclui a humilha\u00e7\u00e3o. Esta \u00e9 a estrada que leva \u00e0 gl\u00f3ria. Somente quem se humilha pode caminhar para as \u00abcoisas do alto\u00bb, para Deus (cf. Col 3, 1-4). O orgulhoso olha \u00abde cima para baixo\u00bb, o humilde olha \u00abde baixo para cima\u00bb.<\/p>\n<p style=\"text-align: justify\">Na manh\u00e3 de P\u00e1scoa, informados pelas mulheres, Pedro e Jo\u00e3o correram at\u00e9 ao sepulcro e encontraram-no aberto e vazio. Ent\u00e3o se aproximaram e \u00abinclinaram-se\u00bb para entrar no sepulcro. Para entrar no mist\u00e9rio, \u00e9 preciso \u00abinclinar-se\u00bb, abaixar-se. Somente quem se abaixa compreende a glorifica\u00e7\u00e3o de Jesus e pode segui-Lo na sua estrada.<\/p>\n<p style=\"text-align: justify\">A proposta do mundo \u00e9 impor-se a todo o custo, competir, fazer-se valer\u2026 Mas os crist\u00e3os, pela gra\u00e7a de Cristo morto e ressuscitado, s\u00e3o os rebentos de uma outra humanidade, em que se procura viver ao servi\u00e7o uns dos outros, ser n\u00e3o arrogantes mas dispon\u00edveis e respeitadores.<\/p>\n<p style=\"text-align: justify\">Isto n\u00e3o \u00e9 fraqueza, mas verdadeira for\u00e7a! Quem traz dentro de si a for\u00e7a de Deus, o seu amor e a sua justi\u00e7a, n\u00e3o precisa usar viol\u00eancia, mas fala e age com a for\u00e7a da verdade, da beleza e do amor.<\/p>\n<p style=\"text-align: justify\">Do Senhor ressuscitado imploramos a gra\u00e7a de n\u00e3o cedermos ao orgulho que alimenta a viol\u00eancia e as guerras, mas termos a coragem humilde do perd\u00e3o e da paz. A Jesus vitorioso pedimos que alivie os sofrimentos de tantos irm\u00e3os nossos perseguidos por causa do seu nome, bem como de todos aqueles que sofrem injustamente as consequ\u00eancias dos conflitos e das viol\u00eancias em curso.<\/p>\n<p style=\"text-align: justify\">Pedimos paz, antes de tudo, para a S\u00edria e o Iraque, para que cesse o fragor das armas e se restabele\u00e7a a boa conviv\u00eancia entre os diferentes grupos que comp\u00f5em estes amados pa\u00edses. Que a comunidade internacional n\u00e3o permane\u00e7a inerte perante a imensa trag\u00e9dia humanit\u00e1ria no interior destes pa\u00edses e o drama dos numerosos refugiados.<\/p>\n<p style=\"text-align: justify\">Imploramos paz para todos os habitantes da Terra Santa. Possa crescer entre israelitas e palestinos a cultura do encontro e se retome o processo de paz a fim de p\u00f4r termo a tantos anos de sofrimentos e divis\u00f5es.<\/p>\n<p style=\"text-align: justify\">Suplicamos paz para a L\u00edbia a fim de que cesse o absurdo derramamento de sangue em curso e toda a b\u00e1rbara viol\u00eancia, e aqueles que t\u00eam a peito o destino do pa\u00eds se esforcem por favorecer a reconcilia\u00e7\u00e3o e construir uma sociedade fraterna que respeite a dignidade da pessoa. E almejamos que, tamb\u00e9m no I\u00e9men, prevale\u00e7a uma vontade comum de pacifica\u00e7\u00e3o a bem de toda a popula\u00e7\u00e3o.<\/p>\n<p style=\"text-align: justify\">Ao mesmo tempo, confiamos esperan\u00e7osos ao Senhor misericordioso o acordo alcan\u00e7ado nestes dias em Lausanne, a fim de que seja um passo definitivo para um mundo mais seguro e fraterno.<\/p>\n<p style=\"text-align: justify\">Do Senhor Ressuscitado imploramos o dom da paz para a Nig\u00e9ria, o Sud\u00e3o do Sul e as v\u00e1rias regi\u00f5es do Sud\u00e3o e da Rep\u00fablica Democr\u00e1tica do Congo. De todas as pessoas de boa vontade se eleve incessante ora\u00e7\u00e3o por aqueles que perderam a vida \u2013 penso de modo particular aos jovens mortos na quinta-feira passada numa Universidade de Garissa, no Qu\u00eania -, por quantos foram raptados, por quem teve de abandonar a pr\u00f3pria casa e os seus entes queridos.<\/p>\n<p style=\"text-align: justify\">A Ressurrei\u00e7\u00e3o do Senhor leve luz \u00e0 amada Ucr\u00e2nia, sobretudo \u00e0queles que sofreram as viol\u00eancias do conflito nos \u00faltimos meses. Possa o pa\u00eds reencontrar paz e esperan\u00e7a, gra\u00e7as ao empenho de todos as partes interessadas.<\/p>\n<p style=\"text-align: justify\">Paz e liberdade, pedimos para tantos homens e mulheres, sujeitos a formas novas e antigas de escravid\u00e3o por parte de indiv\u00edduos e organiza\u00e7\u00f5es criminosas. Paz e liberdade para as v\u00edtimas dos traficantes de droga, muitas vezes aliados com os poderes que deveriam defender a paz e a harmonia na fam\u00edlia humana. E paz pedimos para este mundo sujeito aos traficantes de armas.<\/p>\n<p style=\"text-align: justify\">Aos marginalizados, aos encarcerados, aos pobres e aos migrantes que tantas vezes s\u00e3o rejeitados, maltratados e descartados; aos doentes e atribulados; \u00e0s crian\u00e7as, especialmente as v\u00edtimas de viol\u00eancia; a quantos est\u00e3o hoje de luto; a todos os homens e mulheres de boa vontade chegue a voz consoladora do Senhor Jesus: \u00abA paz esteja convosco!\u00bb (Lc 24, 36). \u00abN\u00e3o temais! Ressuscitei e estou convosco para sempre!\u00bb (cf. Missal Romano, Ant\u00edfona de Entrada no dia de P\u00e1scoa).<\/p>\n","protected":false},"excerpt":{"rendered":"<p>Na mensagem Urbi et Orbi deste Domingo de P\u00e1scoa, o papa Francisco falou sobre a humildade como o caminho da vida e da felicidade, sobre estar a servi\u00e7o, respeitar o pr\u00f3ximo e sobre o perd\u00e3o. Francisco lembrou dos crist\u00e3os perseguidos pela f\u00e9. \u201cA Jesus vitorioso pedimos que alivie os sofrimentos de tantos irm\u00e3os nossos perseguidos &hellip;<\/p>\n<p class=\"read-more\"> <a class=\"\" href=\"https:\/\/www.cnbb.org.br\/papa-lembra-dos-cristaos-perseguidos-e-pede-pela-paz-e-liberdade-nos-paises-marcados-por-conflitos\/\"> <span class=\"screen-reader-text\">Papa lembra dos crist\u00e3os perseguidos e pede pela paz e liberdade nos pa\u00edses marcados por conflitos<\/span> Leia mais &raquo;<\/a><\/p>\n","protected":false},"author":83,"featured_media":28693,"comment_status":"open","ping_status":"open","sticky":false,"template":"","format":"standard","meta":{"site-sidebar-layout":"default","site-content-layout":"default","ast-global-header-display":"","ast-banner-title-visibility":"","ast-main-header-display":"","ast-hfb-above-header-display":"","ast-hfb-below-header-display":"","ast-hfb-mobile-header-display":"","site-post-title":"","ast-breadcrumbs-content":"","ast-featured-img":"","footer-sml-layout":"","theme-transparent-header-meta":"","adv-header-id-meta":"","stick-header-meta":"","header-above-stick-meta":"","header-main-stick-meta":"","header-below-stick-meta":""},"categories":[784],"tags":[],"acf":[],"_links":{"self":[{"href":"https:\/\/www.cnbb.org.br\/cnbb-app\/wp\/v2\/posts\/28692"}],"collection":[{"href":"https:\/\/www.cnbb.org.br\/cnbb-app\/wp\/v2\/posts"}],"about":[{"href":"https:\/\/www.cnbb.org.br\/cnbb-app\/wp\/v2\/types\/post"}],"author":[{"embeddable":true,"href":"https:\/\/www.cnbb.org.br\/cnbb-app\/wp\/v2\/users\/83"}],"replies":[{"embeddable":true,"href":"https:\/\/www.cnbb.org.br\/cnbb-app\/wp\/v2\/comments?post=28692"}],"version-history":[{"count":0,"href":"https:\/\/www.cnbb.org.br\/cnbb-app\/wp\/v2\/posts\/28692\/revisions"}],"wp:featuredmedia":[{"embeddable":true,"href":"https:\/\/www.cnbb.org.br\/cnbb-app\/wp\/v2\/media\/28693"}],"wp:attachment":[{"href":"https:\/\/www.cnbb.org.br\/cnbb-app\/wp\/v2\/media?parent=28692"}],"wp:term":[{"taxonomy":"category","embeddable":true,"href":"https:\/\/www.cnbb.org.br\/cnbb-app\/wp\/v2\/categories?post=28692"},{"taxonomy":"post_tag","embeddable":true,"href":"https:\/\/www.cnbb.org.br\/cnbb-app\/wp\/v2\/tags?post=28692"}],"curies":[{"name":"wp","href":"https:\/\/api.w.org\/{rel}","templated":true}]}}