{"id":28696,"date":"2015-04-30T00:00:00","date_gmt":"2015-04-30T03:00:00","guid":{"rendered":"https:\/\/www.cnbb.org.br\/dom-cipollini-apresenta-comentario-sobre-a-bula-do-ano-da-misericordia\/"},"modified":"2015-04-30T00:00:00","modified_gmt":"2015-04-30T03:00:00","slug":"dom-cipollini-apresenta-comentario-sobre-a-bula-do-ano-da-misericordia","status":"publish","type":"post","link":"https:\/\/www.cnbb.org.br\/dom-cipollini-apresenta-comentario-sobre-a-bula-do-ano-da-misericordia\/","title":{"rendered":"Vaticano disponibiliza site do Jubileu da Miseric\u00f3rdia"},"content":{"rendered":"<p style=\"text-align: justify\"><span style=\"font-size: 12.1599998474121px;line-height: 1.3em\">O Vaticano criou um website do Jubileu Extraordin\u00e1rio da Miseric\u00f3rdia, que acontecer\u00e1 de 8 de dezembro deste ano at\u00e9 20 de novembro de 2016. O endere\u00e7o eletr\u00f4nico est\u00e1 dispon\u00edvel em seis idiomas e possui o an\u00fancio do Jubileu, a Bula de Convoca\u00e7\u00e3o, not\u00edcias, v\u00eddeos, galeria de fotos e um formul\u00e1rio para contato com o Pontif\u00edcio Conselho para a Promo\u00e7\u00e3o da Nova Evangeliza\u00e7\u00e3o, respons\u00e1vel pela organiza\u00e7\u00e3o do Ano Santo.<\/span><\/p>\n<p><!--more--><\/p>\n<p style=\"text-align: justify\"><span style=\"font-size: 12.1599998474121px;line-height: 1.3em\">O papa Francisco realizou a convoca\u00e7\u00e3o oficial do Jubileu extraordin\u00e1rio da Miseric\u00f3rdia no dia 11 de abril. Na ocasi\u00e3o foi entregue aos quatro cardeais-arciprestes das bas\u00edlicas papais de Roma a Bula \u201cMisericordiae Vultus\u201d (O rosto da Miseric\u00f3rdia).<\/span><\/p>\n<p style=\"text-align: justify\">Durante a 53\u00aa Assembleia Geral da Confer\u00eancia Nacional dos Bispos do Brasil (CNBB), que aconteceu em Aparecida (SP), de 15 a 24 de abril, o bispo de Amparo (SP) e presidente da Comiss\u00e3o Episcopal Pastoral para a Doutrina da F\u00e9 da entidade, dom Pedro Carlos Cipollini, apresentou um breve coment\u00e1rio sobre o documento divulgado pelo papa.<\/p>\n<p style=\"text-align: justify\">\u201cO tema da Miseric\u00f3rdia tem ra\u00edzes profundas na Igreja e o papa Francisco (um homem marcado pela miseric\u00f3rdia, que ele escolheu como lema episcopal), soube capt\u00e1-las e inserir nestas ra\u00edzes a proposta do Ano Santo\u201d, considerou em sua introdu\u00e7\u00e3o.<\/p>\n<p style=\"text-align: justify\">Dom Cipollini retornou \u00e0 fala de s\u00e3o Jo\u00e3o XXIII na abertura do Conc\u00edlio Vaticano II, lembrando a proposta de uma Igreja que \u201cprefere usar a medicina da miseric\u00f3rdia\u201d. A Bula de proclama\u00e7\u00e3o do Jubileu Extraordin\u00e1rio da Miseric\u00f3rdia tamb\u00e9m menciona s\u00e3o Jo\u00e3o Paulo II, que publicou a enc\u00edclica \u201c<em>Dives in miseric\u00f3rdia<\/em>\u201d e canonizou Santa Faustina, a santa da Miseric\u00f3rdia.<\/p>\n<p style=\"text-align: justify\">Dos 25 itens da bula papal, o presidente da Comiss\u00e3o para Doutrina da F\u00e9 destacou tr\u00eas pontos. Os fundamentos teol\u00f3gicos, a aplica\u00e7\u00e3o \u00e0 Igreja e indica\u00e7\u00f5es pr\u00e1ticas sobre como viver um itiner\u00e1rio espiritual de convers\u00e3o durante o Ano Santo.<\/p>\n<p style=\"text-align: justify\">No \u00faltimo t\u00f3pico, foram dadas indica\u00e7\u00f5es pr\u00e1ticas para a viv\u00eancia do ano da miseric\u00f3rdia. Dom Cipollini destacou as propostas de \u201cPeregrina\u00e7\u00e3o como caminho e sinal de convers\u00e3o\u201d. \u201cA peregrina\u00e7\u00e3o \u2018<em>ser\u00e1 sinal de que a pr\u00f3pria miseric\u00f3rdia \u00e9 uma meta a alcan\u00e7ar e que exige empenho e sacrif\u00edcio\u2019\u201d, <\/em>sublinhou.<\/p>\n<p style=\"text-align: justify\">Outra sugest\u00e3o \u00e9 a viv\u00eancia do perd\u00e3o. \u201cO perd\u00e3o aparece aqui como componente da miseric\u00f3rdia divina e v\u00e9rtice da ora\u00e7\u00e3o crist\u00e3. \u00c9 a reden\u00e7\u00e3o vista na \u00f3tica do perd\u00e3o\u201d, explica. Neste t\u00f3pico, destaca-se o comunicado do papa no envio dos \u201cmission\u00e1rios da miseric\u00f3rdia\u201d durante a quaresma. \u201cSacerdotes a quem ele dar\u00e1 autoridade para perdoar mesmo os pecados reservados \u00e0 Santa S\u00e9 e pede aos bispos que os convidem e acolham\u201d, disse.<\/p>\n<p style=\"text-align: justify\">Por \u00faltimo, foi indicada a rela\u00e7\u00e3o \u201cJusti\u00e7a e miseric\u00f3rdia\u201d. \u201cO papa reflete a partir de v\u00e1rias passagens b\u00edblicas para concluir que a justi\u00e7a de Deus culmina no seu perd\u00e3o\u201d, analisa o bispo.<\/p>\n<p style=\"text-align: justify\"><a href=\"http:\/\/www.iubilaeummisericordiae.va\/content\/gdm\/pt.html\" target=\"_blank\" rel=\"noopener\">Acesse o site oficial do Jubileu da Miseric\u00f3rdia<\/a><\/p>\n<p style=\"text-align: justify\"><a style=\"text-align: justify;font-size: 12.1599998474121px;line-height: 1.3em\" href=\"publicacoes-2\/documentos-para-downloads-2\/doc_download\/2219-bula-de-proclamacao-do-ano-da-misericordia\" target=\"_blank\" rel=\"noopener noreferrer\">Leia na \u00edntegra a\u00a0Bula de Proclama\u00e7\u00e3o do Bula do Ano Santo &#8211; Jubileu Extraordin\u00e1rio da Miseric\u00f3rdia<\/a><\/p>\n<p style=\"text-align: justify\">\n<p style=\"text-align: justify\">\n<p style=\"text-align: justify\">\n<p>&nbsp;<\/p>\n<p>&nbsp;<\/p>\n<p>&nbsp;<\/p>\n","protected":false},"excerpt":{"rendered":"<p>O Vaticano criou um website do Jubileu Extraordin\u00e1rio da Miseric\u00f3rdia, que acontecer\u00e1 de 8 de dezembro deste ano at\u00e9 20 de novembro de 2016. O endere\u00e7o eletr\u00f4nico est\u00e1 dispon\u00edvel em seis idiomas e possui o an\u00fancio do Jubileu, a Bula de Convoca\u00e7\u00e3o, not\u00edcias, v\u00eddeos, galeria de fotos e um formul\u00e1rio para contato com o Pontif\u00edcio &hellip;<\/p>\n<p class=\"read-more\"> <a class=\"\" href=\"https:\/\/www.cnbb.org.br\/dom-cipollini-apresenta-comentario-sobre-a-bula-do-ano-da-misericordia\/\"> <span class=\"screen-reader-text\">Vaticano disponibiliza site do Jubileu da Miseric\u00f3rdia<\/span> Leia mais &raquo;<\/a><\/p>\n","protected":false},"author":83,"featured_media":28697,"comment_status":"open","ping_status":"open","sticky":false,"template":"","format":"standard","meta":{"site-sidebar-layout":"default","site-content-layout":"default","ast-global-header-display":"","ast-banner-title-visibility":"","ast-main-header-display":"","ast-hfb-above-header-display":"","ast-hfb-below-header-display":"","ast-hfb-mobile-header-display":"","site-post-title":"","ast-breadcrumbs-content":"","ast-featured-img":"","footer-sml-layout":"","theme-transparent-header-meta":"","adv-header-id-meta":"","stick-header-meta":"","header-above-stick-meta":"","header-main-stick-meta":"","header-below-stick-meta":""},"categories":[784],"tags":[],"acf":[],"_links":{"self":[{"href":"https:\/\/www.cnbb.org.br\/cnbb-app\/wp\/v2\/posts\/28696"}],"collection":[{"href":"https:\/\/www.cnbb.org.br\/cnbb-app\/wp\/v2\/posts"}],"about":[{"href":"https:\/\/www.cnbb.org.br\/cnbb-app\/wp\/v2\/types\/post"}],"author":[{"embeddable":true,"href":"https:\/\/www.cnbb.org.br\/cnbb-app\/wp\/v2\/users\/83"}],"replies":[{"embeddable":true,"href":"https:\/\/www.cnbb.org.br\/cnbb-app\/wp\/v2\/comments?post=28696"}],"version-history":[{"count":0,"href":"https:\/\/www.cnbb.org.br\/cnbb-app\/wp\/v2\/posts\/28696\/revisions"}],"wp:featuredmedia":[{"embeddable":true,"href":"https:\/\/www.cnbb.org.br\/cnbb-app\/wp\/v2\/media\/28697"}],"wp:attachment":[{"href":"https:\/\/www.cnbb.org.br\/cnbb-app\/wp\/v2\/media?parent=28696"}],"wp:term":[{"taxonomy":"category","embeddable":true,"href":"https:\/\/www.cnbb.org.br\/cnbb-app\/wp\/v2\/categories?post=28696"},{"taxonomy":"post_tag","embeddable":true,"href":"https:\/\/www.cnbb.org.br\/cnbb-app\/wp\/v2\/tags?post=28696"}],"curies":[{"name":"wp","href":"https:\/\/api.w.org\/{rel}","templated":true}]}}