{"id":28714,"date":"2015-06-09T00:00:00","date_gmt":"2015-06-09T03:00:00","guid":{"rendered":"https:\/\/www.cnbb.org.br\/nota-da-diocese-de-santarem-a-respeito-da-igreja-carismatica\/"},"modified":"2015-06-09T00:00:00","modified_gmt":"2015-06-09T03:00:00","slug":"nota-da-diocese-de-santarem-a-respeito-da-igreja-carismatica","status":"publish","type":"post","link":"https:\/\/www.cnbb.org.br\/nota-da-diocese-de-santarem-a-respeito-da-igreja-carismatica\/","title":{"rendered":"Nota da diocese de Santar\u00e9m a respeito da igreja carism\u00e1tica"},"content":{"rendered":"<h4 style=\"text-align: right\" align=\"center\"><span style=\"font-family: Tahoma, Helvetica, Arial, sans-serif;font-size: 12.1599998474121px;line-height: 1.3em\">Santar\u00e9m, 8 de junho de 2015<\/span><\/h4>\n<p style=\"text-align: justify\">Car\u00edssimas irm\u00e3s,<br \/>\nCar\u00edssimos irm\u00e3os da Diocese de Santar\u00e9m,<\/p>\n<p style=\"text-align: justify\">H\u00e1 algumas semanas pessoas tem se apresentado como padres da Igreja Cat\u00f3lica Carism\u00e1tica e pedem para fazer palestras a jovens das nossas par\u00f3quias, escolas e grupos da catequese.<\/p>\n<p style=\"text-align: justify\">No dia 5 de junho, em Santar\u00e9m, foi ordenado um di\u00e1cono por dois bispos ligados a esta Igreja.<\/p>\n<p style=\"text-align: justify\">Dada esta situa\u00e7\u00e3o, alguns esclarecimentos se fazem necess\u00e1rios.<\/p>\n<p><!--more--><\/p>\n<p style=\"text-align: justify\"><span style=\"font-size: 12.1599998474121px;line-height: 1.3em\">\u00a0<\/span><\/p>\n<ol style=\"text-align: justify\" start=\"1\" type=\"1\">\n<li>A Igreja Cat\u00f3lica Carism\u00e1tica n\u00e3o est\u00e1 em comunh\u00e3o com a Igreja Cat\u00f3lica Apost\u00f3lica Romana.<\/li>\n<li>A Igreja Cat\u00f3lica Carism\u00e1tica n\u00e3o \u00e9 fruto da Renova\u00e7\u00e3o Carism\u00e1tica Cat\u00f3lica que \u00e9 um movimento da Igreja Cat\u00f3lica Apost\u00f3lica Romana.<\/li>\n<li>Em 30 de novembro de 2011 a presid\u00eancia da Confer\u00eancia Nacional dos Bispos do Brasil divulgou uma nota afirmando: A <strong><span style=\"text-decoration: underline\">Igreja Cat\u00f3lica Carism\u00e1tica<\/span><\/strong> e outras como a <strong><span style=\"text-decoration: underline\">Igreja Cat\u00f3lica Apost\u00f3lica Americana<\/span><\/strong> \u201c<em>apesar de se autodenominarem \u201ccat\u00f3licas\u201d, n\u00e3o est\u00e3o em comunh\u00e3o com o Santo Padre, e n\u00e3o fazem parte da Igreja Cat\u00f3lica Apost\u00f3lica Romana. Por esta raz\u00e3o todos os ritos e cerim\u00f4nias religiosas por eles realizados s\u00e3o il\u00edcitos para os fi\u00e9is cat\u00f3licos. Assim sendo, recomenda-se vivamente aos f\u00e9is que n\u00e3o frequentem os edif\u00edcios onde se re\u00fanem e nem colaborem ou participem de qualquer celebra\u00e7\u00e3o promovida por esses grupos<\/em>\u201d.<\/li>\n<li>A pessoa que passa para a Igreja Cat\u00f3lica Carism\u00e1tica sai da Igreja Cat\u00f3lica Apost\u00f3lica Romana, exatamente como faz quem passa para a Igreja da Paz, a Assembleia de Deus ou outras Igrejas.<\/li>\n<li>A Igreja Cat\u00f3lica Apost\u00f3lica Romana n\u00e3o reconhece os sacramentos realizados na Igreja Cat\u00f3lica Carism\u00e1tica (ordena\u00e7\u00f5es, batismos, Missas&#8230;), considerando-os inv\u00e1lidos.<\/li>\n<li>Por isso as comunidades pertencentes \u00e0 Igreja Cat\u00f3lica Apost\u00f3lica Romana n\u00e3o convidem pessoas ligadas \u00e0 Igreja Cat\u00f3lica Carism\u00e1tica para prega\u00e7\u00f5es, novenas ou celebra\u00e7\u00f5es de culto (exceto quando se tratar de um culto ecum\u00eanico, de acordo com o p\u00e1roco local).<\/li>\n<li>Com as pessoas que participam da Igreja Cat\u00f3lica Carism\u00e1tica vamos manter as rela\u00e7\u00f5es de boa educa\u00e7\u00e3o, de respeito e de colabora\u00e7\u00e3o na constru\u00e7\u00e3o de um mundo melhor, para que todos tenham vida e vida em abund\u00e2ncia, conforme o desejo de Jesus.<\/li>\n<\/ol>\n<p style=\"text-align: center\"><span style=\"font-family: Arial, Helvetica, sans-serif;font-size: 1em;font-weight: bold;text-align: justify;line-height: 1.3em\">Dom Fl\u00e1vio Giovenale<\/span><br style=\"font-family: Arial, Helvetica, sans-serif;font-size: 1em;font-weight: bold;text-align: justify;line-height: 1.3em\" \/><span style=\"font-family: Arial, Helvetica, sans-serif;font-size: 1em;font-weight: bold;text-align: justify;line-height: 1.3em\">Bispo de Santar\u00e9m (PA)<\/span><\/p>\n","protected":false},"excerpt":{"rendered":"<p>Santar\u00e9m, 8 de junho de 2015 Car\u00edssimas irm\u00e3s, Car\u00edssimos irm\u00e3os da Diocese de Santar\u00e9m, H\u00e1 algumas semanas pessoas tem se apresentado como padres da Igreja Cat\u00f3lica Carism\u00e1tica e pedem para fazer palestras a jovens das nossas par\u00f3quias, escolas e grupos da catequese. No dia 5 de junho, em Santar\u00e9m, foi ordenado um di\u00e1cono por dois &hellip;<\/p>\n<p class=\"read-more\"> <a class=\"\" href=\"https:\/\/www.cnbb.org.br\/nota-da-diocese-de-santarem-a-respeito-da-igreja-carismatica\/\"> <span class=\"screen-reader-text\">Nota da diocese de Santar\u00e9m a respeito da igreja carism\u00e1tica<\/span> Leia mais &raquo;<\/a><\/p>\n","protected":false},"author":83,"featured_media":0,"comment_status":"open","ping_status":"open","sticky":false,"template":"","format":"standard","meta":{"site-sidebar-layout":"default","site-content-layout":"default","ast-global-header-display":"","ast-banner-title-visibility":"","ast-main-header-display":"","ast-hfb-above-header-display":"","ast-hfb-below-header-display":"","ast-hfb-mobile-header-display":"","site-post-title":"","ast-breadcrumbs-content":"","ast-featured-img":"","footer-sml-layout":"","theme-transparent-header-meta":"","adv-header-id-meta":"","stick-header-meta":"","header-above-stick-meta":"","header-main-stick-meta":"","header-below-stick-meta":""},"categories":[784],"tags":[],"acf":[],"_links":{"self":[{"href":"https:\/\/www.cnbb.org.br\/cnbb-app\/wp\/v2\/posts\/28714"}],"collection":[{"href":"https:\/\/www.cnbb.org.br\/cnbb-app\/wp\/v2\/posts"}],"about":[{"href":"https:\/\/www.cnbb.org.br\/cnbb-app\/wp\/v2\/types\/post"}],"author":[{"embeddable":true,"href":"https:\/\/www.cnbb.org.br\/cnbb-app\/wp\/v2\/users\/83"}],"replies":[{"embeddable":true,"href":"https:\/\/www.cnbb.org.br\/cnbb-app\/wp\/v2\/comments?post=28714"}],"version-history":[{"count":0,"href":"https:\/\/www.cnbb.org.br\/cnbb-app\/wp\/v2\/posts\/28714\/revisions"}],"wp:attachment":[{"href":"https:\/\/www.cnbb.org.br\/cnbb-app\/wp\/v2\/media?parent=28714"}],"wp:term":[{"taxonomy":"category","embeddable":true,"href":"https:\/\/www.cnbb.org.br\/cnbb-app\/wp\/v2\/categories?post=28714"},{"taxonomy":"post_tag","embeddable":true,"href":"https:\/\/www.cnbb.org.br\/cnbb-app\/wp\/v2\/tags?post=28714"}],"curies":[{"name":"wp","href":"https:\/\/api.w.org\/{rel}","templated":true}]}}