{"id":28723,"date":"2015-06-23T00:00:00","date_gmt":"2015-06-23T03:00:00","guid":{"rendered":"https:\/\/www.cnbb.org.br\/instrumentum-laboris-do-sinodo-ordinario-e-apresentado-pela-santa-se\/"},"modified":"2015-06-23T00:00:00","modified_gmt":"2015-06-23T03:00:00","slug":"instrumentum-laboris-do-sinodo-ordinario-e-apresentado-pela-santa-se","status":"publish","type":"post","link":"https:\/\/www.cnbb.org.br\/instrumentum-laboris-do-sinodo-ordinario-e-apresentado-pela-santa-se\/","title":{"rendered":"Instrumentum Laboris do S\u00ednodo Ordin\u00e1rio \u00e9 apresentado pela Santa S\u00e9"},"content":{"rendered":"<p style=\"text-align: justify\"><span style=\"font-size: 12.1599998474121px;line-height: 1.3em\">O Vaticano divulgou na manh\u00e3 de hoje, 23, o <em>Instrumentum Laboris<\/em> para o S\u00ednodo dos Bispos sobre a Fam\u00edlia. Ap\u00f3s a Assembleia Extraordin\u00e1ria no ano passado foi publicada a <em>Relatio Synodi<\/em>, com os resultados das reflex\u00f5es dos padres sinodais. O novo texto foi atualizado a partir das contribui\u00e7\u00f5es das respostas aos question\u00e1rios enviados pelas dioceses de todo o mundo, a pedido do papa Francisco.<\/span><\/p>\n<p><!--more--><\/p>\n<p style=\"text-align: justify\"><span style=\"font-size: 12.1599998474121px;line-height: 1.3em\">A Confer\u00eancia Nacional dos Bispos do Brasil (CNBB), por meio da Comiss\u00e3o Episcopal Pastoral para a Vida e a Fam\u00edlia, tamb\u00e9m enviou contribui\u00e7\u00f5es ao texto final, com a colabora\u00e7\u00e3o das dioceses.<\/span><\/p>\n<p style=\"text-align: justify\"><span style=\"font-size: 12.1599998474121px;line-height: 1.3em\">O Instrumento de Trabalho para o S\u00ednodo Ordin\u00e1rio, que ocorrer\u00e1 de 4 a 25 de outubro com o tema \u201cA voca\u00e7\u00e3o e a miss\u00e3o da fam\u00edlia na Igreja e no mundo contempor\u00e2neo\u201d, est\u00e1 dividido em tr\u00eas grandes partes sendo: \u201cA escuta dos desafios sobre a fam\u00edlia\u201d, \u201cO discernimento da voca\u00e7\u00e3o familiar\u201d e \u201cA miss\u00e3o da fam\u00edlia hoje\u201d.<\/span><\/p>\n<p style=\"text-align: justify\"><span style=\"font-size: 12.1599998474121px;line-height: 1.3em\">Ao final do Instrumento de trabalho, tem destaque o Jubileu da Miseric\u00f3rdia que iniciar\u00e1 no dia 8 de dezembro, motivado tamb\u00e9m pelas reflex\u00f5es da Assembleia Sinodal.<\/span><\/p>\n<p style=\"text-align: justify\"><span style=\"font-size: 12.1599998474121px;line-height: 1.3em\"><a href=\"http:\/\/www.vatican.va\/roman_curia\/synod\/documents\/rc_synod_doc_20150623_instrumentum-xiv-assembly_it.html\" target=\"_blank\" rel=\"noopener noreferrer\"><strong>O texto est\u00e1 dispon\u00edvel na vers\u00e3o em italiano<\/strong><\/a>, no site do Vaticano.\u00a0<\/span><\/p>\n","protected":false},"excerpt":{"rendered":"<p>O Vaticano divulgou na manh\u00e3 de hoje, 23, o Instrumentum Laboris para o S\u00ednodo dos Bispos sobre a Fam\u00edlia. Ap\u00f3s a Assembleia Extraordin\u00e1ria no ano passado foi publicada a Relatio Synodi, com os resultados das reflex\u00f5es dos padres sinodais. O novo texto foi atualizado a partir das contribui\u00e7\u00f5es das respostas aos question\u00e1rios enviados pelas dioceses &hellip;<\/p>\n<p class=\"read-more\"> <a class=\"\" href=\"https:\/\/www.cnbb.org.br\/instrumentum-laboris-do-sinodo-ordinario-e-apresentado-pela-santa-se\/\"> <span class=\"screen-reader-text\">Instrumentum Laboris do S\u00ednodo Ordin\u00e1rio \u00e9 apresentado pela Santa S\u00e9<\/span> Leia mais &raquo;<\/a><\/p>\n","protected":false},"author":83,"featured_media":18134,"comment_status":"open","ping_status":"open","sticky":false,"template":"","format":"standard","meta":{"site-sidebar-layout":"default","site-content-layout":"default","ast-global-header-display":"","ast-banner-title-visibility":"","ast-main-header-display":"","ast-hfb-above-header-display":"","ast-hfb-below-header-display":"","ast-hfb-mobile-header-display":"","site-post-title":"","ast-breadcrumbs-content":"","ast-featured-img":"","footer-sml-layout":"","theme-transparent-header-meta":"","adv-header-id-meta":"","stick-header-meta":"","header-above-stick-meta":"","header-main-stick-meta":"","header-below-stick-meta":""},"categories":[784],"tags":[],"acf":[],"_links":{"self":[{"href":"https:\/\/www.cnbb.org.br\/cnbb-app\/wp\/v2\/posts\/28723"}],"collection":[{"href":"https:\/\/www.cnbb.org.br\/cnbb-app\/wp\/v2\/posts"}],"about":[{"href":"https:\/\/www.cnbb.org.br\/cnbb-app\/wp\/v2\/types\/post"}],"author":[{"embeddable":true,"href":"https:\/\/www.cnbb.org.br\/cnbb-app\/wp\/v2\/users\/83"}],"replies":[{"embeddable":true,"href":"https:\/\/www.cnbb.org.br\/cnbb-app\/wp\/v2\/comments?post=28723"}],"version-history":[{"count":0,"href":"https:\/\/www.cnbb.org.br\/cnbb-app\/wp\/v2\/posts\/28723\/revisions"}],"wp:featuredmedia":[{"embeddable":true,"href":"https:\/\/www.cnbb.org.br\/cnbb-app\/wp\/v2\/media\/18134"}],"wp:attachment":[{"href":"https:\/\/www.cnbb.org.br\/cnbb-app\/wp\/v2\/media?parent=28723"}],"wp:term":[{"taxonomy":"category","embeddable":true,"href":"https:\/\/www.cnbb.org.br\/cnbb-app\/wp\/v2\/categories?post=28723"},{"taxonomy":"post_tag","embeddable":true,"href":"https:\/\/www.cnbb.org.br\/cnbb-app\/wp\/v2\/tags?post=28723"}],"curies":[{"name":"wp","href":"https:\/\/api.w.org\/{rel}","templated":true}]}}