{"id":28750,"date":"2015-08-13T00:00:00","date_gmt":"2015-08-13T03:00:00","guid":{"rendered":"https:\/\/www.cnbb.org.br\/vaticano-assinara-acordo-de-relacoes-com-timor-leste\/"},"modified":"2015-08-13T00:00:00","modified_gmt":"2015-08-13T03:00:00","slug":"vaticano-assinara-acordo-de-relacoes-com-timor-leste","status":"publish","type":"post","link":"https:\/\/www.cnbb.org.br\/vaticano-assinara-acordo-de-relacoes-com-timor-leste\/","title":{"rendered":"Vaticano assinar\u00e1 acordo de rela\u00e7\u00f5es com Timor-Leste"},"content":{"rendered":"<p style=\"text-align: justify\" align=\"center\"><span style=\"font-size: 12.1599998474121px;line-height: 1.3em\">A comemora\u00e7\u00e3o dos 500 anos de evangeliza\u00e7\u00e3o da Rep\u00fablica Democr\u00e1tica de Timor-Leste ser\u00e1 marcada por acordo das rela\u00e7\u00f5es entre o pa\u00eds lus\u00f3fono e a Santa S\u00e9. A assinatura da \u201cConcorda\u201d acontecer\u00e1 amanh\u00e3, 14 de agosto, com a presen\u00e7a do secret\u00e1rio de Estado do Vaticano, cardeal Pietro Parolin, enviado especial do papa Francisco ao pa\u00eds.\u00a0<\/span><\/p>\n<p><!--more--><\/p>\n<p style=\"text-align: justify\" align=\"center\">\u00a0Em sua chegada, o cardeal receber\u00e1 as boas-vindas pela Guarda de Honra no Pal\u00e1cio do Governo, em Dili, e se reunir\u00e1 com o primeiro-ministro, Rui Maria de Ara\u00fajo. Durante a visita, dom Parolin se encontrar\u00e1 com o presidente da Rep\u00fablica timorense, Taur Matan Ruak, com o presidente do Parlamento Nacional, Vicente Guterres. Ap\u00f3s assinatura do acordo, haver\u00e1 coletiva de imprensa, com presen\u00e7a do representante do Vaticano e do governo timorense.<\/p>\n<p style=\"text-align: justify\"><span style=\"font-size: 12.1599998474121px;line-height: 1.3em\">O cardeal Parolin presidir\u00e1 missa, no dia 15, Festa da Assun\u00e7\u00e3o de Nossa Senhora, em comemora\u00e7\u00e3o aos 500 anos de evangeliza\u00e7\u00e3o do Timor-Leste em Tasi Tolu, Dili.<\/span><\/p>\n<p style=\"text-align: justify\"><span style=\"font-size: 12.1599998474121px;line-height: 1.3em\">Em mensagem, o papa Francisco recordou a coragem dos mission\u00e1rios dominicanos que chegaram ao Timor, em 1515, para evangelizar o povo local. A atua\u00e7\u00e3o da Igreja contribuiu para a conquista do processo de auto-determina\u00e7\u00e3o e independ\u00eancia. Francisco disse, ainda, que a Igreja deve ter a liberdade de anunciar o Evangelho em modo integral, mesmo quando vai contra a corrente, \u201cdefendendo os valores que recebeu e aos quais deve permanecer fiel\u201d.<\/span><\/p>\n<p style=\"text-align: justify\"><strong style=\"font-size: 12.1599998474121px;line-height: 1.3em\">Desenvolvimento nacional \u00a0<\/strong><\/p>\n<p style=\"text-align: justify\">O primeiro-ministro timorense, Rui Maria de Ara\u00fajo, pontuou que a Igreja Cat\u00f3lica, ao longo de 500 anos, prestou grande apoio espiritual, humano e material ao povo timorense e contribuiu de forma decisiva para o processo de liberta\u00e7\u00e3o de Timor-Leste. \u00a0\u201cTudo isso justifica que Timor-Leste \u00e9 o pa\u00eds com maior percentagem de popula\u00e7\u00e3o cat\u00f3lica em todo o mundo\u201d, assinalou o primeiro-ministro.<\/p>\n<p style=\"text-align: justify\"><span style=\"font-size: 12.1599998474121px;line-height: 1.3em\">Para Rui Maria, a a\u00e7\u00e3o da Igreja \u00e9 \u201creconhecida e valorizada\u201d na Constitui\u00e7\u00e3o da Rep\u00fablica e que durante a luta pela Independ\u00eancia \u201cfomentou a resist\u00eancia do povo e legitimou internacionalmente os prop\u00f3sitos da Resist\u00eancia\u201d.<\/span><\/p>\n<p style=\"text-align: justify\"><strong><span style=\"font-size: 12.1599998474121px;line-height: 1.3em\">CNBB com informa\u00e7\u00f5es e foto do News.va<\/span><\/strong><\/p>\n","protected":false},"excerpt":{"rendered":"<p>A comemora\u00e7\u00e3o dos 500 anos de evangeliza\u00e7\u00e3o da Rep\u00fablica Democr\u00e1tica de Timor-Leste ser\u00e1 marcada por acordo das rela\u00e7\u00f5es entre o pa\u00eds lus\u00f3fono e a Santa S\u00e9. A assinatura da \u201cConcorda\u201d acontecer\u00e1 amanh\u00e3, 14 de agosto, com a presen\u00e7a do secret\u00e1rio de Estado do Vaticano, cardeal Pietro Parolin, enviado especial do papa Francisco ao pa\u00eds.\u00a0<\/p>\n","protected":false},"author":83,"featured_media":28751,"comment_status":"open","ping_status":"open","sticky":false,"template":"","format":"standard","meta":{"site-sidebar-layout":"default","site-content-layout":"default","ast-global-header-display":"","ast-banner-title-visibility":"","ast-main-header-display":"","ast-hfb-above-header-display":"","ast-hfb-below-header-display":"","ast-hfb-mobile-header-display":"","site-post-title":"","ast-breadcrumbs-content":"","ast-featured-img":"","footer-sml-layout":"","theme-transparent-header-meta":"","adv-header-id-meta":"","stick-header-meta":"","header-above-stick-meta":"","header-main-stick-meta":"","header-below-stick-meta":""},"categories":[784],"tags":[],"acf":[],"_links":{"self":[{"href":"https:\/\/www.cnbb.org.br\/cnbb-app\/wp\/v2\/posts\/28750"}],"collection":[{"href":"https:\/\/www.cnbb.org.br\/cnbb-app\/wp\/v2\/posts"}],"about":[{"href":"https:\/\/www.cnbb.org.br\/cnbb-app\/wp\/v2\/types\/post"}],"author":[{"embeddable":true,"href":"https:\/\/www.cnbb.org.br\/cnbb-app\/wp\/v2\/users\/83"}],"replies":[{"embeddable":true,"href":"https:\/\/www.cnbb.org.br\/cnbb-app\/wp\/v2\/comments?post=28750"}],"version-history":[{"count":0,"href":"https:\/\/www.cnbb.org.br\/cnbb-app\/wp\/v2\/posts\/28750\/revisions"}],"wp:featuredmedia":[{"embeddable":true,"href":"https:\/\/www.cnbb.org.br\/cnbb-app\/wp\/v2\/media\/28751"}],"wp:attachment":[{"href":"https:\/\/www.cnbb.org.br\/cnbb-app\/wp\/v2\/media?parent=28750"}],"wp:term":[{"taxonomy":"category","embeddable":true,"href":"https:\/\/www.cnbb.org.br\/cnbb-app\/wp\/v2\/categories?post=28750"},{"taxonomy":"post_tag","embeddable":true,"href":"https:\/\/www.cnbb.org.br\/cnbb-app\/wp\/v2\/tags?post=28750"}],"curies":[{"name":"wp","href":"https:\/\/api.w.org\/{rel}","templated":true}]}}