{"id":28773,"date":"2015-09-21T00:00:00","date_gmt":"2015-09-21T03:00:00","guid":{"rendered":"https:\/\/www.cnbb.org.br\/a-vida-autentica-se-vive-no-compromisso-concreto-com-o-proximo-disse-o-papa-em-havana\/"},"modified":"2015-09-21T00:00:00","modified_gmt":"2015-09-21T03:00:00","slug":"a-vida-autentica-se-vive-no-compromisso-concreto-com-o-proximo-disse-o-papa-em-havana","status":"publish","type":"post","link":"https:\/\/www.cnbb.org.br\/a-vida-autentica-se-vive-no-compromisso-concreto-com-o-proximo-disse-o-papa-em-havana\/","title":{"rendered":"\u201cA vida aut\u00eantica se vive no compromisso concreto com o pr\u00f3ximo\u201d, disse o papa em Havana"},"content":{"rendered":"<p style=\"text-align: justify\"><span style=\"font-size: 12.16px;line-height: 15.808px\">Hoje, 21, o papa celebrar\u00e1 missa em Holgu\u00edn, e amanh\u00e3, em Santiago de Cuba<\/span><\/p>\n<p><!--more--><\/p>\n<p style=\"text-align: justify\">Milhares de fi\u00e9is cubanos participaram da missa, no domingo, 20, na Pra\u00e7a da Revolu\u00e7\u00e3o, em Havana. A cerim\u00f4nia, presidida pelo papa Francisco, contou com presen\u00e7a do presidente de Cuba, Ra\u00fal Castro e da presidente argentina Cristina Kirchner.<\/p>\n<p style=\"text-align: justify\">Hoje, 21, o papa celebrar\u00e1 missa em Holgu\u00edn, e no dia 22, em Santiago de Cuba onde tamb\u00e9m\u00a0participar\u00e1 de Encontro com as fam\u00edlias, na Catedral de Nossa Senhora da Assun\u00e7\u00e3o, \u00e0s 11h. \u00a0J\u00e1 na quarta-feira, 23, chegar\u00e1 a\u00a0Washington. Ter\u00e1 encontro com bispos e canonizar\u00e1 o beato Jun\u00edpero Serra. Ainda na programa\u00e7\u00e3o da viagem, o papa far\u00e1 visita ao Congresso dos EUA e se encontrar\u00e1 com sem-abrigo na Par\u00f3quia de S. Patrick.<\/p>\n<h3 style=\"text-align: justify\"><strong>Compromisso crist\u00e3o<\/strong><\/h3>\n<p style=\"text-align: justify\">Em sua homilia na missa celebrada na Pra\u00e7a da Revolu\u00e7\u00e3o, o papa Francisco convidou a todos a\u00a0estarem a\u00a0servi\u00e7o dos mais necessitados\u00a0e\u00a0recordou que a vida aut\u00eantica se vive no compromisso concreto com o pr\u00f3ximo.<\/p>\n<p style=\"text-align: justify\">\u201cO santo povo fiel de Deus, que caminha em Cuba, \u00e9 um povo que ama a festa, a amizade, as coisas belas. \u00c9 um povo que caminha, que canta e louva. \u00c9 um povo que, apesar das feridas que tem como qualquer povo, sabe abrir os bra\u00e7os, caminhar com esperan\u00e7a, porque se sente chamado para a grandeza\u201d, disse Francisco.<\/p>\n<p style=\"text-align: justify\">Confira a homilia na \u00edntegra.<\/p>\n<p style=\"text-align: center\"><strong>Homilia<\/strong><\/p>\n<p style=\"text-align: center\">Santa Missa na Pra\u00e7a da Revolu\u00e7\u00e3o em Havana<\/p>\n<p style=\"text-align: center\">20 de setembro de 2015<\/p>\n<p style=\"text-align: justify\"><img decoding=\"async\" loading=\"lazy\" class=\" alignright size-full wp-image-27121\" style=\"float: right\" src=\"https:\/\/www.cnbb.org.br\/wp-content\/uploads\/2020\/03\/papaemcubah.jpg\" alt=\"\" width=\"300\" height=\"200\" \/>O Evangelho apresenta-nos Jesus fazendo aos seus disc\u00edpulos uma pergunta aparentemente indiscreta: \u00abQue discut\u00edeis pelo caminho?\u00bb (Mc 9, 33). Uma pergunta que Ele nos pode fazer tamb\u00e9m hoje: De que \u00e9 que falais diariamente? Quais s\u00e3o as vossas aspira\u00e7\u00f5es? Eles \u00abficaram em sil\u00eancio \u2013 diz o Evangelho \u2013 porque, no caminho, tinham discutido uns com os outros sobre qual deles era o maior\u00bb. Os disc\u00edpulos tinham vergonha de dizer a Jesus aquilo de que estavam a falar. Nos disc\u00edpulos de ontem, como em n\u00f3s hoje, pode-se encontrar a mesma discuss\u00e3o: Quem \u00e9 o mais importante?<\/p>\n<p style=\"text-align: justify\">Jesus n\u00e3o insiste com a pergunta, n\u00e3o os obriga a dizer-Lhe o assunto de que falavam pelo caminho; e todavia a pergunta permanece, n\u00e3o s\u00f3 na mente, mas tamb\u00e9m no cora\u00e7\u00e3o dos disc\u00edpulos.<\/p>\n<p style=\"text-align: justify\">Quem \u00e9 o mais importante? Uma pergunta que nos acompanhar\u00e1 toda a vida e \u00e0 qual somos chamados a responder nas diferentes fases da exist\u00eancia. N\u00e3o podemos fugir a esta pergunta; est\u00e1 gravada no cora\u00e7\u00e3o. Mais do que uma vez ouvi, em reuni\u00f5es de fam\u00edlia, perguntar aos filhos: De quem gostas mais, do pai ou da m\u00e3e? \u00c9 como se vos perguntassem: Quem \u00e9 mais importante para v\u00f3s? Ser\u00e1 que esta pergunta \u00e9 simplesmente um jogo de crian\u00e7as? A hist\u00f3ria da humanidade est\u00e1 marcada pelo modo como se respondeu a esta pergunta.<\/p>\n<p style=\"text-align: justify\">Jesus n\u00e3o teme as perguntas dos homens; n\u00e3o tem medo da humanidade, nem das v\u00e1rias quest\u00f5es que a mesma coloca. Pelo contr\u00e1rio, Ele conhece os \u00abrec\u00f4nditos\u00bb do cora\u00e7\u00e3o humano e, como bom pedagogo, est\u00e1 sempre disposto a acompanhar-nos. Fiel ao seu estilo, assume os nossos interrogativos, aspira\u00e7\u00f5es, conferindo-lhes um novo horizonte. Fiel ao seu estilo, consegue dar uma resposta capaz de propor novos desafios, descartando \u00abas respostas esperadas\u00bb ou aquilo que aparentemente j\u00e1 estava estabelecido. Fiel ao seu estilo, Jesus sempre prop\u00f5e a l\u00f3gica do amor; uma l\u00f3gica capaz de ser vivida por todos, porque \u00e9 para todos.<\/p>\n<p style=\"text-align: justify\">Longe de qualquer tipo de elitismo, Jesus n\u00e3o prop\u00f5e um horizonte para poucos privilegiados, capazes de chegar ao \u00abconhecimento desejado\u00bb ou a altos n\u00edveis de espiritualidade. O horizonte de Jesus \u00e9 sempre uma proposta para a vida di\u00e1ria, mesmo aqui na \u00abnossa ilha\u00bb; uma proposta que faz com que o dia a dia tenha sempre o sabor da eternidade.<\/p>\n<p style=\"text-align: justify\">Quem \u00e9 o mais importante? Jesus \u00e9 simples na sua resposta: \u00abSe algu\u00e9m quiser ser o primeiro, h\u00e1 de ser o \u00faltimo de todos e o servo de todos\u00bb (Mc 9, 35). Quem quiser ser grande, sirva os outros e n\u00e3o se sirva dos outros.<\/p>\n<p style=\"text-align: justify\">Aqui temos o grande paradoxo de Jesus. Os disc\u00edpulos discutiam sobre quem deveria ocupar o lugar mais importante, quem seria selecionado como o privilegiado, quem seria isento da lei comum, da norma geral, para se p\u00f4r em evid\u00eancia com um desejo de superioridade sobre os demais. Quem subiria mais rapidamente, ocupando os cargos que dariam certas vantagens.<\/p>\n<p style=\"text-align: justify\">Jesus transtorna a sua l\u00f3gica, dizendo-lhes simplesmente que a vida aut\u00eantica se vive no compromisso concreto com o pr\u00f3ximo.<\/p>\n<p style=\"text-align: justify\">O convite ao servi\u00e7o apresenta uma peculiaridade a que devemos estar atentos. Servir significa, em grande parte, cuidar da fragilidade. Cuidar dos fr\u00e1geis das nossas fam\u00edlias, da nossa sociedade, do nosso povo. S\u00e3o os rostos sofredores, indefesos e angustiados que Jesus nos prop\u00f5e olhar e convida concretamente a amar. Amor que se concretiza em a\u00e7\u00f5es e decis\u00f5es. Amor que se manifesta nas diferentes tarefas que somos chamados, como cidad\u00e3os, a realizar. As pessoas de carne e osso, com a sua vida, a sua hist\u00f3ria e especialmente com a sua fragilidade, s\u00e3o aquelas que Jesus nos convida a defender, assistir, servir. Porque ser crist\u00e3o comporta servir a dignidade dos irm\u00e3os, lutar pela dignidade dos irm\u00e3os e viver para a dignifica\u00e7\u00e3o dos irm\u00e3os. Por isso, \u00e0 vista concreta dos mais fr\u00e1geis, o crist\u00e3o \u00e9 sempre convidado a p\u00f4r de lado as suas exig\u00eancias, expectativas, desejos de onipot\u00eancia.<\/p>\n<p style=\"text-align: justify\">H\u00e1 um \u00abservi\u00e7o\u00bb que serve; mas devemos guardar-nos do outro servi\u00e7o, da tenta\u00e7\u00e3o do \u00abservi\u00e7o\u00bb que \u00abse\u00bb serve. H\u00e1 uma forma de exercer o servi\u00e7o cujo interesse \u00e9 beneficiar os \u00abmeus\u00bb, em nome do \u00abnosso\u00bb. Este servi\u00e7o deixa sempre os \u00abteus\u00bb de fora, gerando uma din\u00e2mica de exclus\u00e3o.<\/p>\n<p style=\"text-align: justify\">Todos estamos chamados, por voca\u00e7\u00e3o crist\u00e3, ao servi\u00e7o que serve e a ajudar-nos mutuamente a n\u00e3o cair nas tenta\u00e7\u00f5es do \u00abservi\u00e7o que que se serve\u00bb. Todos somos convidados, encorajados por Jesus a cuidar uns dos outros por amor. E isto sem olhar em redor, para ver o que o vizinho faz ou deixou de fazer. Jesus diz: \u00abSe algu\u00e9m quiser ser o primeiro, h\u00e1-de ser o \u00faltimo de todos e o servo de todos\u00bb (Mc 9, 35). N\u00e3o diz: Se o teu vizinho quiser ser o primeiro, que sirva. Devemos evitar os ju\u00edzos temer\u00e1rios e animar-nos a crer no olhar transformador a que Jesus nos convida.<\/p>\n<p style=\"text-align: justify\">Este cuidar por amor n\u00e3o se reduz a uma atitude de servilismo; simplesmente p\u00f5e, no centro do caso, o irm\u00e3o: o servi\u00e7o fixa sempre o rosto do irm\u00e3o, toca a sua carne, sente a sua proximidade e, em alguns casos, at\u00e9 \u00abpadece\u00bb com ela e procura a sua promo\u00e7\u00e3o. Por isso, o servi\u00e7o nunca \u00e9 ideol\u00f3gico, dado que n\u00e3o servimos a ideias, mas a pessoas.<\/p>\n<p style=\"text-align: justify\">O santo povo fiel de Deus, que caminha em Cuba, \u00e9 um povo que ama a festa, a amizade, as coisas belas. \u00c9 um povo que caminha, que canta e louva. \u00c9 um povo que, apesar das feridas que tem como qualquer povo, sabe abrir os bra\u00e7os, caminhar com esperan\u00e7a, porque se sente chamado para a grandeza. Hoje convido-vos a cuidar desta voca\u00e7\u00e3o, a cuidar destes dons que Deus vos deu, mas sobretudo quero convidar-vos a cuidar e servir, de modo especial, a fragilidade dos vossos irm\u00e3os. N\u00e3o os transcureis por causa de projetos que podem parecer sedutores, mas desinteressam-se do rosto de quem est\u00e1 ao teu lado. N\u00f3s conhecemos, somos testemunhas da \u00abfor\u00e7a impar\u00e1vel\u00bb da ressurrei\u00e7\u00e3o, que \u00abproduz por toda a parte, gerando rebentos de um mundo novo\u00bb (Exort. ap. Evangelii gaudium, 276.278).<\/p>\n<p style=\"text-align: justify\">N\u00e3o nos esque\u00e7amos da Boa Not\u00edcia de hoje: a import\u00e2ncia dum povo, duma na\u00e7\u00e3o, a import\u00e2ncia duma pessoa sempre se baseia no modo como serve a fragilidade dos seus irm\u00e3os. Nisto, encontramos um dos frutos da verdadeira humanidade.<\/p>\n<p style=\"text-align: justify\">\u00abQuem n\u00e3o vive para servir, n\u00e3o serve para viver\u00bb.<\/p>\n<h5 style=\"text-align: justify\">CNBB com informa\u00e7\u00f5es da R\u00e1dio Vaticano.<\/h5>\n","protected":false},"excerpt":{"rendered":"<p>Hoje, 21, o papa celebrar\u00e1 missa em Holgu\u00edn, e amanh\u00e3, em Santiago de Cuba<\/p>\n","protected":false},"author":83,"featured_media":28774,"comment_status":"open","ping_status":"open","sticky":false,"template":"","format":"standard","meta":{"site-sidebar-layout":"default","site-content-layout":"default","ast-global-header-display":"","ast-banner-title-visibility":"","ast-main-header-display":"","ast-hfb-above-header-display":"","ast-hfb-below-header-display":"","ast-hfb-mobile-header-display":"","site-post-title":"","ast-breadcrumbs-content":"","ast-featured-img":"","footer-sml-layout":"","theme-transparent-header-meta":"","adv-header-id-meta":"","stick-header-meta":"","header-above-stick-meta":"","header-main-stick-meta":"","header-below-stick-meta":""},"categories":[784],"tags":[],"acf":[],"_links":{"self":[{"href":"https:\/\/www.cnbb.org.br\/cnbb-app\/wp\/v2\/posts\/28773"}],"collection":[{"href":"https:\/\/www.cnbb.org.br\/cnbb-app\/wp\/v2\/posts"}],"about":[{"href":"https:\/\/www.cnbb.org.br\/cnbb-app\/wp\/v2\/types\/post"}],"author":[{"embeddable":true,"href":"https:\/\/www.cnbb.org.br\/cnbb-app\/wp\/v2\/users\/83"}],"replies":[{"embeddable":true,"href":"https:\/\/www.cnbb.org.br\/cnbb-app\/wp\/v2\/comments?post=28773"}],"version-history":[{"count":0,"href":"https:\/\/www.cnbb.org.br\/cnbb-app\/wp\/v2\/posts\/28773\/revisions"}],"wp:featuredmedia":[{"embeddable":true,"href":"https:\/\/www.cnbb.org.br\/cnbb-app\/wp\/v2\/media\/28774"}],"wp:attachment":[{"href":"https:\/\/www.cnbb.org.br\/cnbb-app\/wp\/v2\/media?parent=28773"}],"wp:term":[{"taxonomy":"category","embeddable":true,"href":"https:\/\/www.cnbb.org.br\/cnbb-app\/wp\/v2\/categories?post=28773"},{"taxonomy":"post_tag","embeddable":true,"href":"https:\/\/www.cnbb.org.br\/cnbb-app\/wp\/v2\/tags?post=28773"}],"curies":[{"name":"wp","href":"https:\/\/api.w.org\/{rel}","templated":true}]}}