{"id":28775,"date":"2015-09-21T00:00:00","date_gmt":"2015-09-21T03:00:00","guid":{"rendered":"https:\/\/www.cnbb.org.br\/em-holguin-papa-francisco-tera-encontro-com-familias\/"},"modified":"2015-09-21T00:00:00","modified_gmt":"2015-09-21T03:00:00","slug":"em-holguin-papa-francisco-tera-encontro-com-familias","status":"publish","type":"post","link":"https:\/\/www.cnbb.org.br\/em-holguin-papa-francisco-tera-encontro-com-familias\/","title":{"rendered":"Na Colina da Cruz, papa Francisco aben\u00e7oar\u00e1 a cidade de Holgu\u00edn"},"content":{"rendered":"<p style=\"text-align: justify\"><span style=\"font-size: 12.16px;line-height: 15.808px\">No in\u00edcio da noite, o pont\u00edfice\u00a0viajar\u00e1 para Santiago de Cuba, iniciando \u00faltima etapa da visita pastoral \u00e0 Cuba<\/span><\/p>\n<p>  <!--more-->  <\/p>\n<p><span style=\"font-size: 12.16px;line-height: 15.808px\"><\/span><\/p>\n<p style=\"text-align: justify\">Pela primeira vez, a diocese de Holgu\u00edn recebeu a presen\u00e7a de um papa. Na manh\u00e3 de hoje, 21 de setembro, Francisco chegou \u00e0 cidade, uma ilha de 1,5 milh\u00f5es de habitantes. A regi\u00e3o \u00e9 considerada ponto de peregrina\u00e7\u00e3o mariana. \u00a0Em 1612, no mar da baia do Nipe, foi encontrada a imagem de Nossa Senhora da Caridade do Cobre, declarada padroeira do pa\u00eds.<\/p>\n<p style=\"text-align: justify\">Na diocese, o papa Francisco presidiu missa na Pra\u00e7a da Revolu\u00e7\u00e3o, onde foi acolhido pelos peregrinos. Seguindo a programa\u00e7\u00e3o do dia, seguir\u00e1 para a casa episcopal da cidade para o almo\u00e7o e, na parte da tarde, ir\u00e1 \u00e0 \u201cColina da Cruz\u201d.<\/p>\n<p style=\"text-align: justify\">O local est\u00e1 em 261 metros de altitude e \u00a0recebe diariamente fi\u00e9is peregrinos. Da colina, de onde Francisco far\u00e1 uma ora\u00e7\u00e3o e aben\u00e7oar\u00e1 toda a cidade de Holgu\u00edn, \u00e9 poss\u00edvel ter vis\u00e3o de toda a regi\u00e3o.<\/p>\n<p style=\"text-align: justify\">No in\u00edcio da noite, o papa viajar\u00e1 para Santiago de Cuba, iniciando a terceira e \u00faltima etapa da visita pastoral a Cuba.<\/p>\n<p style=\"text-align: justify\"><strong>Encontro com jovens<\/strong><\/p>\n<p style=\"text-align: justify\">Em Havana, o papa Francisco encontrou-se com jovens no final da tarde do domingo, 20, no Centro Cultural Padre F\u00e9lix Varela. Na ocasi\u00e3o, falou sobre a import\u00e2ncia do sonhar. \u201cA objetividade da vida, deve entrar a capacidade de sonhar. E um jovem que n\u00e3o \u00e9 capaz de sonhar, est\u00e1 encerrado em si mesmo, est\u00e1 fechado em si mesmo. (&#8230;) N\u00e3o vos esque\u00e7ais: sonhai! (&#8230;). E contem os vossos sonhos. Contai, falai das coisas grandes que desejais, porque quanto maior for a capacid<img decoding=\"async\" loading=\"lazy\" class=\" alignright size-full wp-image-27126\" style=\"float: right\" src=\"https:\/\/www.cnbb.org.br\/wp-content\/uploads\/2020\/03\/papacubah.jpg\" alt=\"\" width=\"250\" height=\"333\" \/>ade de sonhar, mesmo que a vida te deixe a metade do caminho, mais caminho ter\u00e1s percorrido. Ent\u00e3o, em primeiro lugar, sonhar\u201d, afirmou Francisco.<\/p>\n<p style=\"text-align: justify\">O papa tamb\u00e9m pediu aos jovens para que saibam acolher e aceitar quem pensa de modo diferente. \u201cRealmente, \u00e0s vezes, estamos fechados. Encerramo-nos no nosso pequeno mundo: \u2018Ou ele \u00e9 como que eu quero que seja, ou n\u00e3o \u00e9 nada\u2019. E tu foste ainda mais longe: n\u00e3o nos fechemos nos cub\u00edculos das ideologias ou nos cub\u00edculos das religi\u00f5es. Oxal\u00e1 possamos crescer contra os individualismos\u201d, acrescentou. \u00a0<\/p>\n<p style=\"text-align: justify\">Ainda a este respeito, Francisco falou sobre ter cora\u00e7\u00f5es e mentes abertas. \u201cSe tu pensas diferente de mim, por que n\u00e3o havemos de falar? Por que fixar sempre o dedo sobre aquilo que nos separa, sobre aquilo em que somos diferentes? Por que n\u00e3o nos damos a m\u00e3o naquilo que temos em comum? Tenhamos a coragem de falar do que temos em comum. E, depois podemos falar das coisas que temos diferentes ou pensamos de modo diferente\u201d, disse.\u00a0<\/p>\n<p style=\"text-align: justify\">Ao final, tratou da esperan\u00e7a, a cultura do descarte e da cultura do encontro. O discurso pode ser conferido, na \u00edntegra, no site do Vaticano: www.vatican.va\u00a0<\/p>\n<p style=\"text-align: justify\"><strong>Aos consagrados\u00a0<\/strong><\/p>\n<p style=\"text-align: justify\">Em encontro com os sacerdotes, consagrados e religiosos, no domingo, 20, na Catedral de Havana, o papa Francisco foi acolhido pelo a arcebispo de Havana, cardeal Ortega y Alamino, que falou v\u00e1rias vezes sobre a \u201cpobreza\u201d.<\/p>\n<p style=\"text-align: justify\">Ao ouvir os apelos do cardeal Ortega, o papa deixou a homilia preparada e pronunciou-se espontaneamente. Em sua reflex\u00e3o, o papa recordou que a pobreza \u00e9 uma palavra \u201cmuito inc\u00f4moda\u201d, pois \u00e9 contr\u00e1ria a estrutura cultural do mundo moderno.\u00a0<\/p>\n<p style=\"text-align: justify\">\u201cO esp\u00edrito mundano n\u00e3o a conhece, n\u00e3o a quer, a esconde, n\u00e3o por pudor, mas por desprezo. E se tem que pecar e ofender a Deus para que n\u00e3o chegue a pobreza, o faz. O esp\u00edrito do mundo n\u00e3o ama o caminho do Filho de Deus, que se fez pobre, se fez nada, se humilhou para ser um de n\u00f3s\u201d, pontou o pont\u00edfice.\u00a0<\/p>\n<h5 style=\"text-align: justify\">CNBB com informa\u00e7\u00f5es e fotos da R\u00e1dio Vaticano.\u00a0<\/h5>\n<p style=\"text-align: justify\">\u00a0<\/p>\n<p style=\"text-align: justify\">\u00a0<\/p>\n<p>\u00a0<\/p>\n<p style=\"text-align: justify\">\u00a0<\/p>\n<p style=\"text-align: justify\">\u00a0<\/p>\n<p style=\"text-align: justify\">\u00a0<\/p>\n<h5 style=\"text-align: justify\">\u00a0<\/h5>\n<p>\u00a0<\/p>\n","protected":false},"excerpt":{"rendered":"<p>No in\u00edcio da noite, o pont\u00edfice\u00a0viajar\u00e1 para Santiago de Cuba, iniciando \u00faltima etapa da visita pastoral \u00e0 Cuba<\/p>\n","protected":false},"author":83,"featured_media":28776,"comment_status":"open","ping_status":"open","sticky":false,"template":"","format":"standard","meta":{"site-sidebar-layout":"default","site-content-layout":"default","ast-global-header-display":"","ast-banner-title-visibility":"","ast-main-header-display":"","ast-hfb-above-header-display":"","ast-hfb-below-header-display":"","ast-hfb-mobile-header-display":"","site-post-title":"","ast-breadcrumbs-content":"","ast-featured-img":"","footer-sml-layout":"","theme-transparent-header-meta":"","adv-header-id-meta":"","stick-header-meta":"","header-above-stick-meta":"","header-main-stick-meta":"","header-below-stick-meta":""},"categories":[784],"tags":[],"acf":[],"_links":{"self":[{"href":"https:\/\/www.cnbb.org.br\/cnbb-app\/wp\/v2\/posts\/28775"}],"collection":[{"href":"https:\/\/www.cnbb.org.br\/cnbb-app\/wp\/v2\/posts"}],"about":[{"href":"https:\/\/www.cnbb.org.br\/cnbb-app\/wp\/v2\/types\/post"}],"author":[{"embeddable":true,"href":"https:\/\/www.cnbb.org.br\/cnbb-app\/wp\/v2\/users\/83"}],"replies":[{"embeddable":true,"href":"https:\/\/www.cnbb.org.br\/cnbb-app\/wp\/v2\/comments?post=28775"}],"version-history":[{"count":0,"href":"https:\/\/www.cnbb.org.br\/cnbb-app\/wp\/v2\/posts\/28775\/revisions"}],"wp:featuredmedia":[{"embeddable":true,"href":"https:\/\/www.cnbb.org.br\/cnbb-app\/wp\/v2\/media\/28776"}],"wp:attachment":[{"href":"https:\/\/www.cnbb.org.br\/cnbb-app\/wp\/v2\/media?parent=28775"}],"wp:term":[{"taxonomy":"category","embeddable":true,"href":"https:\/\/www.cnbb.org.br\/cnbb-app\/wp\/v2\/categories?post=28775"},{"taxonomy":"post_tag","embeddable":true,"href":"https:\/\/www.cnbb.org.br\/cnbb-app\/wp\/v2\/tags?post=28775"}],"curies":[{"name":"wp","href":"https:\/\/api.w.org\/{rel}","templated":true}]}}