{"id":28781,"date":"2015-09-24T00:00:00","date_gmt":"2015-09-24T03:00:00","guid":{"rendered":"https:\/\/www.cnbb.org.br\/papa-francisco-canoniza-o-beato-junipero-serra\/"},"modified":"2015-09-24T00:00:00","modified_gmt":"2015-09-24T03:00:00","slug":"papa-francisco-canoniza-o-beato-junipero-serra","status":"publish","type":"post","link":"https:\/\/www.cnbb.org.br\/papa-francisco-canoniza-o-beato-junipero-serra\/","title":{"rendered":"Papa Francisco canoniza o beato Jun\u00edpero Serra"},"content":{"rendered":"<p style=\"text-align: justify\">O novo santo \u00e9 considerado\u00a0<span style=\"font-size: 12.16px;line-height: 15.808px\">ap\u00f3stolo da Calif\u00f3rnia, com vida dedicada \u00e0 miss\u00e3o<\/span><\/p>\n<p><!--more--><\/p>\n<p style=\"text-align: justify\">\u201cJun\u00edpero procurou defender a dignidade da comunidade nativa, protegendo-a de todos aqueles que abusaram dela; abusos que hoje continuam a encher-nos de pesar, especialmente pela dor que provocam na vida de tantas pessoas\u201d, disse o papa Francisco na missa de canoniza\u00e7\u00e3o do beato franciscano.<\/p>\n<p style=\"text-align: justify\">A cerim\u00f4nia foi realizada na quarta-feira, 23, no Santu\u00e1rio Nacional da Imaculada Concei\u00e7\u00e3o, em Washington. O beato, ap\u00f3stolo da Calif\u00f3rnia, nasceu em 1713, em Maiorca (Espanha). Viveu na cidade natal at\u00e9 os 35 anos. Depois, foi o para o M\u00e9xico, onde iniciou diversas miss\u00f5es. Faleceu durante atividade mission\u00e1ria de S\u00e3o Carlos Borromeo, nos EUA.<\/p>\n<p style=\"text-align: justify\">Durante a trajet\u00f3ria apost\u00f3lica, frei Jun\u00edpero dedicou-se \u00e0s atividades pastorais. Teve como lema de vida \u201cSempre em frente e nunca para tr\u00e1s\u201d. Destacou-se pela humildade e simplicidade franciscana.<\/p>\n<p style=\"text-align: justify\">\u201cTeve a coragem de abrir sendas, soube ir ao encontro de muitos aprendendo a respeitar os seus costumes e as suas caracter\u00edsticas\u201d, relatou o papa sobre o novo santo.<\/p>\n<p style=\"text-align: justify\"><strong>Confira a \u00edntegra da homilia.<\/strong><\/p>\n<p style=\"text-align: center\"><em>Homilia<\/em><\/p>\n<p style=\"text-align: center\"><em>Santa Missa e Canoniza\u00e7\u00e3o do Beato Junipero Serra<\/em><\/p>\n<p style=\"text-align: center\"><em>Santu\u00e1rio Nacional da Imaculada Concei\u00e7\u00e3o<\/em><\/p>\n<p style=\"text-align: center\"><em>Washington D.C<\/em><\/p>\n<p style=\"text-align: center\"><em>23 de setembro de 2015<\/em><\/p>\n<p style=\"text-align: justify\">\u201cAlegrai-vos sempre no Senhor! De novo o digo: alegrai-vos!\u201d (Flp 4, 4). Um convite que toca fortemente a nossa vida. Alegrai-vos \u2013 diz-nos S\u00e3o Paulo, com a for\u00e7a quase duma ordem. Um convite no qual ecoa o desejo de que todos experimentemos uma vida plena, uma vida que tenha sentido, uma vida jubilosa. \u00c9 como se Paulo tivesse a capacidade de ouvir cada um dos nossos cora\u00e7\u00f5es e desse voz \u00e0quilo que sentimos, \u00e0quilo que vivemos. H\u00e1 algo dentro de n\u00f3s que nos convida \u00e0 alegria, n\u00e3o nos contentando com paliativos que procuram simplesmente tranquilizar-nos.<\/p>\n<p style=\"text-align: justify\">Mas, por outro lado, vivemos as tens\u00f5es da vida di\u00e1ria. Muitas s\u00e3o as situa\u00e7\u00f5es que parecem p\u00f4r em d\u00favida este convite. A din\u00e2mica, a que muitas vezes estamos sujeitos, parece levar-nos a uma resigna\u00e7\u00e3o triste que pouco a pouco se vai transformando num h\u00e1bito com uma consequ\u00eancia letal: anestesiar o cora\u00e7\u00e3o.<\/p>\n<p style=\"text-align: justify\">N\u00e3o queremos que a resigna\u00e7\u00e3o seja o motor da nossa vida; ou ser\u00e1 que queremos? N\u00e3o queremos que a rotina se apodere da nossa vida; ou sim? Por isso podemos questionar-nos: como proceder para que n\u00e3o se anestesie o nosso cora\u00e7\u00e3o? Como aprofundar a alegria do Evangelho nas v\u00e1rias situa\u00e7\u00f5es da nossa vida?<\/p>\n<p style=\"text-align: justify\">Jesus disse aos disc\u00edpulos de ent\u00e3o e repete-o a n\u00f3s hoje: Ide! Anunciai! A alegria do Evangelho s\u00f3 se experimenta, conhece e vive, dando-a, dando-se.<\/p>\n<p>O esp\u00edrito do mundo convida-nos ao conformismo, \u00e0 comodidade. Perante este esp\u00edrito mundano \u201c\u00e9 necess\u00e1rio voltar a sentir que precisamos uns dos outros, que temos uma responsabilidade para com os outros e o mundo\u201d (Enc. Laudato si\u2019, 229); a responsabilidade de anunciar a mensagem de Jesus. Porque a fonte da nossa alegria situa-se naquele \u201cdesejo inexaur\u00edvel de oferecer miseric\u00f3rdia, fruto de ter experimentado a miseric\u00f3rdia infinita do Pai e a sua for\u00e7a difusiva\u201d (Exort. ap. Evangelii gaudium, 24). Ide ter com todos, a fim de anunciar ungindo e ungir anunciando. A isto mesmo, nos convida hoje o Senhor dizendo:<\/p>\n<p style=\"text-align: justify\">A alegria, o crist\u00e3o experimenta-a na miss\u00e3o: ide ter com os povos de todas as na\u00e7\u00f5es.<\/p>\n<p style=\"text-align: justify\">A alegria, o crist\u00e3o encontra-a num convite: ide e anunciai.<\/p>\n<p style=\"text-align: justify\">A alegria, o crist\u00e3o renova-a e actualiza-a com uma voca\u00e7\u00e3o: ide e ungi.<\/p>\n<p style=\"text-align: justify\">Jesus envia-vos a todas as na\u00e7\u00f5es, a todos os povos. E, neste \u00abtodos\u00bb de h\u00e1 dois mil anos, est\u00e1vamos inclu\u00eddos tamb\u00e9m n\u00f3s. Jesus n\u00e3o d\u00e1 uma lista seletiva com aqueles a quem se deve ir e a quem n\u00e3o ir, com aqueles que s\u00e3o dignos, ou n\u00e3o, de receber a sua mensagem, a sua presen\u00e7a. Pelo contr\u00e1rio, abra\u00e7ou sempre a vida como esta Lhe aparecia: com cara de tristeza, fome, doen\u00e7a, pecado; com cara de ferimentos, sede, cansa\u00e7o; com cara de d\u00favidas e de fazer piedade. Longe de esperar uma vida embelezada, decorada, maquiada, abra\u00e7ou-a como a encontrava; mesmo que fosse uma vida que muitas vezes se apresentava arruinada, suja, destro\u00e7ada. A todos \u2013 disse Jesus \u2013, ide e anunciai; a toda esta vida, tal como \u00e9 e n\u00e3o como gostar\u00edamos que fosse: ide e abra\u00e7ai no meu nome. Ide pelas encruzilhadas dos caminhos, ide\u2026 anunciar, sem medo, sem preconceitos, sem superioridade nem purismos; a todos aqueles que perderam a alegria de viver, ide anunciar o abra\u00e7o misericordioso do Pai. Ide ter com aqueles que vivem com o peso da tristeza, do fracasso, da sensa\u00e7\u00e3o duma vida destro\u00e7ada, e anunciai a loucura dum Pai que procura ungi-los com o \u00f3leo da esperan\u00e7a, da salva\u00e7\u00e3o. Ide anunciar que os erros, as ilus\u00f5es enganadoras, as incompreens\u00f5es n\u00e3o t\u00eam a \u00faltima palavra na vida duma pessoa. Ide com o \u00f3leo que cura as feridas e restabelece o cora\u00e7\u00e3o.<\/p>\n<p style=\"text-align: justify\">A miss\u00e3o nunca nasce dum projeto perfeitamente elaborado ou dum manual bem estruturado e programado; a miss\u00e3o nasce sempre duma vida que se sentiu procurada e curada, encontrada e perdoada. A miss\u00e3o nasce de se fazer uma, duas e mais vezes a experi\u00eancia da un\u00e7\u00e3o misericordiosa de Deus.<\/p>\n<p style=\"text-align: justify\">A Igreja, o povo santo de Deus, sabe percorrer as estradas poeirentas da hist\u00f3ria, frequentemente permeadas por conflitos, injusti\u00e7as, viol\u00eancia, para ir encontrar os seus filhos e irm\u00e3os. O santo povo fiel de Deus n\u00e3o teme o erro; teme o fechamento, a cristaliza\u00e7\u00e3o em elite, o agarrar-se \u00e0s pr\u00f3prias seguran\u00e7as. Sabe que o fechamento, nas suas m\u00faltiplas formas, \u00e9 a causa de tantas resigna\u00e7\u00f5es.<\/p>\n<p style=\"text-align: justify\">Por isso saiamos, vamos oferecer a todos a vida de Jesus Cristo (cf. Exort. ap. Evangelii gaudium, 49). O povo de Deus sabe envolver-se, porque \u00e9 disc\u00edpulo d\u2019Aquele que Se ajoelhou diante dos seus, para lhes lavar os p\u00e9s (cf. ibid., 24).<\/p>\n<p style=\"text-align: justify\">Hoje encontramo-nos aqui, porque houve muitos que tiveram a coragem de responder a esta chamada; muitos que acreditaram que \u00abna doa\u00e7\u00e3o a vida se fortalece, e se enfraquece no comodismo e no isolamento\u00bb (Documento de Aparecida, 360). Somos filhos da ousadia mission\u00e1ria de muitos que preferiram n\u00e3o se fechar \u00abnas estruturas que nos d\u00e3o uma falsa prote\u00e7\u00e3o (\u2026), nos h\u00e1bitos em que nos sentimos tranquilos, enquanto l\u00e1 fora h\u00e1 uma multid\u00e3o faminta\u00bb (Exort. ap. Evangelii gaudium, 49). Somos devedores duma Tradi\u00e7\u00e3o, duma cadeia de testemunhas que tornaram poss\u00edvel que a Boa Nova do Evangelho continue a ser, de gera\u00e7\u00e3o em gera\u00e7\u00e3o, Nova e Boa.<\/p>\n<p style=\"text-align: justify\">E hoje recordamos uma daquelas testemunhas que souberam testemunhar nestas terras a alegria do Evangelho: Padre Jun\u00edpero Serra. Soube viver aquilo que \u00e9 \u201ca Igreja em sa\u00edda\u201d, esta Igreja que sabe sair e ir pelas estradas, para partilhar a ternura reconciliadora de Deus. Soube deixar a sua terra, os seus costumes, teve a coragem de abrir sendas, soube ir ao encontro de muitos aprendendo a respeitar os seus costumes e as suas caracter\u00edsticas.<\/p>\n<p style=\"text-align: justify\">Aprendeu a gerar e acompanhar a vida de Deus nos rostos daqueles que encontrava, tornando-os seus irm\u00e3os. Jun\u00edpero procurou defender a dignidade da comunidade nativa, protegendo-a de todos aqueles que abusaram dela; abusos que hoje continuam a encher-nos de pesar, especialmente pela dor que provocam na vida de tantas pessoas.<\/p>\n<p style=\"text-align: justify\">Escolheu um lema que inspirou os seus passos e plasmou a sua vida: \u201cSempre avante\u201d. Soube-o dizer, mas sobretudo viver. Esta foi a maneira que Jun\u00edpero encontrou para viver a alegria do Evangelho, para que n\u00e3o se anestesiasse o seu cora\u00e7\u00e3o. Foi sempre avante, porque o Senhor espera; sempre avante, porque o irm\u00e3o espera; sempre avante por tudo aquilo que ainda tinha para viver; foi sempre avante. Como ele ent\u00e3o, possamos tamb\u00e9m n\u00f3s hoje dizer: sempre avante.<\/p>\n<h5 style=\"text-align: justify\">CNBB com informa\u00e7\u00f5es do News va e imagem do CTV.<\/h5>\n","protected":false},"excerpt":{"rendered":"<p>O novo santo \u00e9 considerado\u00a0ap\u00f3stolo da Calif\u00f3rnia, com vida dedicada \u00e0 miss\u00e3o<\/p>\n","protected":false},"author":83,"featured_media":28782,"comment_status":"open","ping_status":"open","sticky":false,"template":"","format":"standard","meta":{"site-sidebar-layout":"default","site-content-layout":"default","ast-global-header-display":"","ast-banner-title-visibility":"","ast-main-header-display":"","ast-hfb-above-header-display":"","ast-hfb-below-header-display":"","ast-hfb-mobile-header-display":"","site-post-title":"","ast-breadcrumbs-content":"","ast-featured-img":"","footer-sml-layout":"","theme-transparent-header-meta":"","adv-header-id-meta":"","stick-header-meta":"","header-above-stick-meta":"","header-main-stick-meta":"","header-below-stick-meta":""},"categories":[784],"tags":[],"acf":[],"_links":{"self":[{"href":"https:\/\/www.cnbb.org.br\/cnbb-app\/wp\/v2\/posts\/28781"}],"collection":[{"href":"https:\/\/www.cnbb.org.br\/cnbb-app\/wp\/v2\/posts"}],"about":[{"href":"https:\/\/www.cnbb.org.br\/cnbb-app\/wp\/v2\/types\/post"}],"author":[{"embeddable":true,"href":"https:\/\/www.cnbb.org.br\/cnbb-app\/wp\/v2\/users\/83"}],"replies":[{"embeddable":true,"href":"https:\/\/www.cnbb.org.br\/cnbb-app\/wp\/v2\/comments?post=28781"}],"version-history":[{"count":0,"href":"https:\/\/www.cnbb.org.br\/cnbb-app\/wp\/v2\/posts\/28781\/revisions"}],"wp:featuredmedia":[{"embeddable":true,"href":"https:\/\/www.cnbb.org.br\/cnbb-app\/wp\/v2\/media\/28782"}],"wp:attachment":[{"href":"https:\/\/www.cnbb.org.br\/cnbb-app\/wp\/v2\/media?parent=28781"}],"wp:term":[{"taxonomy":"category","embeddable":true,"href":"https:\/\/www.cnbb.org.br\/cnbb-app\/wp\/v2\/categories?post=28781"},{"taxonomy":"post_tag","embeddable":true,"href":"https:\/\/www.cnbb.org.br\/cnbb-app\/wp\/v2\/tags?post=28781"}],"curies":[{"name":"wp","href":"https:\/\/api.w.org\/{rel}","templated":true}]}}