{"id":28789,"date":"2015-10-05T00:00:00","date_gmt":"2015-10-05T03:00:00","guid":{"rendered":"https:\/\/www.cnbb.org.br\/o-sinodo-e-um-espaco-da-acao-do-espirito-santo-disse-o-papa-francisco-na-abertura-da-assembleia-sinodal\/"},"modified":"2015-10-05T00:00:00","modified_gmt":"2015-10-05T03:00:00","slug":"o-sinodo-e-um-espaco-da-acao-do-espirito-santo-disse-o-papa-francisco-na-abertura-da-assembleia-sinodal","status":"publish","type":"post","link":"https:\/\/www.cnbb.org.br\/o-sinodo-e-um-espaco-da-acao-do-espirito-santo-disse-o-papa-francisco-na-abertura-da-assembleia-sinodal\/","title":{"rendered":"\u00a0\u201cO S\u00ednodo \u00e9 um espa\u00e7o da a\u00e7\u00e3o do Esp\u00edrito Santo\u201d, disse o papa Francisco na abertura da Assembleia Sinodal\u00a0"},"content":{"rendered":"<p style=\"text-align: justify\"><span style=\"font-size: 12.16px;line-height: 15.808px\">A reuni\u00e3o\u00a0conta com a participa\u00e7\u00e3o de 270 padres sinodais, provenientes dos cinco continentes<\/span><\/p>\n<p><!--more--><\/p>\n<p style=\"text-align: justify\">\u201cO S\u00ednodo \u00e9 uma express\u00e3o eclesial, isto \u00e9, a Igreja que caminha unida para ler a realidade com os olhos da f\u00e9 e com o cora\u00e7\u00e3o de Deus. O S\u00ednodo se move necessariamente no seio da Igreja e dentro do santo povo de Deus, do qual n\u00f3s fazemos parte na qualidade de pastores, ou seja, de servidores. Al\u00e9m disso, o S\u00ednodo \u00e9 um espa\u00e7o protegido onde a Igreja experimenta a a\u00e7\u00e3o do Esp\u00edrito Santo\u201d, disse o papa Francisco, na abertura do segundo dia dos trabalhos sinodais, na manh\u00e3 de hoje, 5.<\/p>\n<p style=\"text-align: justify\">A 14\u00aa Assembleia Ordin\u00e1rio do S\u00ednodo dos Bispos sobre a Fam\u00edlia iniciou no domingo, 4, no Vaticano. Com o tema \u201cA voca\u00e7\u00e3o e a miss\u00e3o da fam\u00edlia na Igreja e no mundo contempor\u00e2neo\u201d, a reuni\u00e3o prosseguir\u00e1 at\u00e9 o dia 25 de outubro.<\/p>\n<p style=\"text-align: justify\">A Assembleia conta com a participa\u00e7\u00e3o de 270 padres sinodais, provenientes dos cinco continentes, assim divididos: 54 da \u00c1frica, 64 da Am\u00e9rica, 36 da \u00c1sia, 107 da Europa e 9 da Oceania. Colaboram com os trabalhos 24 especialistas, 51 auditores e auditoras e 14 delegados fraternos. Al\u00e9m disso, 18 casais est\u00e3o presentes na Assembleia Sinodal.<\/p>\n<p style=\"text-align: justify\"><strong>Ora\u00e7\u00e3o e trabalho<\/strong><\/p>\n<p style=\"text-align: justify\">Ap\u00f3s rezarem a hora m\u00e9dia, o presidente-delegado, cardeal Vingt-Trois, saudou os participantes do S\u00ednodo. Na sequ\u00eancia, o papa Francisco acolheu os padres sinodais e colaboradores da Assembleia Sinodal. Ele recordou que o S\u00ednodo n\u00e3o \u00e9 um congresso ou um parlat\u00f3rio, n\u00e3o \u00e9 um parlamento nem um senado. \u201cMas \u00e9 um caminhar juntos, com o esp\u00edrito de colegialidade e de sinodalidade, adotando corajosamente a parresia, o zelo pastoral e doutrinal, a sabedoria, a franqueza e colocando sempre diante dos olhos o bem da Igreja, das fam\u00edlias\u201d, pontuou o papa.<\/p>\n<p style=\"text-align: justify\">Para Francisco, o S\u00ednodo s\u00f3 poder\u00e1 ser um espa\u00e7o da a\u00e7\u00e3o do Esp\u00edrito Santo se os participantes se revestirem de coragem apost\u00f3lica, de humildade evang\u00e9lica e de ora\u00e7\u00e3o confiante.<\/p>\n<p style=\"text-align: justify\">\u201cA coragem apost\u00f3lica que n\u00e3o se deixa intimidar nem diante das sedu\u00e7\u00f5es do mundo, que tendem a apagar do cora\u00e7\u00e3o dos homens a luz da verdade, substituindo-a com pequenas e tempor\u00e1rias luzes; a humildade evang\u00e9lica que sabe esvaziar-se das pr\u00f3prias convic\u00e7\u00f5es e preconceitos para ouvir os nossos irm\u00e3os; humildade que leva a apontar o dedo n\u00e3o contra os outros para julg\u00e1-los, mas para estender a m\u00e3o, para ergu\u00ea-los sem jamais se sentir superiores a eles\u201d.<\/p>\n<p style=\"text-align: justify\">Ao final do discurso, o papa recordou que \u201csem ouvir Deus, todas as palavras ser\u00e3o somente palavras que n\u00e3o saciam nem servem. Sem deixar-se guiar pelo Esp\u00edrito, todas as nossas decis\u00f5es ser\u00e3o somente decora\u00e7\u00f5es que, ao inv\u00e9s de exaltar o Evangelho, o cobrem e o escondem\u201d.<\/p>\n<p style=\"text-align: justify\"><img decoding=\"async\" loading=\"lazy\" class=\" alignright size-full wp-image-27291\" style=\"float: right\" src=\"https:\/\/www.cnbb.org.br\/wp-content\/uploads\/2020\/03\/sinodo102015.jpg\" alt=\"\" width=\"449\" height=\"296\" \/>Em coletiva de imprensa, o secret\u00e1rio-geral do S\u00ednodo dos Bispos, cardeal Lorenzo Baldisseri, disse que, durante os trabalhos da Assembleia, ser\u00e1 mantido o crit\u00e9rio j\u00e1 expresso pelo papa Francisco.\u00a0\u201cO S\u00ednodo deve ser um espa\u00e7o protegido para que o Esp\u00edrito Santo possa agir; de modo que os padres sinodais tenham a liberdade de se expressarem com coragem&#8221;, explicou.<\/p>\n<p style=\"text-align: justify\">Informa\u00e7\u00f5es est\u00e3o dispon\u00edveis\u00a0no portal da Assembleia Sinodal no endere\u00e7o synod15.vatican.va. Diariamente haver\u00e1 coletiva de imprensa com padres sinodais. Siga tamb\u00e9m pelo Twitter da Sala de Imprensa da Santa S\u00e9 &#8211; @HolySeePress e not\u00edcias pela hashtag #Synod15.<\/p>\n<p style=\"text-align: justify\"><strong>Participantes do Brasil<\/strong><\/p>\n<p style=\"text-align: justify\">O pa\u00eds est\u00e1 representado pelo arcebispo de Aparecida (SP) e presidente-delegado do S\u00ednodo, cardeal Raymundo Damasceno Assis. Entre os delegados escolhidos pela Confer\u00eancia Nacional dos Bispos do Brasil (CNBB) e confirmados pelo papa est\u00e3o o arcebispo de Bras\u00edlia (DF) e presidente da Confer\u00eancia, dom Sergio da Rocha; o bispo de Cama\u00e7ari (BA), dom Jo\u00e3o Carlos Petrini; o arcebispo de Mariana (MG), dom Geraldo Lyrio Rocha, e o arcebispo de S\u00e3o Paulo (SP), cardeal Odilo Pedro Scherer.<\/p>\n<p style=\"text-align: justify\">O cardeal brasileiro Jo\u00e3o Braz de Aviz tamb\u00e9m participa da Assembleia Sinodal por ser o prefeito da Congrega\u00e7\u00e3o para os Institutos de Vida Consagrada e as Sociedades de Vida Apost\u00f3lica, um dos dicast\u00e9rios da C\u00faria Romana. Pela nomea\u00e7\u00e3o pontif\u00edcia, est\u00e1 o arcebispo de Manaus (AM), dom S\u00e9rgio Eduardo Castriani.<\/p>\n<p style=\"text-align: justify\">Outros brasileiros participam do S\u00ednodo:o o professor em\u00e9rito de Teologia Moral e \u00c9tica no Instituto Teol\u00f3gico Franciscano de Petr\u00f3polis (RJ), padre Antonio Moser, que colabora na secretaria especial; os professores Ketty Abaroa de Rezende e doutor Pedro de Jussieu Rezende, da Universidade Estadual de Campinas (SP) e que est\u00e3o envolvidos em trabalhos pastorais sobre os desafios da fam\u00edlia, como auditores; \u00a0Tiago Gurgel do Vale, como assistente.<\/p>\n<p style=\"text-align: justify\">O pastor luterano Walter Altmann, tamb\u00e9m presente no S\u00ednodo, est\u00e1 entre os delegados fraternos representando o Conselho Mundial de Igrejas (CMI), no qual\u00a0atuou como mediador.<\/p>\n<p style=\"text-align: justify\"><strong>Documento final<\/strong><\/p>\n<p style=\"text-align: justify\">A Comiss\u00e3o para a Elabora\u00e7\u00e3o do Relat\u00f3rio Final nomeada pelo papa Francisco \u00e9 composta por representantes dos cinco continentes: cardeal P\u00e9ter Erdo, arcebispo de Esztergom-Budapeste (Hungria); dom Bruno Forte, arcebispo de Chieti-Vasto (It\u00e1lia); cardeal Oswald Gracias, arcebispo de Bombaim (\u00cdndia); cardeal Donald William Wuerl, arcebispo de Washington (EUA); dom John Atcherley Dew, arcebispo de Wellington (Nova Zel\u00e2ndia); o arcebispo Victor Manuel Fern\u00e1ndez, reitor da Pontif\u00edcia Universidade Cat\u00f3lica Argentina (argentina); dom Mathieu Madega Lebouakehan, bispo de Mouila (Gab\u00e3o); dom Marcello Semeraro, bispo de Albano (It\u00e1lia); padre Adolfo Nicol\u00e1s Pach\u00f3n, S.I., prop\u00f3sito Geral da Companhia de Jesus, representando a Uni\u00e3o dos Superiores Gerais.<\/p>\n<h5 style=\"text-align: justify\">CNBB com informa\u00e7\u00f5es da R\u00e1dio Vaticano.<\/h5>\n","protected":false},"excerpt":{"rendered":"<p>A reuni\u00e3o\u00a0conta com a participa\u00e7\u00e3o de 270 padres sinodais, provenientes dos cinco continentes<\/p>\n","protected":false},"author":83,"featured_media":28790,"comment_status":"open","ping_status":"open","sticky":false,"template":"","format":"standard","meta":{"site-sidebar-layout":"default","site-content-layout":"default","ast-global-header-display":"","ast-banner-title-visibility":"","ast-main-header-display":"","ast-hfb-above-header-display":"","ast-hfb-below-header-display":"","ast-hfb-mobile-header-display":"","site-post-title":"","ast-breadcrumbs-content":"","ast-featured-img":"","footer-sml-layout":"","theme-transparent-header-meta":"","adv-header-id-meta":"","stick-header-meta":"","header-above-stick-meta":"","header-main-stick-meta":"","header-below-stick-meta":""},"categories":[784],"tags":[],"acf":[],"_links":{"self":[{"href":"https:\/\/www.cnbb.org.br\/cnbb-app\/wp\/v2\/posts\/28789"}],"collection":[{"href":"https:\/\/www.cnbb.org.br\/cnbb-app\/wp\/v2\/posts"}],"about":[{"href":"https:\/\/www.cnbb.org.br\/cnbb-app\/wp\/v2\/types\/post"}],"author":[{"embeddable":true,"href":"https:\/\/www.cnbb.org.br\/cnbb-app\/wp\/v2\/users\/83"}],"replies":[{"embeddable":true,"href":"https:\/\/www.cnbb.org.br\/cnbb-app\/wp\/v2\/comments?post=28789"}],"version-history":[{"count":0,"href":"https:\/\/www.cnbb.org.br\/cnbb-app\/wp\/v2\/posts\/28789\/revisions"}],"wp:featuredmedia":[{"embeddable":true,"href":"https:\/\/www.cnbb.org.br\/cnbb-app\/wp\/v2\/media\/28790"}],"wp:attachment":[{"href":"https:\/\/www.cnbb.org.br\/cnbb-app\/wp\/v2\/media?parent=28789"}],"wp:term":[{"taxonomy":"category","embeddable":true,"href":"https:\/\/www.cnbb.org.br\/cnbb-app\/wp\/v2\/categories?post=28789"},{"taxonomy":"post_tag","embeddable":true,"href":"https:\/\/www.cnbb.org.br\/cnbb-app\/wp\/v2\/tags?post=28789"}],"curies":[{"name":"wp","href":"https:\/\/api.w.org\/{rel}","templated":true}]}}